{"id":56004,"date":"2024-04-07T04:21:24","date_gmt":"2024-04-07T04:21:24","guid":{"rendered":"https:\/\/www.bitacoracdmx.com\/?p=56004"},"modified":"2024-04-07T04:22:10","modified_gmt":"2024-04-07T04:22:10","slug":"guzart-espectaculos-presenta-tributo-a-juan-gabriel-en-caruso","status":"publish","type":"post","link":"https:\/\/www.bitacoracdmx.com\/?p=56004","title":{"rendered":"GUZART ESPECT\u00c1CULOS presenta tributo a Juan Gabriel en CARUSO"},"content":{"rendered":"\n<p>     REDACCI\u00d3N<\/p>\n\n\n\n<p>\u25cf\u00a0<em>El evento especial ser\u00e1 con m\u00fasica en vivo y la voz del cantante sonorense Arnoldo Tapia, quien desde el 2022 se encarga de realizar este homenaje al Divo de Ju\u00e1rez.<\/em><\/p>\n\n\n\n<p>\u25cf\u00a0<em>Entre las canciones que se interpretar\u00e1n durante el evento se encuentran las siguientes: Siempre en mi mente, No me vuelvo a enamorar, Costumbres, Yo no nac\u00ed para amar, As\u00ed fue, Abr\u00e1zame muy fuerte, entre muchas m\u00e1s.<\/em><\/p>\n\n\n\n<p>\u25cf\u00a0<em>El show ser\u00e1 presentado el pr\u00f3ximo jueves 26 de abril a las 10 pm en Caruso Concert Hall, en Plaza Punto Maq, avenida Miguel \u00c1ngel de Quevedo 1144, Parque San Andr\u00e9s Coyoac\u00e1n.<\/em><\/p>\n\n\n\n<p>El Divo de Ju\u00e1rez est\u00e1 de regreso. A trav\u00e9s del \u201cTributo a Juan Gabriel\u201d, Guzart Espect\u00e1culos a cargo de Laura Guzm\u00e1n, le rinde homenaje a \u201cJuanga\u201d, la leyenda de la m\u00fasica mexicana que escribi\u00f3 m\u00e1s de 1000 canciones y realiz\u00f3 m\u00e1s de 8 mil presentaciones en todo el mundo.<\/p>\n\n\n\n<p>Alberto Aguilera Valadez, mejor conocido como \u201cJuan Gabriel\u201d, naci\u00f3 el 7 de enero de 1950 en Par\u00e1cuaro, Michoac\u00e1n; y falleci\u00f3 el 28 de agosto de 2016, a los 66 a\u00f1os de edad, dejando un legado musical, pues a trav\u00e9s de su m\u00fasica le cantaba al amor, al desamor, a la fiesta, a la tristeza y a la alegr\u00eda y nunca faltaban sus temas en las celebraciones mexicanas.<\/p>\n\n\n\n<p>Este \u201cTributo a Juan Gabriel\u201d ser\u00e1 este 26 de abril con m\u00fasica en vivo y la voz de Arnoldo Tapia, cantante originario de Ciudad Obreg\u00f3n, Sonora, quien inici\u00f3 su carrera a la corta edad de 9 a\u00f1os, en diferentes festivales regionales.<\/p>\n\n\n\n<p>La voz, La voz M\u00e9xico, La voz azteca, Tv Azteca, Azteca Uno, Top3 La Voz, Belinda, Ricardo Montaner, Mar\u00eda Jos\u00e9, Christian Nodal, The Voice Mexico, La Voz De M\u00e9xico, Semifinal, Team Belinda, Team Mar\u00eda Jos\u00e9, Team Nodal, Team Montaner, Semifinal En La Voz, Canciones En La Voz, La Semifinal The Voice, La Voz Azteca, Tv Azteca La Voz, Cantantes La Voz, Arnoldo Tapia, Arnoldo Tapia Semifinal,<\/p>\n\n\n\n<p>En el\u00a0<strong>Tributo a Juan Gabriel<\/strong>\u00a0rememorar\u00e1 algunos de sus temas m\u00e1s c\u00e9lebres, para alegr\u00eda del coraz\u00f3n de sus seguidores, como las siguientes:\u00a0<em>Siempre en mi mente, No me vuelvo a enamorar, Costumbres, Yo no nac\u00ed para amar, As\u00ed fue, Abr\u00e1zame muy fuerte, entre muchas m\u00e1s.<\/em><\/p>\n\n\n\n<p><strong>Divo inolvidable<\/strong><\/p>\n\n\n\n<p>A casi 8 a\u00f1os de su partida, Juan Gabriel sigue presente en el coraz\u00f3n del p\u00fablico mexicano y ahora estar\u00e1 presente en la voz de Arnoldo Tapia, quien de manera magistral le rinde homenaje a este grande de la m\u00fasica.<\/p>\n\n\n\n<p>En el 2006, Arnoldo Tapia fue apadrinado musicalmente por el fallecido cantante Valent\u00edn Elizalde, nombr\u00e1ndolo como \u201cEl Gallito de Oro\u201d, con quien comparti\u00f3 escenario en el Palenque de Ciudad Obreg\u00f3n; y ese mismo a\u00f1o, Arnoldo realiz\u00f3 su primera producci\u00f3n discogr\u00e1fica de manera independiente.<\/p>\n\n\n\n<p>Desde el 2022, Tapia fue seleccionado para realizar este show tributo a Juan Gabriel, el cual ha presentado en diversos escenarios de la rep\u00fablica mexicana y que 18 de abril se presentar\u00e1 en Caruso\u00a0<em>Concert Hall<\/em>.<\/p>\n\n\n\n<p>En 2023, Arnoldo retom\u00f3 su proyecto musical independiente, haciendo su primer lanzamiento en el g\u00e9nero regional mexicano, con una versi\u00f3n del \u00e9xito de Chayanne \u201cMe enamor\u00e9 de ti\u201d. Actualmente se encuentra grabando su segundo lanzamiento, el cual tendr\u00e1 como fecha de lanzamiento junio del presente a\u00f1o.<\/p>\n\n\n\n<p>El \u201cTributo a Juan Gabriel\u201d ser\u00e1 presentado el pr\u00f3ximo viernes 26 de abril a las 10 pm en Caruso\u00a0<em>Concert Hall<\/em>\u00a0ubicado en Plaza Punto Maq, avenida Miguel \u00c1ngel de Quevedo 1144, Parque San Andr\u00e9s Coyoac\u00e1n. Los boletos tienen un costo de $350 en preventa y $400 precio normal y se pueden adquirir en boletopolis.com<\/p>\n\n\n\n<p><a href=\"https:\/\/www.facebook.com\/hashtag\/juangabriel?__eep__=6&amp;__cft__[0]=AZXZJT-wHTNxIOxM9L3djyvFd3O0NZ6irq6GvreCZoyTEv6x5bIWRSYk9YQPaXoN74sgJP2_S2CqjLq37VO9X786f3I3nJgbslgoxhxeeIt5GztJ0CdvhHbAjBTi5FaP3ks&amp;__tn__=*NK-R\">#JuanGabriel<\/a><\/p>\n\n\n\n<p><a href=\"https:\/\/www.facebook.com\/hashtag\/guzartespectaculos?__eep__=6&amp;__cft__[0]=AZXZJT-wHTNxIOxM9L3djyvFd3O0NZ6irq6GvreCZoyTEv6x5bIWRSYk9YQPaXoN74sgJP2_S2CqjLq37VO9X786f3I3nJgbslgoxhxeeIt5GztJ0CdvhHbAjBTi5FaP3ks&amp;__tn__=*NK-R\">#guzartespectaculos<\/a><\/p>\n\n\n\n<p><a href=\"https:\/\/www.facebook.com\/hashtag\/arnoldotapia?__eep__=6&amp;__cft__[0]=AZXZJT-wHTNxIOxM9L3djyvFd3O0NZ6irq6GvreCZoyTEv6x5bIWRSYk9YQPaXoN74sgJP2_S2CqjLq37VO9X786f3I3nJgbslgoxhxeeIt5GztJ0CdvhHbAjBTi5FaP3ks&amp;__tn__=*NK-R\">#arnoldotapia<\/a><\/p>\n\n\n\n<p><a href=\"https:\/\/www.facebook.com\/hashtag\/carusoconcerthall?__eep__=6&amp;__cft__[0]=AZXZJT-wHTNxIOxM9L3djyvFd3O0NZ6irq6GvreCZoyTEv6x5bIWRSYk9YQPaXoN74sgJP2_S2CqjLq37VO9X786f3I3nJgbslgoxhxeeIt5GztJ0CdvhHbAjBTi5FaP3ks&amp;__tn__=*NK-R\">#carusoconcerthall<\/a><\/p>\n\n\n\n<p><a href=\"https:\/\/www.facebook.com\/hashtag\/plazapuntomaq?__eep__=6&amp;__cft__[0]=AZXZJT-wHTNxIOxM9L3djyvFd3O0NZ6irq6GvreCZoyTEv6x5bIWRSYk9YQPaXoN74sgJP2_S2CqjLq37VO9X786f3I3nJgbslgoxhxeeIt5GztJ0CdvhHbAjBTi5FaP3ks&amp;__tn__=*NK-R\">#plazapuntomaq<\/a><\/p>\n\n\n\n<p><a href=\"https:\/\/www.facebook.com\/hashtag\/bitacoracdmx?__eep__=6&amp;__cft__[0]=AZXZJT-wHTNxIOxM9L3djyvFd3O0NZ6irq6GvreCZoyTEv6x5bIWRSYk9YQPaXoN74sgJP2_S2CqjLq37VO9X786f3I3nJgbslgoxhxeeIt5GztJ0CdvhHbAjBTi5FaP3ks&amp;__tn__=*NK-R\">#bitacoracdmx<\/a><\/p>\n","protected":false},"excerpt":{"rendered":"<p>REDACCI\u00d3N \u25cf\u00a0El evento especial ser\u00e1 con m\u00fasica en vivo y la voz del cantante sonorense Arnoldo Tapia, quien desde el 2022 se encarga de realizar este homenaje al Divo de Ju\u00e1rez. \u25cf\u00a0Entre las canciones que se interpretar\u00e1n durante el evento se encuentran las siguientes: Siempre en mi mente, No me vuelvo a enamorar, Costumbres, Yo no nac\u00ed para amar, As\u00ed fue, Abr\u00e1zame muy fuerte, entre muchas m\u00e1s. \u25cf\u00a0El show ser\u00e1 presentado el pr\u00f3ximo jueves 26 de abril a las 10 pm en Caruso Concert Hall, en Plaza Punto Maq, avenida Miguel \u00c1ngel de Quevedo 1144, Parque San Andr\u00e9s Coyoac\u00e1n. El [&hellip;]<\/p>\n","protected":false},"author":1,"featured_media":56005,"comment_status":"closed","ping_status":"closed","sticky":false,"template":"","format":"standard","meta":{"footnotes":""},"categories":[9,11],"tags":[],"_links":{"self":[{"href":"https:\/\/www.bitacoracdmx.com\/index.php?rest_route=\/wp\/v2\/posts\/56004"}],"collection":[{"href":"https:\/\/www.bitacoracdmx.com\/index.php?rest_route=\/wp\/v2\/posts"}],"about":[{"href":"https:\/\/www.bitacoracdmx.com\/index.php?rest_route=\/wp\/v2\/types\/post"}],"author":[{"embeddable":true,"href":"https:\/\/www.bitacoracdmx.com\/index.php?rest_route=\/wp\/v2\/users\/1"}],"replies":[{"embeddable":true,"href":"https:\/\/www.bitacoracdmx.com\/index.php?rest_route=%2Fwp%2Fv2%2Fcomments&post=56004"}],"version-history":[{"count":1,"href":"https:\/\/www.bitacoracdmx.com\/index.php?rest_route=\/wp\/v2\/posts\/56004\/revisions"}],"predecessor-version":[{"id":56006,"href":"https:\/\/www.bitacoracdmx.com\/index.php?rest_route=\/wp\/v2\/posts\/56004\/revisions\/56006"}],"wp:featuredmedia":[{"embeddable":true,"href":"https:\/\/www.bitacoracdmx.com\/index.php?rest_route=\/wp\/v2\/media\/56005"}],"wp:attachment":[{"href":"https:\/\/www.bitacoracdmx.com\/index.php?rest_route=%2Fwp%2Fv2%2Fmedia&parent=56004"}],"wp:term":[{"taxonomy":"category","embeddable":true,"href":"https:\/\/www.bitacoracdmx.com\/index.php?rest_route=%2Fwp%2Fv2%2Fcategories&post=56004"},{"taxonomy":"post_tag","embeddable":true,"href":"https:\/\/www.bitacoracdmx.com\/index.php?rest_route=%2Fwp%2Fv2%2Ftags&post=56004"}],"curies":[{"name":"wp","href":"https:\/\/api.w.org\/{rel}","templated":true}]}}