{"id":56012,"date":"2024-04-07T04:48:20","date_gmt":"2024-04-07T04:48:20","guid":{"rendered":"https:\/\/www.bitacoracdmx.com\/?p=56012"},"modified":"2024-04-07T04:48:23","modified_gmt":"2024-04-07T04:48:23","slug":"faro-cosmos-realiza-encuentro-de-teatro-dialogos-nodos-y-red","status":"publish","type":"post","link":"https:\/\/www.bitacoracdmx.com\/?p=56012","title":{"rendered":"FARO Cosmos realiza Encuentro de Teatro. Di\u00e1logos, nodos y RED."},"content":{"rendered":"\n<p>     REDACCI\u00d3N<\/p>\n\n\n\n<p><strong>La Red de FAROS y Centros Culturales de la Secretar\u00eda de Cultura de la Ciudad de M\u00e9xico\u00a0<\/strong>en el marco del\u00a0<strong>D\u00eda Mundial del Teatro,\u00a0<\/strong>se complace en darles a conocer el\u00a0<strong>Encuentro de Teatro. Di\u00e1logos, nodos y Red,\u00a0<\/strong>el cual se celebrar\u00e1 el 3,4 y 5 de abril del presente a\u00f1o en FARO Cosmos con m\u00e1s de\u00a0<strong>15 actividades culturales enfocadas a obras de teatro, ponencias\u00a0y talleres de entrada libre\u00a0<\/strong>.<\/p>\n\n\n\n<p><br>El evento ser\u00e1 dividido en tres d\u00edas:\u00a0<\/p>\n\n\n\n<p><strong>&#8211; Mi\u00e9rcoles 3 de abril, a partir de las 12 horas I<\/strong>\u00a0Ponencias, lecturas dramatizadas y talleres como:<\/p>\n\n\n\n<p>1. Comunicaci\u00f3n esc\u00e9nica para no actores2. Producci\u00f3n desde 03. Herramientas para un proyecto teatral comunitario4. Teatro Social5. Hacer: Taller de arte acci\u00f3n para un breve s\u00edmbolo<\/p>\n\n\n\n<p><br><strong>&#8211; Jueves 4 (12 horas) y viernes 5 de abril (13 horas):\u00a0<\/strong>Presentaci\u00f3n de obras de teatro de diferentes colectivos independientes, artistas, promotores culturales, FAROS y Centros Culturales ( FARO Cosmos, FARO Miacatl\u00e1n, FARO Oriente, Centro Cultural Xavier Villaurrutia, Centro Cultural Jos\u00e9 Mart\u00ed, Los Huitlacoches Teatro, BALTEATRO, DVD Recargado, Colectivo Dos Lunas, L.C.E.C.M. DE PILARES, entre otros)<\/p>\n\n\n\n<p><a href=\"https:\/\/www.facebook.com\/hashtag\/reddefaros?__eep__=6&amp;__cft__[0]=AZWVgG2_lTCQq0MhAojYNxfgFpG2McW_86eJK0PEyaYH4JI1th5x7HeL7o5PDyMnIB2Dvd_OnZavYPhAAE4wQU4cfZQ2XNZmuCeVvi7po19czEvLJSiZz-9lqIqmSxE9xwM&amp;__tn__=*NK-R\">#RedDeFaros<\/a><\/p>\n\n\n\n<p><a href=\"https:\/\/www.facebook.com\/hashtag\/diamundialdelteatro?__eep__=6&amp;__cft__[0]=AZWVgG2_lTCQq0MhAojYNxfgFpG2McW_86eJK0PEyaYH4JI1th5x7HeL7o5PDyMnIB2Dvd_OnZavYPhAAE4wQU4cfZQ2XNZmuCeVvi7po19czEvLJSiZz-9lqIqmSxE9xwM&amp;__tn__=*NK-R\">#DiaMundialDelTeatro<\/a><\/p>\n\n\n\n<p><a href=\"https:\/\/www.facebook.com\/hashtag\/bitacoracdmx?__eep__=6&amp;__cft__[0]=AZWVgG2_lTCQq0MhAojYNxfgFpG2McW_86eJK0PEyaYH4JI1th5x7HeL7o5PDyMnIB2Dvd_OnZavYPhAAE4wQU4cfZQ2XNZmuCeVvi7po19czEvLJSiZz-9lqIqmSxE9xwM&amp;__tn__=*NK-R\">#bitacoracdmx<\/a><\/p>\n","protected":false},"excerpt":{"rendered":"<p>REDACCI\u00d3N La Red de FAROS y Centros Culturales de la Secretar\u00eda de Cultura de la Ciudad de M\u00e9xico\u00a0en el marco del\u00a0D\u00eda Mundial del Teatro,\u00a0se complace en darles a conocer el\u00a0Encuentro de Teatro. Di\u00e1logos, nodos y Red,\u00a0el cual se celebrar\u00e1 el 3,4 y 5 de abril del presente a\u00f1o en FARO Cosmos con m\u00e1s de\u00a015 actividades culturales enfocadas a obras de teatro, ponencias\u00a0y talleres de entrada libre\u00a0. El evento ser\u00e1 dividido en tres d\u00edas:\u00a0 &#8211; Mi\u00e9rcoles 3 de abril, a partir de las 12 horas I\u00a0Ponencias, lecturas dramatizadas y talleres como: 1. Comunicaci\u00f3n esc\u00e9nica para no actores2. Producci\u00f3n desde 03. Herramientas [&hellip;]<\/p>\n","protected":false},"author":1,"featured_media":56013,"comment_status":"closed","ping_status":"closed","sticky":false,"template":"","format":"standard","meta":{"footnotes":""},"categories":[5,9,14],"tags":[],"_links":{"self":[{"href":"https:\/\/www.bitacoracdmx.com\/index.php?rest_route=\/wp\/v2\/posts\/56012"}],"collection":[{"href":"https:\/\/www.bitacoracdmx.com\/index.php?rest_route=\/wp\/v2\/posts"}],"about":[{"href":"https:\/\/www.bitacoracdmx.com\/index.php?rest_route=\/wp\/v2\/types\/post"}],"author":[{"embeddable":true,"href":"https:\/\/www.bitacoracdmx.com\/index.php?rest_route=\/wp\/v2\/users\/1"}],"replies":[{"embeddable":true,"href":"https:\/\/www.bitacoracdmx.com\/index.php?rest_route=%2Fwp%2Fv2%2Fcomments&post=56012"}],"version-history":[{"count":1,"href":"https:\/\/www.bitacoracdmx.com\/index.php?rest_route=\/wp\/v2\/posts\/56012\/revisions"}],"predecessor-version":[{"id":56014,"href":"https:\/\/www.bitacoracdmx.com\/index.php?rest_route=\/wp\/v2\/posts\/56012\/revisions\/56014"}],"wp:featuredmedia":[{"embeddable":true,"href":"https:\/\/www.bitacoracdmx.com\/index.php?rest_route=\/wp\/v2\/media\/56013"}],"wp:attachment":[{"href":"https:\/\/www.bitacoracdmx.com\/index.php?rest_route=%2Fwp%2Fv2%2Fmedia&parent=56012"}],"wp:term":[{"taxonomy":"category","embeddable":true,"href":"https:\/\/www.bitacoracdmx.com\/index.php?rest_route=%2Fwp%2Fv2%2Fcategories&post=56012"},{"taxonomy":"post_tag","embeddable":true,"href":"https:\/\/www.bitacoracdmx.com\/index.php?rest_route=%2Fwp%2Fv2%2Ftags&post=56012"}],"curies":[{"name":"wp","href":"https:\/\/api.w.org\/{rel}","templated":true}]}}