{"id":56022,"date":"2024-04-07T05:23:06","date_gmt":"2024-04-07T05:23:06","guid":{"rendered":"https:\/\/www.bitacoracdmx.com\/?p=56022"},"modified":"2024-04-07T05:23:08","modified_gmt":"2024-04-07T05:23:08","slug":"el-huracan-bailable-de-santaferia-llega-al-lunario-del-auditorio-nacional","status":"publish","type":"post","link":"https:\/\/www.bitacoracdmx.com\/?p=56022","title":{"rendered":"El hurac\u00e1n bailable de SANTAFERIA llega al LUNARIO DEL AUDITORIO NACIONAL"},"content":{"rendered":"\n<p>     REDACCI\u00d3N<\/p>\n\n\n\n<p><em>*Se presentan el pr\u00f3ximo domingo 9 de junio, el Lunario del Auditorio Nacional a las 7pm<\/em><\/p>\n\n\n\n<p><em>*Los boletos para este evento \u00fanico est\u00e1n disponibles en Ticketmaster y en la taquilla del Auditorio Nacional<\/em><\/p>\n\n\n\n<p>El pr\u00f3ximo domingo 9 de junio, el Lunario del Auditorio Nacional se vestir\u00e1 de fiesta para recibir por primera vez al fen\u00f3meno musical latinoamericano: Santaferia. Con un espect\u00e1culo que promete ser inolvidable, la banda chilena traer\u00e1 su \u201cHurac\u00e1n Bailable\u201d a uno de los recintos m\u00e1s emblem\u00e1ticos de M\u00e9xico, en un evento que ser\u00e1 hist\u00f3rico para los asistentes privilegiados. Los boletos para este evento \u00fanico est\u00e1n disponibles en Ticketmaster y en la taquilla del Auditorio Nacional.<\/p>\n\n\n\n<p>Para este show presentan su nuevo sencillo \u201cVete por donde vnioste\u201d junto a los Caligaris. \u201cVete Por Donde Viniste\u201d es una canci\u00f3n que aborda la experiencia de una ruptura dolorosa, donde las mentiras de tu expareja se hacen evidentes. La canci\u00f3n toca temas de desilusi\u00f3n, ira y rabia que se generan al enga\u00f1arse profundamente con alguien que al final no comparte los mismos sentimientos. Santaferia de Chile y Los Caligaris de Argentina se unen para expresar estos sentimientos de una manera \u00fanica: a trav\u00e9s de la cumbia y la bachata.<\/p>\n\n\n\n<p>La apuesta de Santaferia siempre ha sido un viaje musical desde Santiago de Chile. Originarios de Santiago, Santaferia ha conquistado corazones con su mezcla vibrante de rock, ska y cumbia, creando un sonido \u00fanico que invita a la celebraci\u00f3n. Desde su formaci\u00f3n en 2006, han sido pioneros en la m\u00fasica latina contempor\u00e1nea, manteniendo un enfoque ecl\u00e9ctico que les ha permitido resonar en toda Am\u00e9rica Latina.<\/p>\n\n\n\n<p>El concierto en el Lunario no ser\u00e1 solo una presentaci\u00f3n de \u00e9xitos, sino una experiencia compartida, donde la m\u00fasica de Santaferia se convierte en un puente entre la banda y su p\u00fablico. Con colaboraciones que han enriquecido su repertorio, Santaferia ha demostrado su versatilidad y disposici\u00f3n para explorar nuevas dimensiones musicales.<\/p>\n\n\n\n<p>Durante este show sonar\u00e1n varios \u00e9xitos que resuenan en la memoria colectiva, con canciones como \u201cMal amor\u201d, \u201cEn el ojo del hurac\u00e1n\u201d, \u201cQue te vaya bien\u201d, \u201cCumbia casera\u201d y \u201cAlg\u00fan d\u00eda volver\u00e1s\u201d, han marcado un hito en la m\u00fasica regional, acumulando un gran n\u00famero de reproducciones en plataformas digitales y creando recuerdos imborrables para sus seguidores.<\/p>\n\n\n\n<p>Lo suyo ha sido una trayectoria de \u00e9xitos, con cuatro \u00e1lbumes en su haber, Santaferia ha mantenido una coherencia art\u00edstica mientras explora nuevos horizontes sonoros. Su m\u00fasica refleja una evoluci\u00f3n constante, capturando la esencia \u00fanica de la banda en cada etapa. Los premios MUSA 2020 y Pulsar 2021 son testimonio de su impacto y trayectoria musical.<\/p>\n\n\n\n<p>Santaferia es un fen\u00f3meno cultural que trasciende fronteras, se ha convertido en un fen\u00f3meno cultural que ha trascendido barreras generacionales y geogr\u00e1ficas. Su capacidad para evolucionar y conectar con el p\u00fablico los posiciona como verdaderos arquitectos de la escena musical.<\/p>\n\n\n\n<p>Los boletos para este evento \u00fanico est\u00e1n disponibles en Ticketmaster y en la taquilla del Auditorio Nacional. No pierdas la oportunidad de ser parte de esta celebraci\u00f3n musical que promete ser un hito en la historia del Lunario del Auditorio Nacional el pr\u00f3ximo domingo 09 de junio. \u00a1Te esperamos a las 19:00 hrs para vivir juntos la magia de Santaferia!<\/p>\n\n\n\n<p><a href=\"https:\/\/www.facebook.com\/hashtag\/santaferia?__eep__=6&amp;__cft__[0]=AZX9wqxlMPxX7R5rXrSIvas_wtGFgZLdUsoXWU3A2wZ_WvO5oL4PQpcRdPYVvLktzL3gVwmPKSknVVjcEdjQSIka8Q2sbh2ZNQ9S2Ws_8yB-SdFXKWBdEPbdH0Wv1UvMjGQ&amp;__tn__=*NK-R\">#santaferia<\/a><\/p>\n\n\n\n<p><a href=\"https:\/\/www.facebook.com\/hashtag\/lunariodelauditorionacional?__eep__=6&amp;__cft__[0]=AZX9wqxlMPxX7R5rXrSIvas_wtGFgZLdUsoXWU3A2wZ_WvO5oL4PQpcRdPYVvLktzL3gVwmPKSknVVjcEdjQSIka8Q2sbh2ZNQ9S2Ws_8yB-SdFXKWBdEPbdH0Wv1UvMjGQ&amp;__tn__=*NK-R\">#lunariodelauditorionacional<\/a><\/p>\n\n\n\n<p><a href=\"https:\/\/www.facebook.com\/hashtag\/ticketmaster?__eep__=6&amp;__cft__[0]=AZX9wqxlMPxX7R5rXrSIvas_wtGFgZLdUsoXWU3A2wZ_WvO5oL4PQpcRdPYVvLktzL3gVwmPKSknVVjcEdjQSIka8Q2sbh2ZNQ9S2Ws_8yB-SdFXKWBdEPbdH0Wv1UvMjGQ&amp;__tn__=*NK-R\">#ticketmaster<\/a><\/p>\n\n\n\n<p><a href=\"https:\/\/www.facebook.com\/hashtag\/bitacoracdmx?__eep__=6&amp;__cft__[0]=AZX9wqxlMPxX7R5rXrSIvas_wtGFgZLdUsoXWU3A2wZ_WvO5oL4PQpcRdPYVvLktzL3gVwmPKSknVVjcEdjQSIka8Q2sbh2ZNQ9S2Ws_8yB-SdFXKWBdEPbdH0Wv1UvMjGQ&amp;__tn__=*NK-R\">#bitacoracdmx<\/a><\/p>\n","protected":false},"excerpt":{"rendered":"<p>REDACCI\u00d3N *Se presentan el pr\u00f3ximo domingo 9 de junio, el Lunario del Auditorio Nacional a las 7pm *Los boletos para este evento \u00fanico est\u00e1n disponibles en Ticketmaster y en la taquilla del Auditorio Nacional El pr\u00f3ximo domingo 9 de junio, el Lunario del Auditorio Nacional se vestir\u00e1 de fiesta para recibir por primera vez al fen\u00f3meno musical latinoamericano: Santaferia. Con un espect\u00e1culo que promete ser inolvidable, la banda chilena traer\u00e1 su \u201cHurac\u00e1n Bailable\u201d a uno de los recintos m\u00e1s emblem\u00e1ticos de M\u00e9xico, en un evento que ser\u00e1 hist\u00f3rico para los asistentes privilegiados. Los boletos para este evento \u00fanico est\u00e1n disponibles [&hellip;]<\/p>\n","protected":false},"author":1,"featured_media":56023,"comment_status":"closed","ping_status":"closed","sticky":false,"template":"","format":"standard","meta":{"footnotes":""},"categories":[9,11],"tags":[],"_links":{"self":[{"href":"https:\/\/www.bitacoracdmx.com\/index.php?rest_route=\/wp\/v2\/posts\/56022"}],"collection":[{"href":"https:\/\/www.bitacoracdmx.com\/index.php?rest_route=\/wp\/v2\/posts"}],"about":[{"href":"https:\/\/www.bitacoracdmx.com\/index.php?rest_route=\/wp\/v2\/types\/post"}],"author":[{"embeddable":true,"href":"https:\/\/www.bitacoracdmx.com\/index.php?rest_route=\/wp\/v2\/users\/1"}],"replies":[{"embeddable":true,"href":"https:\/\/www.bitacoracdmx.com\/index.php?rest_route=%2Fwp%2Fv2%2Fcomments&post=56022"}],"version-history":[{"count":1,"href":"https:\/\/www.bitacoracdmx.com\/index.php?rest_route=\/wp\/v2\/posts\/56022\/revisions"}],"predecessor-version":[{"id":56024,"href":"https:\/\/www.bitacoracdmx.com\/index.php?rest_route=\/wp\/v2\/posts\/56022\/revisions\/56024"}],"wp:featuredmedia":[{"embeddable":true,"href":"https:\/\/www.bitacoracdmx.com\/index.php?rest_route=\/wp\/v2\/media\/56023"}],"wp:attachment":[{"href":"https:\/\/www.bitacoracdmx.com\/index.php?rest_route=%2Fwp%2Fv2%2Fmedia&parent=56022"}],"wp:term":[{"taxonomy":"category","embeddable":true,"href":"https:\/\/www.bitacoracdmx.com\/index.php?rest_route=%2Fwp%2Fv2%2Fcategories&post=56022"},{"taxonomy":"post_tag","embeddable":true,"href":"https:\/\/www.bitacoracdmx.com\/index.php?rest_route=%2Fwp%2Fv2%2Ftags&post=56022"}],"curies":[{"name":"wp","href":"https:\/\/api.w.org\/{rel}","templated":true}]}}