{"id":56028,"date":"2024-04-07T05:40:21","date_gmt":"2024-04-07T05:40:21","guid":{"rendered":"https:\/\/www.bitacoracdmx.com\/?p=56028"},"modified":"2024-04-07T05:40:23","modified_gmt":"2024-04-07T05:40:23","slug":"senoras-punk-el-podcast-en-vivo","status":"publish","type":"post","link":"https:\/\/www.bitacoracdmx.com\/?p=56028","title":{"rendered":"Se\u00f1oras Punk, el podcast en vivo"},"content":{"rendered":"\n<p>     REDACCI\u00d3N<\/p>\n\n\n\n<h3 class=\"wp-block-heading\">12 DE MAYO \u2013 LUNARIO DEL AUDITORIO NACIONAL<\/h3>\n\n\n\n<h3 class=\"wp-block-heading\">Preventa Citibanamex: 4 de abril, 11:00 a.m.<\/h3>\n\n\n\n<p>\u00a1Amantes de las charlas chidas y los temas interesantes, prep\u00e1rense para un encuentro muy especial!&nbsp;<strong>Se\u00f1oras Punk<\/strong>, el famoso podcast de Ileana Rodr\u00edguez \u201cReclu\u201d y Amanda Escalante \u201cAmandititita\u201d, llega en vivo y en directo al&nbsp;<strong>Lunario del Auditorio Nacional<\/strong>&nbsp;el pr\u00f3ximo&nbsp;<strong>12 de mayo.<\/strong>&nbsp;\u00bfEst\u00e1n listos para una noche llena de buena vibra?<\/p>\n\n\n\n<p>Con una pl\u00e1tica chida empieza la rebeli\u00f3n, y eso es precisamente lo que encontrar\u00e1s en el podcast:&nbsp;<strong>Se\u00f1oras Punk.<\/strong>&nbsp;Acomp\u00e1\u00f1anos en este encuentro en vivo donde abordaremos temas interesantes, compartiremos an\u00e9cdotas y, sobre todo, nos divertiremos juntxs.<\/p>\n\n\n\n<p>Reclu es una amante de la cultura pop desde hace casi dos d\u00e9cadas. Con una trayectoria de casi 20 a\u00f1os como conductora de radio y televisi\u00f3n, comenz\u00f3 su carrera en Radioactivo 98.5 y, desde entonces, ha estado involucrada en proyectos como Reactor 105.7 y La Hora Nacional.<\/p>\n\n\n\n<p>Amanda Escalante, tambi\u00e9n conocida como Amandititita, es una talentosa escritora y cantautora mexicana originaria de Tampico, Tamaulipas. Con tres exitosos discos y una destacada presencia en festivales nacionales e internacionales, se ha convertido en una de las cronistas urbanas m\u00e1s populares de su tiempo.<\/p>\n\n\n\n<p>\u00a1Nos vemos el\u00a0<strong>12 de mayo en el Lunario del Auditorio Nacional<\/strong>\u00a0para una noche llena de charlas fascinantes y buena vibra con\u00a0<strong>Se\u00f1oras Punk<\/strong>! Los boletos para este evento estar\u00e1n disponibles en\u00a0<strong>preventa Citibanamex a partir del 4 de abril,\u00a0<\/strong>y al d\u00eda siguiente los podr\u00e1s adquirir en las taquillas del inmueble o a trav\u00e9s de\u00a0<a href=\"http:\/\/www.ticketmaster.com.mx\/\"><strong>www.ticketmaster.com.mx<\/strong><\/a><strong>.<\/strong>\u00a0\u00a1No te quedes fuera de esta experiencia \u00fanica!<\/p>\n\n\n\n<p><a href=\"https:\/\/www.facebook.com\/hashtag\/se%C3%B1oraspunk?__eep__=6&amp;__cft__[0]=AZUmkcrP-Yp8yDlgZU2KbSCqchba8hmEqPxt4UtgweKaVSwTjE9L_GqlrwNIbzmDhItjEymnWp4gK0HHkdTfb3Sn7JjgJssKiX9n4md9hgzqSAgzwYGpmJ9vTykV8liEvy4&amp;__tn__=*NK-R\">#se\u00f1oraspunk<\/a><\/p>\n\n\n\n<p><a href=\"https:\/\/www.facebook.com\/hashtag\/lunariodelauditorionacional?__eep__=6&amp;__cft__[0]=AZUmkcrP-Yp8yDlgZU2KbSCqchba8hmEqPxt4UtgweKaVSwTjE9L_GqlrwNIbzmDhItjEymnWp4gK0HHkdTfb3Sn7JjgJssKiX9n4md9hgzqSAgzwYGpmJ9vTykV8liEvy4&amp;__tn__=*NK-R\">#lunariodelauditorionacional<\/a><\/p>\n\n\n\n<p><a href=\"https:\/\/www.facebook.com\/hashtag\/ocesa?__eep__=6&amp;__cft__[0]=AZUmkcrP-Yp8yDlgZU2KbSCqchba8hmEqPxt4UtgweKaVSwTjE9L_GqlrwNIbzmDhItjEymnWp4gK0HHkdTfb3Sn7JjgJssKiX9n4md9hgzqSAgzwYGpmJ9vTykV8liEvy4&amp;__tn__=*NK-R\">#OCESA<\/a><\/p>\n\n\n\n<p><a href=\"https:\/\/www.facebook.com\/hashtag\/ticketmaster?__eep__=6&amp;__cft__[0]=AZUmkcrP-Yp8yDlgZU2KbSCqchba8hmEqPxt4UtgweKaVSwTjE9L_GqlrwNIbzmDhItjEymnWp4gK0HHkdTfb3Sn7JjgJssKiX9n4md9hgzqSAgzwYGpmJ9vTykV8liEvy4&amp;__tn__=*NK-R\">#ticketmaster<\/a><\/p>\n\n\n\n<p><a href=\"https:\/\/www.facebook.com\/hashtag\/bitacoracdmx?__eep__=6&amp;__cft__[0]=AZUmkcrP-Yp8yDlgZU2KbSCqchba8hmEqPxt4UtgweKaVSwTjE9L_GqlrwNIbzmDhItjEymnWp4gK0HHkdTfb3Sn7JjgJssKiX9n4md9hgzqSAgzwYGpmJ9vTykV8liEvy4&amp;__tn__=*NK-R\">#bitacoracdmx<\/a><\/p>\n","protected":false},"excerpt":{"rendered":"<p>REDACCI\u00d3N 12 DE MAYO \u2013 LUNARIO DEL AUDITORIO NACIONAL Preventa Citibanamex: 4 de abril, 11:00 a.m. \u00a1Amantes de las charlas chidas y los temas interesantes, prep\u00e1rense para un encuentro muy especial!&nbsp;Se\u00f1oras Punk, el famoso podcast de Ileana Rodr\u00edguez \u201cReclu\u201d y Amanda Escalante \u201cAmandititita\u201d, llega en vivo y en directo al&nbsp;Lunario del Auditorio Nacional&nbsp;el pr\u00f3ximo&nbsp;12 de mayo.&nbsp;\u00bfEst\u00e1n listos para una noche llena de buena vibra? Con una pl\u00e1tica chida empieza la rebeli\u00f3n, y eso es precisamente lo que encontrar\u00e1s en el podcast:&nbsp;Se\u00f1oras Punk.&nbsp;Acomp\u00e1\u00f1anos en este encuentro en vivo donde abordaremos temas interesantes, compartiremos an\u00e9cdotas y, sobre todo, nos divertiremos juntxs. Reclu [&hellip;]<\/p>\n","protected":false},"author":1,"featured_media":56029,"comment_status":"closed","ping_status":"closed","sticky":false,"template":"","format":"standard","meta":{"footnotes":""},"categories":[7,9],"tags":[],"_links":{"self":[{"href":"https:\/\/www.bitacoracdmx.com\/index.php?rest_route=\/wp\/v2\/posts\/56028"}],"collection":[{"href":"https:\/\/www.bitacoracdmx.com\/index.php?rest_route=\/wp\/v2\/posts"}],"about":[{"href":"https:\/\/www.bitacoracdmx.com\/index.php?rest_route=\/wp\/v2\/types\/post"}],"author":[{"embeddable":true,"href":"https:\/\/www.bitacoracdmx.com\/index.php?rest_route=\/wp\/v2\/users\/1"}],"replies":[{"embeddable":true,"href":"https:\/\/www.bitacoracdmx.com\/index.php?rest_route=%2Fwp%2Fv2%2Fcomments&post=56028"}],"version-history":[{"count":1,"href":"https:\/\/www.bitacoracdmx.com\/index.php?rest_route=\/wp\/v2\/posts\/56028\/revisions"}],"predecessor-version":[{"id":56030,"href":"https:\/\/www.bitacoracdmx.com\/index.php?rest_route=\/wp\/v2\/posts\/56028\/revisions\/56030"}],"wp:featuredmedia":[{"embeddable":true,"href":"https:\/\/www.bitacoracdmx.com\/index.php?rest_route=\/wp\/v2\/media\/56029"}],"wp:attachment":[{"href":"https:\/\/www.bitacoracdmx.com\/index.php?rest_route=%2Fwp%2Fv2%2Fmedia&parent=56028"}],"wp:term":[{"taxonomy":"category","embeddable":true,"href":"https:\/\/www.bitacoracdmx.com\/index.php?rest_route=%2Fwp%2Fv2%2Fcategories&post=56028"},{"taxonomy":"post_tag","embeddable":true,"href":"https:\/\/www.bitacoracdmx.com\/index.php?rest_route=%2Fwp%2Fv2%2Ftags&post=56028"}],"curies":[{"name":"wp","href":"https:\/\/api.w.org\/{rel}","templated":true}]}}