{"id":56042,"date":"2024-04-12T03:20:37","date_gmt":"2024-04-12T03:20:37","guid":{"rendered":"https:\/\/www.bitacoracdmx.com\/?p=56042"},"modified":"2024-04-12T03:20:39","modified_gmt":"2024-04-12T03:20:39","slug":"vicky-gastelo-y-daniel-hare-dos-voces-un-encuentro-musical-en-mexico-que-no-dejara-impavido-a-nadie-2","status":"publish","type":"post","link":"https:\/\/www.bitacoracdmx.com\/?p=56042","title":{"rendered":"VICKY GASTELO y DANIEL HARE: Dos voces, un encuentro musical en M\u00c9XICO que no dejar\u00e1 imp\u00e1vido a nadie"},"content":{"rendered":"\n<p>     REDACCI\u00d3N<\/p>\n\n\n\n<p>Dos voces espa\u00f1olas que se unen para visitar M\u00e9xico, Vicky Gastelo y Daniel Hare, son autores y compositores, que presentar\u00e1n sus canciones por primera vez juntos y en formato ac\u00fastico, durante su visita al pa\u00eds en el marco de su gira \u201cDel otro lado\u201d. Paras dicho recital, adem\u00e1s de una magna presentaci\u00f3n en la Ciudad de M\u00e9xico el pr\u00f3ximo Jueves 11 de Abril en el Foro Tejedor, adem\u00e1s de otras presentaciones que arrancan este S\u00e1bado 06 de Abril en Puebla en el Breve Espacio; para seguir con su gira el Mi\u00e9rcoles 10 de Abril en Le\u00f3n; luego un d\u00eda despu\u00e9s su show en el Foro El Tejedor en CDMX;&nbsp; continuando el Viernes 12 de Abril en Quer\u00e9taro en el \u00c1rbol y por \u00faltimo el S\u00e1bado 13 de Abril en La Capital en Monterrey.<\/p>\n\n\n\n<p>Es la oportunidad de que el exigente p\u00fablico mexicano se sumerja en una experiencia musical \u00fanica con el encuentro de dos brillantes voces espa\u00f1olas, Vicky Gastelo y Daniel Hare, que llegan a M\u00e9xico a plasmar su esencia. Estos talentosos autores y compositores compartir\u00e1n sus cautivadoras canciones en un formato ac\u00fastico, creando un ambiente \u00edntimo y especial para su audiencia. Desde la poes\u00eda l\u00edrica hasta la emoci\u00f3n pura, Vicky y Daniel te invitan a ser parte de este encuentro musical que promete sorpresas y momentos inolvidables.<\/p>\n\n\n\n<p>Vicky Gastelo, reconocida por su destacada trayectoria como cantautora, comenz\u00f3 su camino en la m\u00fasica desde una edad temprana, desarrollando su pasi\u00f3n por la composici\u00f3n y el canto. Su talento la llev\u00f3 a firmar con importantes sellos discogr\u00e1ficos como Sony Music y Warner Chappel Spain, y a colaborar con reconocidos artistas como Pastora Soler, Marta S\u00e1nchez, y Mal\u00fa, entre otros. Con seis discos de estudio y numerosas colaboraciones, Gastelo se ha consolidado como una de las mejores compositoras de Espa\u00f1a, recibiendo elogios de la cr\u00edtica y el reconocimiento del p\u00fablico.<\/p>\n\n\n\n<p>Por otro lado, Daniel Hare, ingeniero de telecomunicaciones convertido en m\u00fasico, ha cautivado a audiencias con su singular estilo y su profundo talento. Despu\u00e9s de a\u00f1os de tocar en bares y festivales, Hare lanz\u00f3 su \u00e1lbum &#8220;D\u00eda D, Hora H&#8221;, que r\u00e1pidamente se convirti\u00f3 en un \u00e9xito, impulsado por el apoyo de sus seguidores a trav\u00e9s de crowdfunding. Su m\u00fasica, que combina elementos de folk, rock y pop, ha conquistado corazones y ha sido elogiada por su autenticidad y emotividad.<\/p>\n\n\n\n<p>El encuentro entre Vicky Gastelo y Daniel Hare en M\u00e9xico promete ser una experiencia musical inolvidable. Juntos, compartir\u00e1n el escenario en un formato ac\u00fastico, creando un ambiente \u00edntimo donde sus cautivadoras canciones cobrar\u00e1n vida. Desde baladas emocionales hasta ritmos en\u00e9rgicos, este d\u00fao ofrecer\u00e1 un repertorio variado que deleitar\u00e1 a los amantes de la buena m\u00fasica.<\/p>\n\n\n\n<p>Esta gira representa una oportunidad \u00fanica para el p\u00fablico mexicano de disfrutar del talento y la pasi\u00f3n de dos destacados artistas espa\u00f1oles. No te pierdas la oportunidad de ser parte de este encuentro musical que promete sorprender y emocionar a todos los asistentes.<\/p>\n\n\n\n<p><strong>\u00a1Prep\u00e1rate para vivir una experiencia musical inolvidable con Vicky Gastelo y Daniel Hare en M\u00e9xico! La gira arranca este este S\u00e1bado 06 de Abril en Puebla en el Breve Espacio; para seguir el Mi\u00e9rcoles 10 de Abril en Le\u00f3n; luego un d\u00eda despu\u00e9s su show en el Foro El Tejedor en CDMX; continuando el Viernes 12 de Abril en Quer\u00e9taro en el \u00c1rbol y por \u00faltimo el S\u00e1bado 13 de Abril en La Capital en Monterrey.<\/strong><\/p>\n\n\n\n<p><a href=\"https:\/\/www.facebook.com\/hashtag\/vickygastelo?__eep__=6&amp;__cft__[0]=AZVX76he8NYRrMQLUbq0HgCaVFZJwRjyPV9HEICagOjOj5mgc7FEzaDpc0IcatL2PxcurQW5GZKCAUe5hYvlCTQXx9Kdes3rcF5NN-gC90B0QA6S98xJycju9ROqnVLy2Tc&amp;__tn__=*NK-R\">#vickygastelo<\/a><\/p>\n\n\n\n<p><a href=\"https:\/\/www.facebook.com\/hashtag\/danielhare?__eep__=6&amp;__cft__[0]=AZVX76he8NYRrMQLUbq0HgCaVFZJwRjyPV9HEICagOjOj5mgc7FEzaDpc0IcatL2PxcurQW5GZKCAUe5hYvlCTQXx9Kdes3rcF5NN-gC90B0QA6S98xJycju9ROqnVLy2Tc&amp;__tn__=*NK-R\">#danielhare<\/a><\/p>\n\n\n\n<p><a href=\"https:\/\/www.facebook.com\/hashtag\/elforodeltejedor?__eep__=6&amp;__cft__[0]=AZVX76he8NYRrMQLUbq0HgCaVFZJwRjyPV9HEICagOjOj5mgc7FEzaDpc0IcatL2PxcurQW5GZKCAUe5hYvlCTQXx9Kdes3rcF5NN-gC90B0QA6S98xJycju9ROqnVLy2Tc&amp;__tn__=*NK-R\">#ElForoDelTejedor<\/a><\/p>\n\n\n\n<p><a href=\"https:\/\/www.facebook.com\/hashtag\/bitacoracdmx?__eep__=6&amp;__cft__[0]=AZVX76he8NYRrMQLUbq0HgCaVFZJwRjyPV9HEICagOjOj5mgc7FEzaDpc0IcatL2PxcurQW5GZKCAUe5hYvlCTQXx9Kdes3rcF5NN-gC90B0QA6S98xJycju9ROqnVLy2Tc&amp;__tn__=*NK-R\">#bitacoracdmx<\/a><\/p>\n","protected":false},"excerpt":{"rendered":"<p>REDACCI\u00d3N Dos voces espa\u00f1olas que se unen para visitar M\u00e9xico, Vicky Gastelo y Daniel Hare, son autores y compositores, que presentar\u00e1n sus canciones por primera vez juntos y en formato ac\u00fastico, durante su visita al pa\u00eds en el marco de su gira \u201cDel otro lado\u201d. Paras dicho recital, adem\u00e1s de una magna presentaci\u00f3n en la Ciudad de M\u00e9xico el pr\u00f3ximo Jueves 11 de Abril en el Foro Tejedor, adem\u00e1s de otras presentaciones que arrancan este S\u00e1bado 06 de Abril en Puebla en el Breve Espacio; para seguir con su gira el Mi\u00e9rcoles 10 de Abril en Le\u00f3n; luego un d\u00eda [&hellip;]<\/p>\n","protected":false},"author":1,"featured_media":56043,"comment_status":"closed","ping_status":"closed","sticky":false,"template":"","format":"standard","meta":{"footnotes":""},"categories":[9,11],"tags":[],"_links":{"self":[{"href":"https:\/\/www.bitacoracdmx.com\/index.php?rest_route=\/wp\/v2\/posts\/56042"}],"collection":[{"href":"https:\/\/www.bitacoracdmx.com\/index.php?rest_route=\/wp\/v2\/posts"}],"about":[{"href":"https:\/\/www.bitacoracdmx.com\/index.php?rest_route=\/wp\/v2\/types\/post"}],"author":[{"embeddable":true,"href":"https:\/\/www.bitacoracdmx.com\/index.php?rest_route=\/wp\/v2\/users\/1"}],"replies":[{"embeddable":true,"href":"https:\/\/www.bitacoracdmx.com\/index.php?rest_route=%2Fwp%2Fv2%2Fcomments&post=56042"}],"version-history":[{"count":1,"href":"https:\/\/www.bitacoracdmx.com\/index.php?rest_route=\/wp\/v2\/posts\/56042\/revisions"}],"predecessor-version":[{"id":56044,"href":"https:\/\/www.bitacoracdmx.com\/index.php?rest_route=\/wp\/v2\/posts\/56042\/revisions\/56044"}],"wp:featuredmedia":[{"embeddable":true,"href":"https:\/\/www.bitacoracdmx.com\/index.php?rest_route=\/wp\/v2\/media\/56043"}],"wp:attachment":[{"href":"https:\/\/www.bitacoracdmx.com\/index.php?rest_route=%2Fwp%2Fv2%2Fmedia&parent=56042"}],"wp:term":[{"taxonomy":"category","embeddable":true,"href":"https:\/\/www.bitacoracdmx.com\/index.php?rest_route=%2Fwp%2Fv2%2Fcategories&post=56042"},{"taxonomy":"post_tag","embeddable":true,"href":"https:\/\/www.bitacoracdmx.com\/index.php?rest_route=%2Fwp%2Fv2%2Ftags&post=56042"}],"curies":[{"name":"wp","href":"https:\/\/api.w.org\/{rel}","templated":true}]}}