{"id":56045,"date":"2024-04-12T03:27:47","date_gmt":"2024-04-12T03:27:47","guid":{"rendered":"https:\/\/www.bitacoracdmx.com\/?p=56045"},"modified":"2024-04-12T03:27:49","modified_gmt":"2024-04-12T03:27:49","slug":"gerry-lopez-estrena-no-way-back-y-se-presentara-en-jazzatlan","status":"publish","type":"post","link":"https:\/\/www.bitacoracdmx.com\/?p=56045","title":{"rendered":"GERRY L\u00d3PEZ estrena NO WAY BACK y se presentar\u00e1 en JAZZATL\u00c1N"},"content":{"rendered":"\n<p>REDACCI\u00d3N<\/p>\n\n\n\n<p>\u2022&nbsp;<strong>El nuevo \u00e1lbum de Gerry L\u00f3pez, titulado &#8220;No Way Back&#8221;, se ha&nbsp; establecido como un referente del latin jazz contempor\u00e1neo, seg\u00fan&nbsp; cr\u00edticas internacionales.&nbsp;<\/strong><\/p>\n\n\n\n<p>\u2022\u00a0<strong>El saxofonista se presentar\u00e1 en Jazzatl\u00e1n Capital,\u00a0<\/strong><strong>los d\u00edas 12 y 13 de abril.\u00a0<\/strong><\/p>\n\n\n\n<p>No Way Back, el nuevo disco de Gerry L\u00f3pez, fue grabado en el emblem\u00e1,co estudio Abdala&nbsp; en La Habana, Cuba, donde el saxofonista mexicano&nbsp; reuni\u00f3 a m\u00fasicos de&nbsp; renombre, como&nbsp; Horacio&nbsp; &#8220;El&nbsp; Negro&#8221;&nbsp; Hern\u00e1ndez&nbsp; en&nbsp; la&nbsp; bater\u00eda,&nbsp; Miguel&nbsp; &#8220;Wiwi&#8221;&nbsp; Garc\u00eda&nbsp; en&nbsp; el&nbsp; piano,&nbsp; la&nbsp; percusionista&nbsp; Yuya&nbsp; Rodr\u00edguez&nbsp; (ganadora&nbsp; del&nbsp; concurso&nbsp; internacional&nbsp; \u00a8La&nbsp; Fiesta&nbsp; del&nbsp; Tambor&nbsp; 2020\u00a8) y el reconocido cantante Alain P\u00e9rez. El \u00e1lbum cont\u00f3 con la producci\u00f3n de John Lee y&nbsp; la producci\u00f3n ejecutiva de Elizabeth Escamilla.&nbsp;<\/p>\n\n\n\n<p>No Way Back re\u00fane 8 temas, a los que L\u00f3pez imprime los sonidos de sus ra\u00edces, con %ntes de&nbsp; ritmos&nbsp; afrocubanos,&nbsp; son&nbsp; jarocho,&nbsp; bolero,&nbsp; mambo&nbsp; y&nbsp; rumba,&nbsp; acentuando&nbsp; ma,ces&nbsp; de&nbsp; su&nbsp; influencia en la m\u00fasica europea, la improvisaci\u00f3n libre y el lirismo mexicano en sus melod\u00edas. Como resultado, el disco ha recibido elogios de excelencia en pa\u00edses como Francia, Espa\u00f1a,&nbsp; Suiza, Canad\u00e1, Estados Unidos y en Latinoam\u00e9rica.&nbsp;&nbsp;<\/p>\n\n\n\n<p>Actualmente, el saxofonista mexicano se encuentra de gira promocional por Europa y llegar\u00e1\u00a0 a tierras mexicanas para ofrecer dos conciertos en Jazzatl\u00e1n Capital en la Ciudad de M\u00e9xico,\u00a0 los pr\u00f3ximos 12 y 13 de abril.\u00a0<\/p>\n\n\n\n<p>Gerry&nbsp; L\u00f3pez,&nbsp; saxofonista,&nbsp; compositor,&nbsp; arreglista&nbsp; y&nbsp; productor mexicano,&nbsp; ha estado&nbsp; radicado&nbsp; en&nbsp; Europa&nbsp; desde&nbsp; 2011.&nbsp; A&nbsp; lo&nbsp; largo&nbsp; de&nbsp; su&nbsp; carrera,&nbsp; ha&nbsp; lanzado&nbsp; seis&nbsp; \u00e1lbumes&nbsp; como&nbsp; solista,&nbsp; explorando&nbsp; un&nbsp; amplio&nbsp; espectro&nbsp; sonoro&nbsp; que&nbsp; abarca&nbsp; desde&nbsp; la&nbsp; tradici\u00f3n&nbsp; del&nbsp; jazz&nbsp; hasta&nbsp; la&nbsp; improvisaci\u00f3n&nbsp; libre y&nbsp; la m\u00fasica&nbsp; tradicional&nbsp; de&nbsp; sus&nbsp; ra\u00edces&nbsp; la0nas,&nbsp; como&nbsp; la m\u00fasica&nbsp; cubana&nbsp; y&nbsp; mexicana. Adem\u00e1s&nbsp; de&nbsp; su&nbsp; trabajo&nbsp; como&nbsp; solista,&nbsp; Gerry&nbsp; ha&nbsp; colaborado&nbsp; en&nbsp; m\u00e1s&nbsp; de&nbsp; 100&nbsp; grabaciones con m\u00fasicos de renombre en Estados Unidos, como John Lee y Brian Lynch, as\u00ed&nbsp;<\/p>\n\n\n\n<p>como en Europa, con figuras como&nbsp; Joan Chamorro, Fran\u00e7ois Lindemann y Baptiste Herbin,&nbsp; entre otros.&nbsp;<\/p>\n\n\n\n<p>Desde&nbsp; temprana&nbsp; edad,&nbsp; Gerry&nbsp; L\u00f3pez&nbsp; mostr\u00f3&nbsp; una&nbsp; sensibilidad&nbsp; especial&nbsp; por&nbsp; la&nbsp; m\u00fasica,&nbsp; especialmente por el piano y la m\u00fasica cl\u00e1sica. A los 12 a\u00f1os, por&nbsp; recomendaci\u00f3n m\u00e9dica,&nbsp; comenz\u00f3 una terapia para fortalecer su sistema respiratorio, descubriendo as\u00ed el saxof\u00f3n y el&nbsp; jazz.&nbsp; Fue&nbsp; cautivado&nbsp; de&nbsp; inmediato&nbsp; por&nbsp; el&nbsp; sonido&nbsp; del&nbsp; instrumento&nbsp; y&nbsp; las&nbsp; posibilidades&nbsp; de&nbsp; improvisaci\u00f3n y creaci\u00f3n que ofrec\u00eda. Pr\u00e1cticamente desde los 13 a\u00f1os, estuvo activo en la&nbsp; escena&nbsp; musical,&nbsp; realizando&nbsp; giras&nbsp; y&nbsp; conciertos&nbsp; con&nbsp; diversos&nbsp; proyectos.&nbsp; Su&nbsp; destino&nbsp; parec\u00eda&nbsp; estar predestinado, ya que hab\u00eda descubierto su vocaci\u00f3n por la m\u00fasica.&nbsp;<\/p>\n\n\n\n<p>A\u00f1os despu\u00e9s, Gerry L\u00f3pez viaj\u00f3 a Francia para estudiar en el Conservatorio de Par\u00eds, donde&nbsp; gan\u00f3 varios&nbsp; premios&nbsp; internacionales&nbsp; de&nbsp; renombre,&nbsp; como&nbsp; el&nbsp; Premio&nbsp; Nacional&nbsp; &#8220;Jazz&nbsp; a&nbsp; la&nbsp; Defense&#8221;. Durante la siguiente d\u00e9cada, lanz\u00f3 sus seis \u00e1lbumes, llevando su m\u00fasica a m\u00e1s de&nbsp; 30 pa\u00edses y present\u00e1ndose en algunas de las salas y festivales m\u00e1s importantes de Europa y&nbsp; Am\u00e9rica.&nbsp;<\/p>\n\n\n\n<p>Actualmente,&nbsp; Gerry&nbsp; L\u00f3pez&nbsp; es&nbsp; profesor&nbsp; de&nbsp; la&nbsp; c\u00e1tedra&nbsp; de&nbsp; saxof\u00f3n&nbsp; en&nbsp; el&nbsp; Conservatorio&nbsp; de&nbsp; Friburgo, en Suiza y director art\u00edstico de la New Fribourg Jazz Orchestra. Debido a su enorme&nbsp; calidad, es patrocinado por Selmer Paris, Vandoren Paris y AEA Microphones.&nbsp;<\/p>\n\n\n\n<p><strong>No Way Back est\u00e1 disponible en plataformas digitales.<\/strong><\/p>\n\n\n\n<p><a href=\"https:\/\/www.facebook.com\/hashtag\/gerrylopez?__eep__=6&amp;__cft__[0]=AZWRJ_TZLUOUk20mA6whQOu9b43uP5q61GI-XN8uSLnKpG5wef5cmluUKBnF0Zzmkjhp9QN8EtTrNm1lODjdzGl54NaK3WwoPPkO73ZwdWwzBlmPQ2ywwZwq-zaOEp65Z0o&amp;__tn__=*NK-R\">#gerrylopez<\/a><\/p>\n\n\n\n<p><a href=\"https:\/\/www.facebook.com\/hashtag\/nowayback?__eep__=6&amp;__cft__[0]=AZWRJ_TZLUOUk20mA6whQOu9b43uP5q61GI-XN8uSLnKpG5wef5cmluUKBnF0Zzmkjhp9QN8EtTrNm1lODjdzGl54NaK3WwoPPkO73ZwdWwzBlmPQ2ywwZwq-zaOEp65Z0o&amp;__tn__=*NK-R\">#NoWayBack<\/a><\/p>\n\n\n\n<p><a href=\"https:\/\/www.facebook.com\/hashtag\/jazzatlan?__eep__=6&amp;__cft__[0]=AZWRJ_TZLUOUk20mA6whQOu9b43uP5q61GI-XN8uSLnKpG5wef5cmluUKBnF0Zzmkjhp9QN8EtTrNm1lODjdzGl54NaK3WwoPPkO73ZwdWwzBlmPQ2ywwZwq-zaOEp65Z0o&amp;__tn__=*NK-R\">#jazzatlan<\/a><\/p>\n\n\n\n<p><a href=\"https:\/\/www.facebook.com\/hashtag\/bitacoracdmx?__eep__=6&amp;__cft__[0]=AZWRJ_TZLUOUk20mA6whQOu9b43uP5q61GI-XN8uSLnKpG5wef5cmluUKBnF0Zzmkjhp9QN8EtTrNm1lODjdzGl54NaK3WwoPPkO73ZwdWwzBlmPQ2ywwZwq-zaOEp65Z0o&amp;__tn__=*NK-R\">#bitacoracdmx<\/a><\/p>\n","protected":false},"excerpt":{"rendered":"<p>REDACCI\u00d3N \u2022&nbsp;El nuevo \u00e1lbum de Gerry L\u00f3pez, titulado &#8220;No Way Back&#8221;, se ha&nbsp; establecido como un referente del latin jazz contempor\u00e1neo, seg\u00fan&nbsp; cr\u00edticas internacionales.&nbsp; \u2022\u00a0El saxofonista se presentar\u00e1 en Jazzatl\u00e1n Capital,\u00a0los d\u00edas 12 y 13 de abril.\u00a0 No Way Back, el nuevo disco de Gerry L\u00f3pez, fue grabado en el emblem\u00e1,co estudio Abdala&nbsp; en La Habana, Cuba, donde el saxofonista mexicano&nbsp; reuni\u00f3 a m\u00fasicos de&nbsp; renombre, como&nbsp; Horacio&nbsp; &#8220;El&nbsp; Negro&#8221;&nbsp; Hern\u00e1ndez&nbsp; en&nbsp; la&nbsp; bater\u00eda,&nbsp; Miguel&nbsp; &#8220;Wiwi&#8221;&nbsp; Garc\u00eda&nbsp; en&nbsp; el&nbsp; piano,&nbsp; la&nbsp; percusionista&nbsp; Yuya&nbsp; Rodr\u00edguez&nbsp; (ganadora&nbsp; del&nbsp; concurso&nbsp; internacional&nbsp; \u00a8La&nbsp; Fiesta&nbsp; del&nbsp; Tambor&nbsp; 2020\u00a8) y el reconocido cantante Alain P\u00e9rez. El [&hellip;]<\/p>\n","protected":false},"author":1,"featured_media":56046,"comment_status":"closed","ping_status":"closed","sticky":false,"template":"","format":"standard","meta":{"footnotes":""},"categories":[9,11],"tags":[],"_links":{"self":[{"href":"https:\/\/www.bitacoracdmx.com\/index.php?rest_route=\/wp\/v2\/posts\/56045"}],"collection":[{"href":"https:\/\/www.bitacoracdmx.com\/index.php?rest_route=\/wp\/v2\/posts"}],"about":[{"href":"https:\/\/www.bitacoracdmx.com\/index.php?rest_route=\/wp\/v2\/types\/post"}],"author":[{"embeddable":true,"href":"https:\/\/www.bitacoracdmx.com\/index.php?rest_route=\/wp\/v2\/users\/1"}],"replies":[{"embeddable":true,"href":"https:\/\/www.bitacoracdmx.com\/index.php?rest_route=%2Fwp%2Fv2%2Fcomments&post=56045"}],"version-history":[{"count":1,"href":"https:\/\/www.bitacoracdmx.com\/index.php?rest_route=\/wp\/v2\/posts\/56045\/revisions"}],"predecessor-version":[{"id":56047,"href":"https:\/\/www.bitacoracdmx.com\/index.php?rest_route=\/wp\/v2\/posts\/56045\/revisions\/56047"}],"wp:featuredmedia":[{"embeddable":true,"href":"https:\/\/www.bitacoracdmx.com\/index.php?rest_route=\/wp\/v2\/media\/56046"}],"wp:attachment":[{"href":"https:\/\/www.bitacoracdmx.com\/index.php?rest_route=%2Fwp%2Fv2%2Fmedia&parent=56045"}],"wp:term":[{"taxonomy":"category","embeddable":true,"href":"https:\/\/www.bitacoracdmx.com\/index.php?rest_route=%2Fwp%2Fv2%2Fcategories&post=56045"},{"taxonomy":"post_tag","embeddable":true,"href":"https:\/\/www.bitacoracdmx.com\/index.php?rest_route=%2Fwp%2Fv2%2Ftags&post=56045"}],"curies":[{"name":"wp","href":"https:\/\/api.w.org\/{rel}","templated":true}]}}