{"id":56090,"date":"2024-04-12T05:55:39","date_gmt":"2024-04-12T05:55:39","guid":{"rendered":"https:\/\/www.bitacoracdmx.com\/?p=56090"},"modified":"2024-04-12T05:55:41","modified_gmt":"2024-04-12T05:55:41","slug":"regresa-cd9-la-boyband-que-revoluciono-la-historia-del-pop-en-mexico","status":"publish","type":"post","link":"https:\/\/www.bitacoracdmx.com\/?p=56090","title":{"rendered":"\u201cRegresa CD9; La BOYBAND que revolucion\u00f3 la HISTORIA del POP en M\u00c9XICO\u201d"},"content":{"rendered":"\n<p>     REDACCI\u00d3N<\/p>\n\n\n\n<p><strong>CD9; el fen\u00f3meno juvenil m\u00e1s importante de la \u00faltima d\u00e9cada, regresa a los escenarios para darle a sus fans un show de despedida este pr\u00f3ximo 19 de julio en la Arena Ciudad de M\u00e9xico.\u00a0<\/strong><\/p>\n\n\n\n<p>La boyband mexicana, m\u00e1s importante de la \u00faltima d\u00e9cada regresa a los escenarios con una espectacular sorpresa; despu\u00e9s de una pausa de 6 a\u00f1os, Alan Navarro, Jos Canela, Alonso Villalpando, Freddy Leyva y Bryan Mouque unen nuevamente su talento para darle a sus fans el show de despedida que estuvieron esperando.&nbsp;<\/p>\n\n\n\n<p><strong>CD9<\/strong>&nbsp;deleitar\u00e1 a su p\u00fablico mexicano este pr\u00f3ximo&nbsp;<strong>19 de julio en la Arena Ciudad de M\u00e9xico<\/strong>, fecha que dar\u00e1 inicio a una serie de sorpresas, sumando as\u00ed la 5ta vez que la boyband tomar\u00e1 este recinto y lo convertir\u00e1 en un lugar lleno de m\u00fasica y nostalgia para sus \u201ccoders\u201d.<\/p>\n\n\n\n<p><strong>CD9&nbsp;<\/strong>ha sido una de las agrupaciones que marc\u00f3 tendencia, creando una historia \u00fanica en su carrera, en la lista de \u00e9xitos tienen&nbsp; 3 \u00e1lbumes de estudio y 7 reversiones los cuales los hicieron acreedores a innumerables discos de Oro, Platino y Platino + Oro por sus altas ventas en el pa\u00eds, coloc\u00e1ndolos como uno de los \u00faltimos artistas m\u00e1s vendedores del formato f\u00edsico. En el 2016 obtuvieron el r\u00e9cord Guinness a la mayor cantidad de discos firmados consecutivamente por un artista, evento al que asistieron m\u00e1s de 30 mil personas y tuvo una duraci\u00f3n de 18 horas y en el mismo a\u00f1o se hicieron acreedores a tener un \u00e1lbum de estampas coleccionable el cual se agot\u00f3 en tiempo record.&nbsp;<\/p>\n\n\n\n<p>La agrupaci\u00f3n ha tenido innumerables logros dentro de la m\u00fasica, ganando grandes premios en diferentes eventos, han conquistado pa\u00edses como Espa\u00f1a y Per\u00fa, lo que los llev\u00f3 a ser imagen de grandes marcas a nivel mundial.<\/p>\n\n\n\n<p><a href=\"https:\/\/www.facebook.com\/hashtag\/cd9?__eep__=6&amp;__cft__[0]=AZVn1G6WaNJaD7cTKe4vpUZp0uZ9bRtwkOp9m0zn2v6rqaRXGxzoUSQz14LDhJn34Amc3haEzG03L1xfJ3-EY6wa4WgXGtAQKFB8BOBm7XKHxl-ZWVXTEOO7lYVYAJmdzGQ&amp;__tn__=*NK-R\">#CD9<\/a><\/p>\n\n\n\n<p><a href=\"https:\/\/www.facebook.com\/hashtag\/arenacdmx?__eep__=6&amp;__cft__[0]=AZVn1G6WaNJaD7cTKe4vpUZp0uZ9bRtwkOp9m0zn2v6rqaRXGxzoUSQz14LDhJn34Amc3haEzG03L1xfJ3-EY6wa4WgXGtAQKFB8BOBm7XKHxl-ZWVXTEOO7lYVYAJmdzGQ&amp;__tn__=*NK-R\">#ArenaCDMX<\/a><\/p>\n\n\n\n<p><a href=\"https:\/\/www.facebook.com\/hashtag\/bitacoracdmx?__eep__=6&amp;__cft__[0]=AZVn1G6WaNJaD7cTKe4vpUZp0uZ9bRtwkOp9m0zn2v6rqaRXGxzoUSQz14LDhJn34Amc3haEzG03L1xfJ3-EY6wa4WgXGtAQKFB8BOBm7XKHxl-ZWVXTEOO7lYVYAJmdzGQ&amp;__tn__=*NK-R\">#bitacoracdmx<\/a><\/p>\n","protected":false},"excerpt":{"rendered":"<p>REDACCI\u00d3N CD9; el fen\u00f3meno juvenil m\u00e1s importante de la \u00faltima d\u00e9cada, regresa a los escenarios para darle a sus fans un show de despedida este pr\u00f3ximo 19 de julio en la Arena Ciudad de M\u00e9xico.\u00a0 La boyband mexicana, m\u00e1s importante de la \u00faltima d\u00e9cada regresa a los escenarios con una espectacular sorpresa; despu\u00e9s de una pausa de 6 a\u00f1os, Alan Navarro, Jos Canela, Alonso Villalpando, Freddy Leyva y Bryan Mouque unen nuevamente su talento para darle a sus fans el show de despedida que estuvieron esperando.&nbsp; CD9&nbsp;deleitar\u00e1 a su p\u00fablico mexicano este pr\u00f3ximo&nbsp;19 de julio en la Arena Ciudad de [&hellip;]<\/p>\n","protected":false},"author":1,"featured_media":56091,"comment_status":"closed","ping_status":"closed","sticky":false,"template":"","format":"standard","meta":{"footnotes":""},"categories":[9,11],"tags":[],"_links":{"self":[{"href":"https:\/\/www.bitacoracdmx.com\/index.php?rest_route=\/wp\/v2\/posts\/56090"}],"collection":[{"href":"https:\/\/www.bitacoracdmx.com\/index.php?rest_route=\/wp\/v2\/posts"}],"about":[{"href":"https:\/\/www.bitacoracdmx.com\/index.php?rest_route=\/wp\/v2\/types\/post"}],"author":[{"embeddable":true,"href":"https:\/\/www.bitacoracdmx.com\/index.php?rest_route=\/wp\/v2\/users\/1"}],"replies":[{"embeddable":true,"href":"https:\/\/www.bitacoracdmx.com\/index.php?rest_route=%2Fwp%2Fv2%2Fcomments&post=56090"}],"version-history":[{"count":1,"href":"https:\/\/www.bitacoracdmx.com\/index.php?rest_route=\/wp\/v2\/posts\/56090\/revisions"}],"predecessor-version":[{"id":56092,"href":"https:\/\/www.bitacoracdmx.com\/index.php?rest_route=\/wp\/v2\/posts\/56090\/revisions\/56092"}],"wp:featuredmedia":[{"embeddable":true,"href":"https:\/\/www.bitacoracdmx.com\/index.php?rest_route=\/wp\/v2\/media\/56091"}],"wp:attachment":[{"href":"https:\/\/www.bitacoracdmx.com\/index.php?rest_route=%2Fwp%2Fv2%2Fmedia&parent=56090"}],"wp:term":[{"taxonomy":"category","embeddable":true,"href":"https:\/\/www.bitacoracdmx.com\/index.php?rest_route=%2Fwp%2Fv2%2Fcategories&post=56090"},{"taxonomy":"post_tag","embeddable":true,"href":"https:\/\/www.bitacoracdmx.com\/index.php?rest_route=%2Fwp%2Fv2%2Ftags&post=56090"}],"curies":[{"name":"wp","href":"https:\/\/api.w.org\/{rel}","templated":true}]}}