{"id":56123,"date":"2024-04-13T04:05:30","date_gmt":"2024-04-13T04:05:30","guid":{"rendered":"https:\/\/www.bitacoracdmx.com\/?p=56123"},"modified":"2024-04-13T04:05:33","modified_gmt":"2024-04-13T04:05:33","slug":"se-puede-viajar-a-la-luna-y-traer-su-luz-la-historia-de-melies-en-del-conejo-a-la-tierra","status":"publish","type":"post","link":"https:\/\/www.bitacoracdmx.com\/?p=56123","title":{"rendered":"\u00bfSe puede viajar a la luna y traer su luz? La historia de M\u00e9li\u00e8s en:\u00a0Del conejo a la Tierra"},"content":{"rendered":"\n<p>     REDACCI\u00d3N<\/p>\n\n\n\n<p><em>La ilusi\u00f3n del cine. La magia del teatro<\/em><\/p>\n\n\n\n<p>Estrenada por primera vez en 2020, el Teatro Hel\u00e9nico acoger\u00e1 el regreso de:\u00a0<em>Del conejo a la Tierra<\/em>, una dramaturgia de Itzel Lara bajo la direcci\u00f3n de David Olgu\u00edn. Montaje que cuenta la historia del hombre al que el s\u00e9ptimo arte le debe su nacimiento. El proyecto tendr\u00e1 temporada de fin de semana, de viernes a domingo, a partir del 26 de abril al 9 de junio de 2024.<br><br>La obra es un homenaje al llamado \u201cPadre de la ciencia ficci\u00f3n\u201d y \u201cMago del cine\u201d, el ilusionista y cineasta franc\u00e9s Georges M\u00e9li\u00e8s, cuya pel\u00edcula m\u00e1s famosa \u2014y que lo lanz\u00f3 al estrellato\u2014 fue\u00a0<em>Viaje a la Luna<\/em>\u00a0(1902). Conocer\u00e1 sus m\u00faltiples facetas como: inventor de m\u00e1quinas fant\u00e1sticas, ilusionista, actor, mago, empresario del Teatro Houdini, director de cine y teatro.<br><br>El espectador ver\u00e1 una reconstrucci\u00f3n hist\u00f3rica a la vida de M\u00e9li\u00e8s, quien tambi\u00e9n fue pionero en el cinemat\u00f3grafo y creador de m\u00e1s de 500 pel\u00edculas que no s\u00f3lo pertenecen a la cultura f\u00edlmica universal, sino a la cultura popular, pues sus im\u00e1genes son parte del cat\u00e1logo visual del mundo.<br><br>\u201cEs una obra acerca de M\u00e9li\u00e8s, de los distintos M\u00e9li\u00e8s: del que viaj\u00f3 a la luna y le clav\u00f3 un cohete en el ojo, del amante de los aut\u00f3matas, del pionero del cine, del alquimista de la luz\u2026 Pero, sobre todo, del hombre que acab\u00f3 sus d\u00edas vendiendo juguetes, tranquilo, despidi\u00e9ndose de la vida con dignidad. Una obra que, al fin y al cabo, habla de la esperanza\u201d, menciona su autora y escritora, Itzel Lara.<br><br>Por su parte, David Olgu\u00edn, director del proyecto, sostiene: \u201cla puesta re\u00fane dos lenguajes: el del teatro y el del cine, no s\u00f3lo a partir de la presencia de los cortos de M\u00e9li\u00e8s, sino de nociones del cine dentro del teatro y del teatro dentro del cine al construir ambos lenguajes, surge un h\u00edbrido al que constantemente se recurre en escena. Nos interesa destacar que el montaje cuenta, en el sentido de su nostalgia permanente por el paso del tiempo, una historia \u00edntima que alude al teatro de nuestros d\u00edas en su p\u00e9rdida de p\u00fablicos, en el entusiasmo y maestr\u00eda de sus hacedores, enfrentados a un mundo cambiante que vive deprisa, automatizado y que requiere de aventuras espirituales como la que ofrece:\u00a0<em>Del conejo a la Tierra<\/em>.<br><br>El equipo creativo lo integran Itzel Lara en la dramaturgia; David Olgu\u00edn en la direcci\u00f3n esc\u00e9nica; Cardinal Films en la producci\u00f3n; Gabriel Pascal en el dise\u00f1o de escenograf\u00eda e iluminaci\u00f3n y, en la actuaci\u00f3n, Gabriela Guraieb, Pablo Mar\u00edn, Antonio Vega, Sandra Cecilia y Sof\u00eda Gabriel, estas dos \u00faltimas alternando\u00a0funciones.<br><br>Reiteramos que\u00a0<strong><em>Del conejo a la Tierra<\/em><\/strong>\u00a0<strong>se presentar\u00e1 del 26 de abril al 9 de junio de 2024, los viernes a las 20:00 h; s\u00e1bados a las 19:00 h, y domingos a las 18:00 h en el Teatro Hel\u00e9nico<\/strong>.\u00a0<strong>El costo del boleto es de $360<\/strong>. Actualmente hay una\u00a0<strong>preventa del 30 por ciento hasta el 21 de abril.\u00a0<\/strong>Las localidades pueden adquirirse en la taquilla del Centro Cultural Hel\u00e9nico, ubicado en avenida Revoluci\u00f3n 1500, as\u00ed como en la p\u00e1gina de internet:\u00a0<strong>helenico.gob.mx<\/strong>.<br><br><strong>M\u00e1s informaci\u00f3n<\/strong>\u00a0a trav\u00e9s de:\u00a0<strong>helenico.gob.mx<\/strong>\u00a0y\u00a0<strong>mexicoescultura.com<\/strong>.<\/p>\n\n\n\n<p><a href=\"https:\/\/www.facebook.com\/hashtag\/delconejoalatierra?__eep__=6&amp;__cft__[0]=AZUuX-BNp-dsuoyZYfEJCcIr4FQdo6jtDSpMdbkTkskeduRJOHIlVtRzGYQkZtFlR9ZhxnKT6YyglivpchyGIJHv24DWYxty0h15PXQl7GifiN0m5F9YNH7te--242nhNnY&amp;__tn__=*NK-R\">#DelConejoALaTierra<\/a><\/p>\n\n\n\n<p><a href=\"https:\/\/www.facebook.com\/hashtag\/centroculturalhelenico?__eep__=6&amp;__cft__[0]=AZUuX-BNp-dsuoyZYfEJCcIr4FQdo6jtDSpMdbkTkskeduRJOHIlVtRzGYQkZtFlR9ZhxnKT6YyglivpchyGIJHv24DWYxty0h15PXQl7GifiN0m5F9YNH7te--242nhNnY&amp;__tn__=*NK-R\">#centroculturalhelenico<\/a><\/p>\n\n\n\n<p><a href=\"https:\/\/www.facebook.com\/hashtag\/teatrohelenico?__eep__=6&amp;__cft__[0]=AZUuX-BNp-dsuoyZYfEJCcIr4FQdo6jtDSpMdbkTkskeduRJOHIlVtRzGYQkZtFlR9ZhxnKT6YyglivpchyGIJHv24DWYxty0h15PXQl7GifiN0m5F9YNH7te--242nhNnY&amp;__tn__=*NK-R\">#TEATROHELENICO<\/a><\/p>\n\n\n\n<p><a href=\"https:\/\/www.facebook.com\/hashtag\/bitacoracdmx?__eep__=6&amp;__cft__[0]=AZUuX-BNp-dsuoyZYfEJCcIr4FQdo6jtDSpMdbkTkskeduRJOHIlVtRzGYQkZtFlR9ZhxnKT6YyglivpchyGIJHv24DWYxty0h15PXQl7GifiN0m5F9YNH7te--242nhNnY&amp;__tn__=*NK-R\">#bitacoracdmx<\/a><\/p>\n","protected":false},"excerpt":{"rendered":"<p>REDACCI\u00d3N La ilusi\u00f3n del cine. La magia del teatro Estrenada por primera vez en 2020, el Teatro Hel\u00e9nico acoger\u00e1 el regreso de:\u00a0Del conejo a la Tierra, una dramaturgia de Itzel Lara bajo la direcci\u00f3n de David Olgu\u00edn. Montaje que cuenta la historia del hombre al que el s\u00e9ptimo arte le debe su nacimiento. El proyecto tendr\u00e1 temporada de fin de semana, de viernes a domingo, a partir del 26 de abril al 9 de junio de 2024. La obra es un homenaje al llamado \u201cPadre de la ciencia ficci\u00f3n\u201d y \u201cMago del cine\u201d, el ilusionista y cineasta franc\u00e9s Georges M\u00e9li\u00e8s, [&hellip;]<\/p>\n","protected":false},"author":1,"featured_media":56124,"comment_status":"closed","ping_status":"closed","sticky":false,"template":"","format":"standard","meta":{"footnotes":""},"categories":[9,14],"tags":[],"_links":{"self":[{"href":"https:\/\/www.bitacoracdmx.com\/index.php?rest_route=\/wp\/v2\/posts\/56123"}],"collection":[{"href":"https:\/\/www.bitacoracdmx.com\/index.php?rest_route=\/wp\/v2\/posts"}],"about":[{"href":"https:\/\/www.bitacoracdmx.com\/index.php?rest_route=\/wp\/v2\/types\/post"}],"author":[{"embeddable":true,"href":"https:\/\/www.bitacoracdmx.com\/index.php?rest_route=\/wp\/v2\/users\/1"}],"replies":[{"embeddable":true,"href":"https:\/\/www.bitacoracdmx.com\/index.php?rest_route=%2Fwp%2Fv2%2Fcomments&post=56123"}],"version-history":[{"count":1,"href":"https:\/\/www.bitacoracdmx.com\/index.php?rest_route=\/wp\/v2\/posts\/56123\/revisions"}],"predecessor-version":[{"id":56125,"href":"https:\/\/www.bitacoracdmx.com\/index.php?rest_route=\/wp\/v2\/posts\/56123\/revisions\/56125"}],"wp:featuredmedia":[{"embeddable":true,"href":"https:\/\/www.bitacoracdmx.com\/index.php?rest_route=\/wp\/v2\/media\/56124"}],"wp:attachment":[{"href":"https:\/\/www.bitacoracdmx.com\/index.php?rest_route=%2Fwp%2Fv2%2Fmedia&parent=56123"}],"wp:term":[{"taxonomy":"category","embeddable":true,"href":"https:\/\/www.bitacoracdmx.com\/index.php?rest_route=%2Fwp%2Fv2%2Fcategories&post=56123"},{"taxonomy":"post_tag","embeddable":true,"href":"https:\/\/www.bitacoracdmx.com\/index.php?rest_route=%2Fwp%2Fv2%2Ftags&post=56123"}],"curies":[{"name":"wp","href":"https:\/\/api.w.org\/{rel}","templated":true}]}}