{"id":56127,"date":"2024-04-14T04:43:41","date_gmt":"2024-04-14T04:43:41","guid":{"rendered":"https:\/\/www.bitacoracdmx.com\/?p=56127"},"modified":"2024-04-14T04:43:44","modified_gmt":"2024-04-14T04:43:44","slug":"nadie-puede-parar-el-viento-homenaje-a-mercedes-sosa","status":"publish","type":"post","link":"https:\/\/www.bitacoracdmx.com\/?p=56127","title":{"rendered":"NADIE PUEDE PARAR EL VIENTO Homenaje a MERCEDES SOSA"},"content":{"rendered":"\n<p>     REDACCI\u00d3N<\/p>\n\n\n\n<p>El sonido del folklor argentino toca las puertas de Lo de In\u00e9s para presentar el &nbsp;concierto \u201cNadie Puede Parar el Viento\u201d, homenaje a la cantante Mercedes &nbsp;Sosa, con la participaci\u00f3n de Mar\u00eda In\u00e9s Montilla, Ernesto Anaya y Juan Mart\u00edn &nbsp;Medina.<\/p>\n\n\n\n<p>Este espect\u00e1culo es un sentido homenaje a la Voz de Am\u00e9rica Latina, el cual &nbsp;incluye escenas que relatan, con breves textos po\u00e9ticos y canciones, momentos &nbsp;significativos en la vida de Mercedes Sosa.<\/p>\n\n\n\n<p>Quien no conoci\u00f3 a esta importante artista, al finalizar la funci\u00f3n tendr\u00e1 una noci\u00f3n &nbsp;de la grandeza y el compromiso de esta mujer que recorri\u00f3 el mundo llevando en &nbsp;su voz la voz de los poetas, bregando por un mundo m\u00e1s justo, solidario y m\u00e1s &nbsp;humano. &nbsp;<\/p>\n\n\n\n<p>Mercedes Sosa, cantante de m\u00fasica folkl\u00f3rica argentina y latinoamericana, &nbsp;considerada la mayor exponente de su g\u00e9nero, naci\u00f3 en Tucum\u00e1n en 1935 y &nbsp;muri\u00f3 en Buenos Aires en 2009. Form\u00f3 parte de un grupo de artistas que crearon &nbsp;el Nuevo Cancionero en Mendoza, al que se unieron folkloristas de toda Am\u00e9rica &nbsp;Latina en la d\u00e9cada de los a\u00f1os 60.<\/p>\n\n\n\n<p>Forman parte de este proyecto la actriz y cantante Mar\u00eda In\u00e9s Montilla, &nbsp;responsable del gui\u00f3n y de la idea; Juan Mart\u00edn Medina, m\u00fasico argentino, &nbsp;arreglista y compositor con una extensa trayectoria como folklorista y Ernesto &nbsp;Anaya, multi-instrumentista mexicano, apasionado del folklore, cantante y &nbsp;arreglista, ambos responsables de los arreglos musicales y vocales.<\/p>\n\n\n\n<p>\u201cNadie Puede Parar el Viento\u201d es un espect\u00e1culo que se presentar\u00e1 el 13 de abril a &nbsp;las 21 hrs. en Lo de In\u00e9s\u2013Caf\u00e9 Concert, ubicado en el Primer piso del &nbsp;Restaurante Quebracho, Hamburgo 313 Col. Ju\u00e1rez, Alcald\u00eda Cuauht\u00e9moc, &nbsp;Ciudad de M\u00e9xico.<\/p>\n\n\n\n<p>Lo de In\u00e9s nace en la Ciudad de M\u00e9xico en 2018, basado en el concepto de \u201cCaf\u00e9 &nbsp;Concert\u201d desarrollado en Francia y otros pa\u00edses europeos en el siglo XIX y &nbsp;popularizado en Argentina en el siglo XX. En Lo de In\u00e9s se presentan muy &nbsp;distintas puestas en escena, desde mon\u00f3logos y obras de teatro hasta &nbsp;espect\u00e1culos musicales\u2026 Lo que hace \u00fanico a Lo de In\u00e9s es su ambiente tan &nbsp;intimista\u2026 &nbsp;<\/p>\n\n\n\n<p>El acceso es a las 21:00 hrs, para que as\u00ed tenga tiempo \u00a0de tomar una copa y\/o cenar (no hay consumo obligatorio). El espect\u00e1culo inicia a las 22:15 hrs y culmina cerca de las 23:30 hrs. Posteriormente se abre un espacio para una bohemia en la que quien guste puede participar, \u00a0declamando, cantando o actuando.<\/p>\n\n\n\n<p><a href=\"https:\/\/www.facebook.com\/hashtag\/deltangoaldivan?__eep__=6&amp;__cft__[0]=AZUU38Ry_rZcMSgVElAeYYuUg2nnq0BV9rdALXn8MK22dP2CH_kziMEMaKTZpI_tg-GYx-dwkKGNwN8PoCKJvkp22qVPF02al_El9LmyaJpSN7PqUjy0rizxreYGSiWsv-Y&amp;__tn__=*NK-R\">#deltangoaldivan<\/a><\/p>\n\n\n\n<p><a href=\"https:\/\/www.facebook.com\/hashtag\/mariainesmontilla?__eep__=6&amp;__cft__[0]=AZUU38Ry_rZcMSgVElAeYYuUg2nnq0BV9rdALXn8MK22dP2CH_kziMEMaKTZpI_tg-GYx-dwkKGNwN8PoCKJvkp22qVPF02al_El9LmyaJpSN7PqUjy0rizxreYGSiWsv-Y&amp;__tn__=*NK-R\">#mariainesmontilla<\/a><\/p>\n\n\n\n<p><a href=\"https:\/\/www.facebook.com\/hashtag\/restaurantequebracho?__eep__=6&amp;__cft__[0]=AZUU38Ry_rZcMSgVElAeYYuUg2nnq0BV9rdALXn8MK22dP2CH_kziMEMaKTZpI_tg-GYx-dwkKGNwN8PoCKJvkp22qVPF02al_El9LmyaJpSN7PqUjy0rizxreYGSiWsv-Y&amp;__tn__=*NK-R\">#restaurantequebracho<\/a><\/p>\n\n\n\n<p><a href=\"https:\/\/www.facebook.com\/hashtag\/bitacoracdmx?__eep__=6&amp;__cft__[0]=AZUU38Ry_rZcMSgVElAeYYuUg2nnq0BV9rdALXn8MK22dP2CH_kziMEMaKTZpI_tg-GYx-dwkKGNwN8PoCKJvkp22qVPF02al_El9LmyaJpSN7PqUjy0rizxreYGSiWsv-Y&amp;__tn__=*NK-R\">#bitacoracdmx<\/a><\/p>\n","protected":false},"excerpt":{"rendered":"<p>REDACCI\u00d3N El sonido del folklor argentino toca las puertas de Lo de In\u00e9s para presentar el &nbsp;concierto \u201cNadie Puede Parar el Viento\u201d, homenaje a la cantante Mercedes &nbsp;Sosa, con la participaci\u00f3n de Mar\u00eda In\u00e9s Montilla, Ernesto Anaya y Juan Mart\u00edn &nbsp;Medina. Este espect\u00e1culo es un sentido homenaje a la Voz de Am\u00e9rica Latina, el cual &nbsp;incluye escenas que relatan, con breves textos po\u00e9ticos y canciones, momentos &nbsp;significativos en la vida de Mercedes Sosa. Quien no conoci\u00f3 a esta importante artista, al finalizar la funci\u00f3n tendr\u00e1 una noci\u00f3n &nbsp;de la grandeza y el compromiso de esta mujer que recorri\u00f3 el mundo [&hellip;]<\/p>\n","protected":false},"author":1,"featured_media":56128,"comment_status":"closed","ping_status":"closed","sticky":false,"template":"","format":"standard","meta":{"footnotes":""},"categories":[9,11],"tags":[],"_links":{"self":[{"href":"https:\/\/www.bitacoracdmx.com\/index.php?rest_route=\/wp\/v2\/posts\/56127"}],"collection":[{"href":"https:\/\/www.bitacoracdmx.com\/index.php?rest_route=\/wp\/v2\/posts"}],"about":[{"href":"https:\/\/www.bitacoracdmx.com\/index.php?rest_route=\/wp\/v2\/types\/post"}],"author":[{"embeddable":true,"href":"https:\/\/www.bitacoracdmx.com\/index.php?rest_route=\/wp\/v2\/users\/1"}],"replies":[{"embeddable":true,"href":"https:\/\/www.bitacoracdmx.com\/index.php?rest_route=%2Fwp%2Fv2%2Fcomments&post=56127"}],"version-history":[{"count":1,"href":"https:\/\/www.bitacoracdmx.com\/index.php?rest_route=\/wp\/v2\/posts\/56127\/revisions"}],"predecessor-version":[{"id":56129,"href":"https:\/\/www.bitacoracdmx.com\/index.php?rest_route=\/wp\/v2\/posts\/56127\/revisions\/56129"}],"wp:featuredmedia":[{"embeddable":true,"href":"https:\/\/www.bitacoracdmx.com\/index.php?rest_route=\/wp\/v2\/media\/56128"}],"wp:attachment":[{"href":"https:\/\/www.bitacoracdmx.com\/index.php?rest_route=%2Fwp%2Fv2%2Fmedia&parent=56127"}],"wp:term":[{"taxonomy":"category","embeddable":true,"href":"https:\/\/www.bitacoracdmx.com\/index.php?rest_route=%2Fwp%2Fv2%2Fcategories&post=56127"},{"taxonomy":"post_tag","embeddable":true,"href":"https:\/\/www.bitacoracdmx.com\/index.php?rest_route=%2Fwp%2Fv2%2Ftags&post=56127"}],"curies":[{"name":"wp","href":"https:\/\/api.w.org\/{rel}","templated":true}]}}