{"id":56136,"date":"2024-04-14T05:14:11","date_gmt":"2024-04-14T05:14:11","guid":{"rendered":"https:\/\/www.bitacoracdmx.com\/?p=56136"},"modified":"2024-04-14T05:14:13","modified_gmt":"2024-04-14T05:14:13","slug":"maria-jose-regresa-a-guadalajara","status":"publish","type":"post","link":"https:\/\/www.bitacoracdmx.com\/?p=56136","title":{"rendered":"\u00a1MAR\u00cdA JOS\u00c9 regresa a GUADALAJARA!"},"content":{"rendered":"\n<p>     REDACCI\u00d3N<\/p>\n\n\n\n<h3 class=\"wp-block-heading\">21 DE JUNIO \u2013 AUDITORIO TELMEX&nbsp;<\/h3>\n\n\n\n<h3 class=\"wp-block-heading\">&nbsp;PREVENTA CITIBANAMEX: LUNES 15 DE ABRIL&nbsp;<\/h3>\n\n\n\n<p>\u00a1Los fans de la perla tapat\u00eda liberar\u00e1n su Josa interior! Mar\u00eda Jos\u00e9, un icono del pop latino llevar\u00e1 su gira&nbsp;<strong><em>Libertad&nbsp;<\/em><\/strong>a Guadalajara, para hacer cantar a sus seguidores con ese repertorio que tanto amamos de ella,&nbsp;<strong>el pr\u00f3ximo 21 de junio en el Auditorio Telmex.<\/strong><\/p>\n\n\n\n<p>Desde sus inicios, \u201cLa Josa\u201d ha destacado por su voz \u00fanica en el grupo&nbsp;<strong>Kabah<\/strong>, una de las bandas m\u00e1s importantes de M\u00e9xico en los a\u00f1os noventa; sin embargo, Mar\u00eda Jos\u00e9 sobresali\u00f3 como solista en 2007, gracias a su disco hom\u00f3nimo en donde incluy\u00f3 canciones llenas de pop, dance y balada.&nbsp;<\/p>\n\n\n\n<p><strong>OCESAFACT: Mar\u00eda Jos\u00e9 estuvo a cargo de abrir los conciertos de Gwen Stefani en el&nbsp;<em>The Sweet Escape Tour<\/em>&nbsp;en 2007 y Rihanna en&nbsp;<em>The Good Girl Gone Bad Tour<\/em>&nbsp;en 2009.<\/strong><\/p>\n\n\n\n<p>La int\u00e9rprete tambi\u00e9n ha destacado por su participaci\u00f3n en diversos proyectos tanto de televisi\u00f3n como en teatro: fue juez en programas de televisi\u00f3n como&nbsp;<em>La Voz o<\/em>&nbsp;<em>Peque\u00f1os Gigantes,<\/em>&nbsp;y protagoniz\u00f3 obras de teatro como&nbsp;<em>Jesucristo Superestrella<\/em>.Tambi\u00e9n ha logrado consolidarse como una las artistas m\u00e1s taquilleras del pa\u00eds, de las m\u00e1s grandes vendedoras de discos y de las int\u00e9rpretes mexicanas de mayor impacto en plataformas y redes sociales.<\/p>\n\n\n\n<p>No te pierdas la oportunidad de escuchar en vivo hits como\u00a0<strong>\u201cMe equivoqu\u00e9\u201d, \u201cPrefiero ser su amante\u201d, \u201cNo soy una se\u00f1ora\u201d,\u00a0<\/strong>el pr\u00f3ximo 21 de junio en el Auditorio Telmex. Los boletos estar\u00e1n disponibles en\u00a0<strong>Preventa Citibanamex el lunes 15 de abril<\/strong>; mientras que la venta general, iniciar\u00e1 el 16 de abril a trav\u00e9s de las taquillas del inmueble o en Ticketmaster.\u00a0<\/p>\n\n\n\n<p><a href=\"https:\/\/www.facebook.com\/hashtag\/mariajose?__eep__=6&amp;__cft__[0]=AZWQ-qy6GbRroGvw-HwD0G3VJiZeC1z3Xa0xS3lmoWPyyxJNwBOntonJxjrJevE4et28sJPoONpsBbcHqEW3fZdNsPmcWvbQgpqpVmqnS6z_tq-Ygsmy8uS9XwDkk27ahGQ&amp;__tn__=*NK-R\">#MariaJose<\/a><\/p>\n\n\n\n<p><a href=\"https:\/\/www.facebook.com\/hashtag\/auditoriotelmex?__eep__=6&amp;__cft__[0]=AZWQ-qy6GbRroGvw-HwD0G3VJiZeC1z3Xa0xS3lmoWPyyxJNwBOntonJxjrJevE4et28sJPoONpsBbcHqEW3fZdNsPmcWvbQgpqpVmqnS6z_tq-Ygsmy8uS9XwDkk27ahGQ&amp;__tn__=*NK-R\">#AuditorioTelmex<\/a><\/p>\n\n\n\n<p><a href=\"https:\/\/www.facebook.com\/hashtag\/ocesa?__eep__=6&amp;__cft__[0]=AZWQ-qy6GbRroGvw-HwD0G3VJiZeC1z3Xa0xS3lmoWPyyxJNwBOntonJxjrJevE4et28sJPoONpsBbcHqEW3fZdNsPmcWvbQgpqpVmqnS6z_tq-Ygsmy8uS9XwDkk27ahGQ&amp;__tn__=*NK-R\">#OCESA<\/a><\/p>\n\n\n\n<p><a href=\"https:\/\/www.facebook.com\/hashtag\/ticketmaster?__eep__=6&amp;__cft__[0]=AZWQ-qy6GbRroGvw-HwD0G3VJiZeC1z3Xa0xS3lmoWPyyxJNwBOntonJxjrJevE4et28sJPoONpsBbcHqEW3fZdNsPmcWvbQgpqpVmqnS6z_tq-Ygsmy8uS9XwDkk27ahGQ&amp;__tn__=*NK-R\">#ticketmaster<\/a><\/p>\n\n\n\n<p><a href=\"https:\/\/www.facebook.com\/hashtag\/bitacoracdmx?__eep__=6&amp;__cft__[0]=AZWQ-qy6GbRroGvw-HwD0G3VJiZeC1z3Xa0xS3lmoWPyyxJNwBOntonJxjrJevE4et28sJPoONpsBbcHqEW3fZdNsPmcWvbQgpqpVmqnS6z_tq-Ygsmy8uS9XwDkk27ahGQ&amp;__tn__=*NK-R\">#bitacoracdmx<\/a><\/p>\n","protected":false},"excerpt":{"rendered":"<p>REDACCI\u00d3N 21 DE JUNIO \u2013 AUDITORIO TELMEX&nbsp; &nbsp;PREVENTA CITIBANAMEX: LUNES 15 DE ABRIL&nbsp; \u00a1Los fans de la perla tapat\u00eda liberar\u00e1n su Josa interior! Mar\u00eda Jos\u00e9, un icono del pop latino llevar\u00e1 su gira&nbsp;Libertad&nbsp;a Guadalajara, para hacer cantar a sus seguidores con ese repertorio que tanto amamos de ella,&nbsp;el pr\u00f3ximo 21 de junio en el Auditorio Telmex. Desde sus inicios, \u201cLa Josa\u201d ha destacado por su voz \u00fanica en el grupo&nbsp;Kabah, una de las bandas m\u00e1s importantes de M\u00e9xico en los a\u00f1os noventa; sin embargo, Mar\u00eda Jos\u00e9 sobresali\u00f3 como solista en 2007, gracias a su disco hom\u00f3nimo en donde incluy\u00f3 canciones [&hellip;]<\/p>\n","protected":false},"author":1,"featured_media":56137,"comment_status":"closed","ping_status":"closed","sticky":false,"template":"","format":"standard","meta":{"footnotes":""},"categories":[9,11],"tags":[],"_links":{"self":[{"href":"https:\/\/www.bitacoracdmx.com\/index.php?rest_route=\/wp\/v2\/posts\/56136"}],"collection":[{"href":"https:\/\/www.bitacoracdmx.com\/index.php?rest_route=\/wp\/v2\/posts"}],"about":[{"href":"https:\/\/www.bitacoracdmx.com\/index.php?rest_route=\/wp\/v2\/types\/post"}],"author":[{"embeddable":true,"href":"https:\/\/www.bitacoracdmx.com\/index.php?rest_route=\/wp\/v2\/users\/1"}],"replies":[{"embeddable":true,"href":"https:\/\/www.bitacoracdmx.com\/index.php?rest_route=%2Fwp%2Fv2%2Fcomments&post=56136"}],"version-history":[{"count":1,"href":"https:\/\/www.bitacoracdmx.com\/index.php?rest_route=\/wp\/v2\/posts\/56136\/revisions"}],"predecessor-version":[{"id":56138,"href":"https:\/\/www.bitacoracdmx.com\/index.php?rest_route=\/wp\/v2\/posts\/56136\/revisions\/56138"}],"wp:featuredmedia":[{"embeddable":true,"href":"https:\/\/www.bitacoracdmx.com\/index.php?rest_route=\/wp\/v2\/media\/56137"}],"wp:attachment":[{"href":"https:\/\/www.bitacoracdmx.com\/index.php?rest_route=%2Fwp%2Fv2%2Fmedia&parent=56136"}],"wp:term":[{"taxonomy":"category","embeddable":true,"href":"https:\/\/www.bitacoracdmx.com\/index.php?rest_route=%2Fwp%2Fv2%2Fcategories&post=56136"},{"taxonomy":"post_tag","embeddable":true,"href":"https:\/\/www.bitacoracdmx.com\/index.php?rest_route=%2Fwp%2Fv2%2Ftags&post=56136"}],"curies":[{"name":"wp","href":"https:\/\/api.w.org\/{rel}","templated":true}]}}