{"id":56196,"date":"2024-04-19T02:47:48","date_gmt":"2024-04-19T02:47:48","guid":{"rendered":"https:\/\/www.bitacoracdmx.com\/?p=56196"},"modified":"2024-04-19T02:47:50","modified_gmt":"2024-04-19T02:47:50","slug":"christian-nodal-anuncia-nuevas-fechas-de-su-tour-2024","status":"publish","type":"post","link":"https:\/\/www.bitacoracdmx.com\/?p=56196","title":{"rendered":"Christian Nodal anuncia nuevas fechas de su tour 2024"},"content":{"rendered":"\n<p><\/p>\n\n\n\n<p>REDACCI\u00d3N<\/p>\n\n\n\n<h3 class=\"wp-block-heading\">\u00a1CHRISTIAN NODAL CONQUISTA CDMX CON DOS FECHAS M\u00c1S DE PA\u2019L CORA TOUR EN EL AUDITORIO NACIONAL!<\/h3>\n\n\n\n<h3 class=\"wp-block-heading\">9 Y 11 DE JUNIO \u2013 NUEVAS FECHAS<\/h3>\n\n\n\n<h3 class=\"wp-block-heading\">7 Y 8 DE JUNIO \u2013 SOLD OUT<\/h3>\n\n\n\n<p>Tras dos rotundos&nbsp;<strong>sold out<\/strong>&nbsp;en la CDMX, Christian Nodal, uno de los m\u00e1ximos exponentes del regional mexicano ha agregado dos nuevas fechas para consentir a sus miles de fans en la capital del pa\u00eds, el pr\u00f3ximo 9 y 11 de junio, en el majestuoso Auditorio Nacional.<\/p>\n\n\n\n<p>El int\u00e9rprete originario de Sonora irrumpi\u00f3 en la escena musical con su primer sencillo&nbsp;<strong>\u201cAdi\u00f3s Amor\u201d<\/strong>, una canci\u00f3n que&nbsp;<strong>conquist\u00f3 al p\u00fablico<\/strong>&nbsp;y lo catapult\u00f3 a la fama; tan s\u00f3lo este hit suma m\u00e1s de 1,460 millones de reproducciones en Youtube.&nbsp;<\/p>\n\n\n\n<p>\u00c9xitos como&nbsp;<strong>\u201cBotella Tras Botella\u201d<\/strong>&nbsp;con m\u00e1s de&nbsp;<strong>600 millones de reproducciones<\/strong>, y&nbsp;<strong>\u201cLa Intenci\u00f3n\u201d<\/strong>, que domin\u00f3 el&nbsp;<strong>Billboard Regional Mexicano Airplay<\/strong>, lo han convertido en&nbsp;<strong>el artista del momento<\/strong>.&nbsp;<\/p>\n\n\n\n<p><strong>En el 2023, Christian Nodal se alz\u00f3 con el Latin GRAMMY a\u00a0<em>Mejor \u00c1lbum de Ranchera\/Mariachi<\/em>.<\/strong><\/p>\n\n\n\n<p>Christian Nodal es un cantante y compositor cuyo sonido combina el norte\u00f1o y el mariachi, utilizando el acorde\u00f3n para unir tradiciones. Nodal naci\u00f3 en 1999 dentro de una familia musical; sus padres y muchos de sus t\u00edos, t\u00edas y primos, son m\u00fasicos.<\/p>\n\n\n\n<p>Escucha en vivo canciones como\u00a0<strong>\u201cYa No Somos Ni Seremos\u201d<\/strong>,\u00a0<strong>\u201cAmor t\u00f3xico\u201d\u00a0<\/strong>y<strong>\u00a0\u201cDe Los Besos Que te Di\u201d<\/strong>, entre muchos m\u00e1s, en su gira por M\u00e9xico. Los boletos estar\u00e1n en Preventa Citibanamex el 18 de abril, y un d\u00eda despu\u00e9s los podr\u00e1s adquirir en las taquillas del inmueble o a trav\u00e9s de\u00a0<a href=\"http:\/\/www.ticketmaster.com.mx\/\">www.ticketmaster.com.mx<\/a>.<\/p>\n\n\n\n<p><a href=\"https:\/\/www.facebook.com\/hashtag\/christiannodal?__eep__=6&amp;__cft__[0]=AZVEaUjQ91cZZv6pqC87VobgOJ7tMKZia7KGZ3ywkfI01YCwp__zWncXsu2Pr3AVgm8LMR_UB7DHGbVM8DD4PJxt1lVHEEhv73DfY0jZ3Jb_Nfcl2IbnWRvbe-9Hii86qk5iDzBdY6QMj19N3HfwEU5b3as3DTAxNwa5VDyLawKi-Q&amp;__tn__=*NK-R\">#ChristianNodal<\/a><\/p>\n\n\n\n<p><a href=\"https:\/\/www.facebook.com\/hashtag\/auditorionacional?__eep__=6&amp;__cft__[0]=AZVEaUjQ91cZZv6pqC87VobgOJ7tMKZia7KGZ3ywkfI01YCwp__zWncXsu2Pr3AVgm8LMR_UB7DHGbVM8DD4PJxt1lVHEEhv73DfY0jZ3Jb_Nfcl2IbnWRvbe-9Hii86qk5iDzBdY6QMj19N3HfwEU5b3as3DTAxNwa5VDyLawKi-Q&amp;__tn__=*NK-R\">#AuditorioNacional<\/a><\/p>\n\n\n\n<p><a href=\"https:\/\/www.facebook.com\/hashtag\/ocesa?__eep__=6&amp;__cft__[0]=AZVEaUjQ91cZZv6pqC87VobgOJ7tMKZia7KGZ3ywkfI01YCwp__zWncXsu2Pr3AVgm8LMR_UB7DHGbVM8DD4PJxt1lVHEEhv73DfY0jZ3Jb_Nfcl2IbnWRvbe-9Hii86qk5iDzBdY6QMj19N3HfwEU5b3as3DTAxNwa5VDyLawKi-Q&amp;__tn__=*NK-R\">#OCESA<\/a><\/p>\n\n\n\n<p><a href=\"https:\/\/www.facebook.com\/hashtag\/ticketmaster?__eep__=6&amp;__cft__[0]=AZVEaUjQ91cZZv6pqC87VobgOJ7tMKZia7KGZ3ywkfI01YCwp__zWncXsu2Pr3AVgm8LMR_UB7DHGbVM8DD4PJxt1lVHEEhv73DfY0jZ3Jb_Nfcl2IbnWRvbe-9Hii86qk5iDzBdY6QMj19N3HfwEU5b3as3DTAxNwa5VDyLawKi-Q&amp;__tn__=*NK-R\">#ticketmaster<\/a><\/p>\n\n\n\n<p><a href=\"https:\/\/www.facebook.com\/hashtag\/bitacoracdmx?__eep__=6&amp;__cft__[0]=AZVEaUjQ91cZZv6pqC87VobgOJ7tMKZia7KGZ3ywkfI01YCwp__zWncXsu2Pr3AVgm8LMR_UB7DHGbVM8DD4PJxt1lVHEEhv73DfY0jZ3Jb_Nfcl2IbnWRvbe-9Hii86qk5iDzBdY6QMj19N3HfwEU5b3as3DTAxNwa5VDyLawKi-Q&amp;__tn__=*NK-R\">#bitacoracdmx<\/a><\/p>\n","protected":false},"excerpt":{"rendered":"<p>REDACCI\u00d3N \u00a1CHRISTIAN NODAL CONQUISTA CDMX CON DOS FECHAS M\u00c1S DE PA\u2019L CORA TOUR EN EL AUDITORIO NACIONAL! 9 Y 11 DE JUNIO \u2013 NUEVAS FECHAS 7 Y 8 DE JUNIO \u2013 SOLD OUT Tras dos rotundos&nbsp;sold out&nbsp;en la CDMX, Christian Nodal, uno de los m\u00e1ximos exponentes del regional mexicano ha agregado dos nuevas fechas para consentir a sus miles de fans en la capital del pa\u00eds, el pr\u00f3ximo 9 y 11 de junio, en el majestuoso Auditorio Nacional. El int\u00e9rprete originario de Sonora irrumpi\u00f3 en la escena musical con su primer sencillo&nbsp;\u201cAdi\u00f3s Amor\u201d, una canci\u00f3n que&nbsp;conquist\u00f3 al p\u00fablico&nbsp;y lo catapult\u00f3 [&hellip;]<\/p>\n","protected":false},"author":1,"featured_media":56197,"comment_status":"closed","ping_status":"closed","sticky":false,"template":"","format":"standard","meta":{"footnotes":""},"categories":[9,11],"tags":[],"_links":{"self":[{"href":"https:\/\/www.bitacoracdmx.com\/index.php?rest_route=\/wp\/v2\/posts\/56196"}],"collection":[{"href":"https:\/\/www.bitacoracdmx.com\/index.php?rest_route=\/wp\/v2\/posts"}],"about":[{"href":"https:\/\/www.bitacoracdmx.com\/index.php?rest_route=\/wp\/v2\/types\/post"}],"author":[{"embeddable":true,"href":"https:\/\/www.bitacoracdmx.com\/index.php?rest_route=\/wp\/v2\/users\/1"}],"replies":[{"embeddable":true,"href":"https:\/\/www.bitacoracdmx.com\/index.php?rest_route=%2Fwp%2Fv2%2Fcomments&post=56196"}],"version-history":[{"count":1,"href":"https:\/\/www.bitacoracdmx.com\/index.php?rest_route=\/wp\/v2\/posts\/56196\/revisions"}],"predecessor-version":[{"id":56198,"href":"https:\/\/www.bitacoracdmx.com\/index.php?rest_route=\/wp\/v2\/posts\/56196\/revisions\/56198"}],"wp:featuredmedia":[{"embeddable":true,"href":"https:\/\/www.bitacoracdmx.com\/index.php?rest_route=\/wp\/v2\/media\/56197"}],"wp:attachment":[{"href":"https:\/\/www.bitacoracdmx.com\/index.php?rest_route=%2Fwp%2Fv2%2Fmedia&parent=56196"}],"wp:term":[{"taxonomy":"category","embeddable":true,"href":"https:\/\/www.bitacoracdmx.com\/index.php?rest_route=%2Fwp%2Fv2%2Fcategories&post=56196"},{"taxonomy":"post_tag","embeddable":true,"href":"https:\/\/www.bitacoracdmx.com\/index.php?rest_route=%2Fwp%2Fv2%2Ftags&post=56196"}],"curies":[{"name":"wp","href":"https:\/\/api.w.org\/{rel}","templated":true}]}}