{"id":56214,"date":"2024-04-19T03:50:42","date_gmt":"2024-04-19T03:50:42","guid":{"rendered":"https:\/\/www.bitacoracdmx.com\/?p=56214"},"modified":"2024-04-19T03:50:43","modified_gmt":"2024-04-19T03:50:43","slug":"carlos-vives-recorrera-varias-ciudades-de-mexico-con-su-nuevo-tour","status":"publish","type":"post","link":"https:\/\/www.bitacoracdmx.com\/?p=56214","title":{"rendered":"Carlos Vives recorrer\u00e1 varias ciudades de M\u00e9xico con su nuevo tour"},"content":{"rendered":"\n<p><\/p>\n\n\n\n<p>REDACCI\u00d3N<\/p>\n\n\n\n<h3 class=\"wp-block-heading\">\u00a1CARLOS VIVES LLEGA CON EL ROCK DE MI PUEBLO VIVE TOUR A M\u00c9XICO!<\/h3>\n\n\n\n<h3 class=\"wp-block-heading\">GRAN VENTA HSBC: 22 Y 23 DE ABRIL \/ 10 AM<\/h3>\n\n\n\n<p>30 DE AGOSTO \u2013 ESCENARIO GNP SEGUROS \u2013 MONTERREY<\/p>\n\n\n\n<p>1 DE SEPTIEMBRE \u2013 FORO GNP SEGUROS \u2013 M\u00c9RIDA<\/p>\n\n\n\n<p>3 DE SEPTIEMBRE \u2013 AUDITORIO TELMEX \u2013 GUADALAJARA<\/p>\n\n\n\n<p>6 DE SEPTIEMBRE \u2013 AUDITORIO GNP SEGUROS \u2013 PUEBLA<\/p>\n\n\n\n<p>7 DE SEPTIEMBRE \u2013 AUDITORIO NACIONAL \u2013 CDMX<\/p>\n\n\n\n<p><strong>Carlos Vives<\/strong>, el astro de la m\u00fasica colombiana anunci\u00f3 su gira&nbsp;<strong><em>El Rock De Mi Pueblo Vive<\/em><\/strong>&nbsp;por Europa y Latinoam\u00e9rica. La gira ser\u00e1 una fiesta musical para celebrar el sonido al que le dio vida hace m\u00e1s de 30 a\u00f1os y con el que traspas\u00f3 fronteras, cambiando para siempre el panorama de la m\u00fasica latina. En 2023 se conmemoraron tres d\u00e9cadas de la carrera del artista, que se prepara para seguir llevando su voz y la bandera de Colombia por el mundo.<\/p>\n\n\n\n<p>El tour&nbsp;<strong><em>El Rock De Mi Pueblo Vive<\/em><\/strong>&nbsp;es un homenaje al movimiento que Carlos Vives gest\u00f3 en los a\u00f1os noventa y con el que lider\u00f3 a una nueva generaci\u00f3n de m\u00fasicos y artistas que siguieron su huella, apost\u00e1ndole a la m\u00fasica local y a los sonidos de la colombianidad, enmarcados dentro de un concepto al que se denomin\u00f3&nbsp;<strong>\u201cEl Colombian Pop\u201d.<\/strong><\/p>\n\n\n\n<p>Carlos Vives tambi\u00e9n fue un reconocido actor que protagoniz\u00f3 un gran n\u00famero de telenovelas tales como \u201cEl Gallito Ramirez (1987), \u201cTiempo sin Huella\u201d(1982), \u201cTuyo es mi coraz\u00f3n\u201d (1985), por mencionar algunas.<\/p>\n\n\n\n<p><strong>Carlos ha demostrado ser tan impactante filantr\u00f3picamente como creativamente. Su devoci\u00f3n por mejorar el mundo ha sido constantemente elogiada. La Revista Gerente lo eligi\u00f3 entre 100 l\u00edderes de la sociedad colombiana y fue honrado con el Premio Bravo, el Premio Impacto Latino, y el Premio Global Gift Philanthropist por su trabajo con su organizaci\u00f3n sin fines de lucro Tras La Perla.<\/strong><\/p>\n\n\n\n<p>Recientemente Vives recibi\u00f3 su Latin GRAMMY\u00ae n\u00famero 18 en la categor\u00eda&nbsp;<em>Mejor \u00c1lbum de Cumbia\/Vallenato<\/em>&nbsp;y una nominaci\u00f3n a los Premios GRAMMY\u00ae 2024 como&nbsp;<em>Mejor \u00c1lbum Tropical Latino&nbsp;<\/em>con su m\u00e1s reciente producci\u00f3n&nbsp;<strong><em>Escalona nunca se hab\u00eda grabado as\u00ed<\/em><\/strong>, un viaje hacia sus ra\u00edces y el \u00e9xito que lo convirti\u00f3 en embajador del sonido colombiano en el mundo.<\/p>\n\n\n\n<p>No te pierdas la aclamada gira de Carlos Vives, uno de los artistas que ha marcado a generaciones enteras a trav\u00e9s de la m\u00fasica. Los boletos estar\u00e1n disponibles en la\u00a0<strong>Gran Venta HSBC el 22 y 23 de abril a las 10:00 AM<\/strong>; mientras que la\u00a0<strong>venta general iniciar\u00e1 el 17 de abril<\/strong>\u00a0a trav\u00e9s de Ticketmaster o en las taquillas del inmueble.\u00a0<\/p>\n\n\n\n<p><a href=\"https:\/\/www.facebook.com\/hashtag\/carlosvives?__eep__=6&amp;__cft__[0]=AZX4z2-Y1datz4VBJk9igsnBErXH5t9bGUWsJqwAWiaFNNHuxG46SJoRvn2UgeRpSKCCjWZU0uBwHdM2vYMR6LpS6bE_JbsAXx4p6XxOnrvsnhfUh-rPLZHppxFRqEMIBk1Uxp06aiM6XjVvTudCKaS_MtMzFdq4_NhUztv690NO9A&amp;__tn__=*NK-R\">#CarlosVives<\/a><\/p>\n\n\n\n<p><a href=\"https:\/\/www.facebook.com\/hashtag\/auditorionacional?__eep__=6&amp;__cft__[0]=AZX4z2-Y1datz4VBJk9igsnBErXH5t9bGUWsJqwAWiaFNNHuxG46SJoRvn2UgeRpSKCCjWZU0uBwHdM2vYMR6LpS6bE_JbsAXx4p6XxOnrvsnhfUh-rPLZHppxFRqEMIBk1Uxp06aiM6XjVvTudCKaS_MtMzFdq4_NhUztv690NO9A&amp;__tn__=*NK-R\">#AuditorioNacional<\/a><\/p>\n\n\n\n<p><a href=\"https:\/\/www.facebook.com\/hashtag\/ocesa?__eep__=6&amp;__cft__[0]=AZX4z2-Y1datz4VBJk9igsnBErXH5t9bGUWsJqwAWiaFNNHuxG46SJoRvn2UgeRpSKCCjWZU0uBwHdM2vYMR6LpS6bE_JbsAXx4p6XxOnrvsnhfUh-rPLZHppxFRqEMIBk1Uxp06aiM6XjVvTudCKaS_MtMzFdq4_NhUztv690NO9A&amp;__tn__=*NK-R\">#OCESA<\/a><\/p>\n\n\n\n<p><a href=\"https:\/\/www.facebook.com\/hashtag\/ticketmaster?__eep__=6&amp;__cft__[0]=AZX4z2-Y1datz4VBJk9igsnBErXH5t9bGUWsJqwAWiaFNNHuxG46SJoRvn2UgeRpSKCCjWZU0uBwHdM2vYMR6LpS6bE_JbsAXx4p6XxOnrvsnhfUh-rPLZHppxFRqEMIBk1Uxp06aiM6XjVvTudCKaS_MtMzFdq4_NhUztv690NO9A&amp;__tn__=*NK-R\">#ticketmaster<\/a><\/p>\n\n\n\n<p><a href=\"https:\/\/www.facebook.com\/hashtag\/bitacoracdmx?__eep__=6&amp;__cft__[0]=AZX4z2-Y1datz4VBJk9igsnBErXH5t9bGUWsJqwAWiaFNNHuxG46SJoRvn2UgeRpSKCCjWZU0uBwHdM2vYMR6LpS6bE_JbsAXx4p6XxOnrvsnhfUh-rPLZHppxFRqEMIBk1Uxp06aiM6XjVvTudCKaS_MtMzFdq4_NhUztv690NO9A&amp;__tn__=*NK-R\">#bitacoracdmx<\/a><\/p>\n","protected":false},"excerpt":{"rendered":"<p>REDACCI\u00d3N \u00a1CARLOS VIVES LLEGA CON EL ROCK DE MI PUEBLO VIVE TOUR A M\u00c9XICO! GRAN VENTA HSBC: 22 Y 23 DE ABRIL \/ 10 AM 30 DE AGOSTO \u2013 ESCENARIO GNP SEGUROS \u2013 MONTERREY 1 DE SEPTIEMBRE \u2013 FORO GNP SEGUROS \u2013 M\u00c9RIDA 3 DE SEPTIEMBRE \u2013 AUDITORIO TELMEX \u2013 GUADALAJARA 6 DE SEPTIEMBRE \u2013 AUDITORIO GNP SEGUROS \u2013 PUEBLA 7 DE SEPTIEMBRE \u2013 AUDITORIO NACIONAL \u2013 CDMX Carlos Vives, el astro de la m\u00fasica colombiana anunci\u00f3 su gira&nbsp;El Rock De Mi Pueblo Vive&nbsp;por Europa y Latinoam\u00e9rica. La gira ser\u00e1 una fiesta musical para celebrar el sonido al que le [&hellip;]<\/p>\n","protected":false},"author":1,"featured_media":56215,"comment_status":"closed","ping_status":"closed","sticky":false,"template":"","format":"standard","meta":{"footnotes":""},"categories":[9,11],"tags":[],"_links":{"self":[{"href":"https:\/\/www.bitacoracdmx.com\/index.php?rest_route=\/wp\/v2\/posts\/56214"}],"collection":[{"href":"https:\/\/www.bitacoracdmx.com\/index.php?rest_route=\/wp\/v2\/posts"}],"about":[{"href":"https:\/\/www.bitacoracdmx.com\/index.php?rest_route=\/wp\/v2\/types\/post"}],"author":[{"embeddable":true,"href":"https:\/\/www.bitacoracdmx.com\/index.php?rest_route=\/wp\/v2\/users\/1"}],"replies":[{"embeddable":true,"href":"https:\/\/www.bitacoracdmx.com\/index.php?rest_route=%2Fwp%2Fv2%2Fcomments&post=56214"}],"version-history":[{"count":1,"href":"https:\/\/www.bitacoracdmx.com\/index.php?rest_route=\/wp\/v2\/posts\/56214\/revisions"}],"predecessor-version":[{"id":56216,"href":"https:\/\/www.bitacoracdmx.com\/index.php?rest_route=\/wp\/v2\/posts\/56214\/revisions\/56216"}],"wp:featuredmedia":[{"embeddable":true,"href":"https:\/\/www.bitacoracdmx.com\/index.php?rest_route=\/wp\/v2\/media\/56215"}],"wp:attachment":[{"href":"https:\/\/www.bitacoracdmx.com\/index.php?rest_route=%2Fwp%2Fv2%2Fmedia&parent=56214"}],"wp:term":[{"taxonomy":"category","embeddable":true,"href":"https:\/\/www.bitacoracdmx.com\/index.php?rest_route=%2Fwp%2Fv2%2Fcategories&post=56214"},{"taxonomy":"post_tag","embeddable":true,"href":"https:\/\/www.bitacoracdmx.com\/index.php?rest_route=%2Fwp%2Fv2%2Ftags&post=56214"}],"curies":[{"name":"wp","href":"https:\/\/api.w.org\/{rel}","templated":true}]}}