{"id":56226,"date":"2024-04-19T04:32:00","date_gmt":"2024-04-19T04:32:00","guid":{"rendered":"https:\/\/www.bitacoracdmx.com\/?p=56226"},"modified":"2024-04-19T04:32:02","modified_gmt":"2024-04-19T04:32:02","slug":"ramon-diaz-dirigira-este-verano-a-la-seleccion-u18-varonil-de-canada","status":"publish","type":"post","link":"https:\/\/www.bitacoracdmx.com\/?p=56226","title":{"rendered":"RAM\u00d3N D\u00cdAZ\u00a0 dirigir\u00e1 este verano a la SELECCI\u00d3N U18 VARONIL de CANAD\u00c1"},"content":{"rendered":"\n<p><\/p>\n\n\n\n<p>REDACCI\u00d3N<\/p>\n\n\n\n<p>La Federaci\u00f3n de Baloncesto de Canad\u00e1 anunci\u00f3 que Ram\u00f3n D\u00edaz ha sido nombrado entrenador principal del Equipo Nacional Masculino Sub-18 de Canad\u00e1 para la pr\u00f3xima Copa Am\u00e9rica Masculina Sub-18 de la FIBA 2024, que se llevar\u00e1 a cabo este verano en Buenos Aires, Argentina, del 3 al 9 de junio.<\/p>\n\n\n\n<p>&#8220;Estoy verdaderamente emocionado y agradecido por la oportunidad de ser parte de este proyecto&#8221;. Trabajar en una de las mejores instituciones a nivel mundial es un sue\u00f1o hecho realidad para m\u00ed, y lo considero un honor y un privilegio. El ascenso del \u00e9xito de la juventud canadiense en este pa\u00eds es muy emocionante. No puedo esperar para entrenar a este equipo Sub-18 y, con suerte, llevarlos de nuevo al podio. Quiero expresar mi m\u00e1s profundo agradecimiento por esta incre\u00edble oportunidad&#8221; coment\u00f3 D\u00edaz.<\/p>\n\n\n\n<p>D\u00edaz es el entrenador principal de los Capitanes de la Ciudad de M\u00e9xico, un papel que ha ocupado durante las \u00faltimas cinco temporadas desde la creaci\u00f3n del club en 2017. Los Capitanes tuvieron un r\u00e9cord de 19-15 esta temporada, quedando fuera de los playoffs de la NBA G-League por poco. En sus dos primeras temporadas con el equipo, y antes de que la Ciudad de M\u00e9xico se uniera a la G-League, los Capitanes llegaron a las finales de la Liga Nacional de Baloncesto Profesional (LNBP) dos veces en M\u00e9xico. D\u00edaz comenz\u00f3 su carrera como entrenador en la temporada 2010-11 con el Ciudad de Guadix en la Liga Espa\u00f1ola de Baloncesto Aficionado. D\u00edaz tambi\u00e9n tiene experiencia como entrenador nacional como asistente del Equipo Nacional Masculino de M\u00e9xico, incluyendo ayudar a llevar al equipo de vuelta a la Copa Mundial de Baloncesto Masculino de la FIBA en 2014 por primera vez en 40 a\u00f1os.<\/p>\n\n\n\n<p>Nathan Grant, Charles Hantoumakos y Kyle Landry se unir\u00e1n al equipo de D\u00edaz como entrenadores asistentes para la Copa Am\u00e9rica Masculina Sub-18 de la FIBA 2024.<\/p>\n\n\n\n<p><a href=\"https:\/\/www.facebook.com\/hashtag\/ramondiaz?__eep__=6&amp;__cft__[0]=AZXbUltnAcfTI0i-c2l5xO-Sbj62hwr8hfTT6rkf9IIE0Mk1DUDmpR2gstvRciQA6LPEe68GXF0CKgKIrZWlCIBHyc0Vzh3XWDVuV-WGNHnQWHQqjwUSdJqqIbs6C9lkl7KAUEGifc47pc-kepERb8Lz2x8wxlEdlaFYhgRDJq1LdQ&amp;__tn__=*NK-R\">#RamonDiaz<\/a><\/p>\n\n\n\n<p><a href=\"https:\/\/www.facebook.com\/hashtag\/fiba?__eep__=6&amp;__cft__[0]=AZXbUltnAcfTI0i-c2l5xO-Sbj62hwr8hfTT6rkf9IIE0Mk1DUDmpR2gstvRciQA6LPEe68GXF0CKgKIrZWlCIBHyc0Vzh3XWDVuV-WGNHnQWHQqjwUSdJqqIbs6C9lkl7KAUEGifc47pc-kepERb8Lz2x8wxlEdlaFYhgRDJq1LdQ&amp;__tn__=*NK-R\">#FIBA<\/a><\/p>\n\n\n\n<p><a href=\"https:\/\/www.facebook.com\/hashtag\/bitacoracdmx?__eep__=6&amp;__cft__[0]=AZXbUltnAcfTI0i-c2l5xO-Sbj62hwr8hfTT6rkf9IIE0Mk1DUDmpR2gstvRciQA6LPEe68GXF0CKgKIrZWlCIBHyc0Vzh3XWDVuV-WGNHnQWHQqjwUSdJqqIbs6C9lkl7KAUEGifc47pc-kepERb8Lz2x8wxlEdlaFYhgRDJq1LdQ&amp;__tn__=*NK-R\">#bitacoracdmx<\/a><\/p>\n","protected":false},"excerpt":{"rendered":"<p>REDACCI\u00d3N La Federaci\u00f3n de Baloncesto de Canad\u00e1 anunci\u00f3 que Ram\u00f3n D\u00edaz ha sido nombrado entrenador principal del Equipo Nacional Masculino Sub-18 de Canad\u00e1 para la pr\u00f3xima Copa Am\u00e9rica Masculina Sub-18 de la FIBA 2024, que se llevar\u00e1 a cabo este verano en Buenos Aires, Argentina, del 3 al 9 de junio. &#8220;Estoy verdaderamente emocionado y agradecido por la oportunidad de ser parte de este proyecto&#8221;. Trabajar en una de las mejores instituciones a nivel mundial es un sue\u00f1o hecho realidad para m\u00ed, y lo considero un honor y un privilegio. El ascenso del \u00e9xito de la juventud canadiense en este [&hellip;]<\/p>\n","protected":false},"author":1,"featured_media":56227,"comment_status":"closed","ping_status":"closed","sticky":false,"template":"","format":"standard","meta":{"footnotes":""},"categories":[6,9],"tags":[],"_links":{"self":[{"href":"https:\/\/www.bitacoracdmx.com\/index.php?rest_route=\/wp\/v2\/posts\/56226"}],"collection":[{"href":"https:\/\/www.bitacoracdmx.com\/index.php?rest_route=\/wp\/v2\/posts"}],"about":[{"href":"https:\/\/www.bitacoracdmx.com\/index.php?rest_route=\/wp\/v2\/types\/post"}],"author":[{"embeddable":true,"href":"https:\/\/www.bitacoracdmx.com\/index.php?rest_route=\/wp\/v2\/users\/1"}],"replies":[{"embeddable":true,"href":"https:\/\/www.bitacoracdmx.com\/index.php?rest_route=%2Fwp%2Fv2%2Fcomments&post=56226"}],"version-history":[{"count":1,"href":"https:\/\/www.bitacoracdmx.com\/index.php?rest_route=\/wp\/v2\/posts\/56226\/revisions"}],"predecessor-version":[{"id":56228,"href":"https:\/\/www.bitacoracdmx.com\/index.php?rest_route=\/wp\/v2\/posts\/56226\/revisions\/56228"}],"wp:featuredmedia":[{"embeddable":true,"href":"https:\/\/www.bitacoracdmx.com\/index.php?rest_route=\/wp\/v2\/media\/56227"}],"wp:attachment":[{"href":"https:\/\/www.bitacoracdmx.com\/index.php?rest_route=%2Fwp%2Fv2%2Fmedia&parent=56226"}],"wp:term":[{"taxonomy":"category","embeddable":true,"href":"https:\/\/www.bitacoracdmx.com\/index.php?rest_route=%2Fwp%2Fv2%2Fcategories&post=56226"},{"taxonomy":"post_tag","embeddable":true,"href":"https:\/\/www.bitacoracdmx.com\/index.php?rest_route=%2Fwp%2Fv2%2Ftags&post=56226"}],"curies":[{"name":"wp","href":"https:\/\/api.w.org\/{rel}","templated":true}]}}