{"id":56961,"date":"2024-09-17T03:40:28","date_gmt":"2024-09-17T03:40:28","guid":{"rendered":"https:\/\/www.bitacoracdmx.com\/?p=56961"},"modified":"2024-09-17T03:40:31","modified_gmt":"2024-09-17T03:40:31","slug":"la-castaneda-hara-su-ultimo-show-en-morelia-y-queretaro-en-el-marco-del-festival-demolicion","status":"publish","type":"post","link":"https:\/\/www.bitacoracdmx.com\/?p=56961","title":{"rendered":"La CASTA\u00d1EDA har\u00e1 su \u00faltimo show en MORELIA y QUER\u00c9TARO en el marco del FESTIVAL DEMOLICI\u00d3N"},"content":{"rendered":"\n<p><\/p>\n\n\n\n<p>REDACCI\u00d3N<\/p>\n\n\n\n<p><em>*El Festival se llevar\u00e1 a cabo el viernes 11 de octubre en el Club Latino de Quer\u00e9taro. Un d\u00eda despu\u00e9s, llegan el s\u00e1bado 12 de octubre, en el Sal\u00f3n Arena de Morelia<\/em><\/p>\n\n\n\n<p><em>*Los boletos para ambas fechas ya est\u00e1n a la venta a trav\u00e9s del sistema TicketApp<\/em><\/p>\n\n\n\n<p>El 11 de octubre en Quer\u00e9taro y el 12 de octubre en Morelia marcar\u00e1n un antes y un despu\u00e9s en la historia del rock en cada uno de \u00e9sos estados, cuando el festival&nbsp;<em>Demolici\u00f3n<\/em>&nbsp;llegue con una alineaci\u00f3n imperdible que promete sacudir a miles de fan\u00e1ticos. Este festival ser\u00e1 m\u00e1s que una simple celebraci\u00f3n de m\u00fasica: ser\u00e1 la despedida definitiva de&nbsp;<em>La Casta\u00f1eda<\/em>, una de las bandas m\u00e1s influyentes en la escena del rock mexicano, que cerrar\u00e1 su carrera en estos dos conciertos hist\u00f3ricos para sus fans de ambas entidades. Para los seguidores de&nbsp;<em>Quer\u00e9taro<\/em>&nbsp;y&nbsp;<em>Morelia<\/em>, esta ser\u00e1 la \u00faltima oportunidad de ver en vivo a una agrupaci\u00f3n que durante m\u00e1s de tres d\u00e9cadas ha marcado el coraz\u00f3n de varias generaciones.<\/p>\n\n\n\n<p>Los boletos para ambas fechas ya est\u00e1n a la venta a trav\u00e9s del sistema&nbsp;<em>TicketApp<\/em>, por lo que los fan\u00e1ticos que no quieran perderse esta oportunidad \u00fanica deber\u00e1n asegurar sus entradas lo antes posible, ya que se espera un lleno total.<\/p>\n\n\n\n<p>La primera fecha del festival se llevar\u00e1 a cabo el viernes 11 de octubre en el&nbsp;<em>Club Latino<\/em>&nbsp;de Quer\u00e9taro, un recinto que ha albergado algunos de los conciertos m\u00e1s memorables de la ciudad. Al d\u00eda siguiente, el s\u00e1bado 12 de octubre,&nbsp;<em>Demolici\u00f3n<\/em>&nbsp;har\u00e1 su aparici\u00f3n en&nbsp;<em>Sal\u00f3n Arena<\/em>&nbsp;de Morelia, un espacio conocido por su excelente ac\u00fastica y por ser un referente en la presentaci\u00f3n de eventos masivos en la capital michoacana. En ambas ciudades, el cartel estar\u00e1 protagonizado no solo por&nbsp;<em>La Casta\u00f1eda<\/em>, sino tambi\u00e9n por una serie de bandas legendarias que compartir\u00e1n escenario en lo que promete ser uno de los festivales m\u00e1s significativos de los \u00faltimos a\u00f1os.<\/p>\n\n\n\n<p>Sin lugar a dudas, la mayor expectaci\u00f3n gira en torno a&nbsp;<em>La Casta\u00f1eda<\/em>, banda que ha anunciado que estos dos conciertos en&nbsp;<em>Quer\u00e9taro<\/em>&nbsp;y&nbsp;<em>Morelia<\/em>&nbsp;ser\u00e1n los \u00faltimos que ofrecer\u00e1n en estas ciudades. Formada en 1989, la agrupaci\u00f3n ha dejado una huella imborrable en la m\u00fasica mexicana, caracterizada por su fusi\u00f3n de g\u00e9neros, su est\u00e9tica teatral y su singular forma de abordar temas profundos y oscuros, como la locura y la condici\u00f3n humana. La Casta\u00f1eda ha sido aclamada por su capacidad de combinar lo mejor del rock con un estilo \u00fanico, acompa\u00f1ado de elaboradas puestas en escena que siempre han sorprendido a sus seguidores.<\/p>\n\n\n\n<p>En el marco de su gira de despedida,&nbsp;<em>La Casta\u00f1eda<\/em>&nbsp;ha recorrido diferentes ciudades de M\u00e9xico, despidi\u00e9ndose con conciertos cargados de emoci\u00f3n y una nostalgia palpable en cada presentaci\u00f3n. Esta gira, titulada &#8220;El Fuego de la Memoria&#8221;, ha sido una celebraci\u00f3n de su legado musical y una oportunidad para que los fans revivan \u00e9xitos como \u201cCenit\u201d, \u201cTransfusi\u00f3n\u201d, \u201cOr\u00edgenes\u201d y \u201cNoches de Tu Piel\u201d, entre muchos otros. Los conciertos en&nbsp;<em>Quer\u00e9taro<\/em>&nbsp;y&nbsp;<em>Morelia<\/em>&nbsp;ser\u00e1n la \u00faltima vez que sus seguidores de estas ciudades puedan corear en vivo esas canciones que marcaron una era.<\/p>\n\n\n\n<p>Otra de las grandes sorpresas de&nbsp;<em>Demolici\u00f3n<\/em>&nbsp;es la presencia de&nbsp;<em>Elefantes<\/em>, la banda espa\u00f1ola de rock alternativo que llega a M\u00e9xico para celebrar sus 30 a\u00f1os de trayectoria. Formada en Barcelona a principios de los 90, la agrupaci\u00f3n ha conquistado al p\u00fablico con su particular estilo que mezcla rock, pop, flamenco y otros g\u00e9neros, resultando en una propuesta musical aut\u00e9ntica y llena de matices. En el marco de su trig\u00e9simo aniversario, la banda llega a M\u00e9xico con una energ\u00eda renovada y una gira que ha sido aclamada en diversos pa\u00edses. En&nbsp;<em>Demolici\u00f3n<\/em>,&nbsp;<em>Elefantes<\/em>&nbsp;brindar\u00e1 un recorrido por sus tres d\u00e9cadas de \u00e9xitos, lo que sin duda a\u00f1adir\u00e1 un toque especial a un festival ya de por s\u00ed cargado de emotividad.<\/p>\n\n\n\n<p>Junto a&nbsp;<em>La Casta\u00f1eda<\/em>&nbsp;y&nbsp;<em>Elefantes<\/em>, otro de los grandes atractivos del cartel es la m\u00edtica banda mexicana&nbsp;<em>Los Amantes de Lola<\/em>. Formados a finales de los a\u00f1os 80,&nbsp;<em>Los Amantes de Lola<\/em>&nbsp;fueron una de las agrupaciones m\u00e1s importantes de la llamada &#8220;era dorada del rock en tu idioma&#8221;. Con su estilo influenciado por el rock brit\u00e1nico y el post-punk, temas como \u201cBeber de tu sangre\u201d, \u201cMam\u00e1\u201d y \u201cLa Flor de Bagdad\u201d se convirtieron en \u00e9xitos que definieron una generaci\u00f3n. Despu\u00e9s de un periodo de pausa, la banda ha regresado a los escenarios para deleitar a sus seguidores con su inconfundible sonido, y su participaci\u00f3n en&nbsp;<em>Demolici\u00f3n<\/em>&nbsp;ser\u00e1 sin duda una de las m\u00e1s esperadas.<\/p>\n\n\n\n<p><em>Demolici\u00f3n<\/em>&nbsp;tambi\u00e9n contar\u00e1 con la presencia de&nbsp;<em>Kenny y los El\u00e9ctricos<\/em>, una de las bandas pioneras del rock en M\u00e9xico. Formada en los a\u00f1os 80,&nbsp;<em>Kenny Avil\u00e9s<\/em>, l\u00edder y vocalista del grupo, ha sido considerada una de las voces m\u00e1s ic\u00f3nicas del rock nacional. Con una carrera que abarca m\u00e1s de tres d\u00e9cadas, la banda ha sabido mantenerse vigente en la escena gracias a su actitud rebelde y a temas inolvidables como \u201cNo huyas de m\u00ed\u201d y \u201cElectrik\u201d. Para los asistentes al festival, ver a&nbsp;<em>Kenny y los El\u00e9ctricos<\/em>&nbsp;en vivo ser\u00e1 una experiencia cargada de energ\u00eda y nostalgia, recordando los a\u00f1os en que el rock nacional luchaba por abrirse paso en la escena musical.<\/p>\n\n\n\n<p>Por si fuera poco, el festival tambi\u00e9n contar\u00e1 con la participaci\u00f3n de&nbsp;<em>Whisky Caravan<\/em>, una de las bandas m\u00e1s prometedoras de la escena del rock en espa\u00f1ol. Formada en Espa\u00f1a, esta agrupaci\u00f3n ha ganado terreno r\u00e1pidamente gracias a su estilo melanc\u00f3lico y su l\u00edrica introspectiva, con influencias que van desde el grunge hasta el rock alternativo. Canciones como \u201cAqu\u00ed y ahora\u201d y \u201cNaufragio\u201d han resonado entre las nuevas generaciones, y su participaci\u00f3n en&nbsp;<em>Demolici\u00f3n<\/em>&nbsp;ser\u00e1 una excelente oportunidad para que el p\u00fablico mexicano los descubra en todo su esplendor.<\/p>\n\n\n\n<p>El festival\u00a0<em>Demolici\u00f3n<\/em>\u00a0no solo es una cita imperdible por la magnitud de las bandas que se presentar\u00e1n, sino tambi\u00e9n porque marcar\u00e1 el final de una era con la despedida definitiva de\u00a0<em>La Casta\u00f1eda<\/em>\u00a0en\u00a0<em>Quer\u00e9taro<\/em>\u00a0y\u00a0<em>Morelia<\/em>. Los fans que deseen formar parte de esta experiencia inolvidable podr\u00e1n adquirir sus boletos a trav\u00e9s del sistema\u00a0<em>TicketApp<\/em>.\u00a0<\/p>\n\n\n\n<p><a href=\"https:\/\/www.facebook.com\/hashtag\/lacasta%C3%B1eda?__eep__=6&amp;__cft__[0]=AZWjPvkOF1h694X6wl4Dj4MXYWEkx4BSZgHcURoU5GDOfk5ZXtfnDQZSw7uPBiPjYmSBbuqYgJFAn_iNYnyvvSJhULZYCqF4l7fxq9CIYnQZkvNqjpEWCVXFgECq1lxrUxLR-hJdUWyzVs1eilE5sQFi69bM1r-AL1k8frimtB5JSw&amp;__tn__=*NK-R\">#LaCasta\u00f1eda<\/a><\/p>\n\n\n\n<p><a href=\"https:\/\/www.facebook.com\/hashtag\/festivaldemolicion?__eep__=6&amp;__cft__[0]=AZWjPvkOF1h694X6wl4Dj4MXYWEkx4BSZgHcURoU5GDOfk5ZXtfnDQZSw7uPBiPjYmSBbuqYgJFAn_iNYnyvvSJhULZYCqF4l7fxq9CIYnQZkvNqjpEWCVXFgECq1lxrUxLR-hJdUWyzVs1eilE5sQFi69bM1r-AL1k8frimtB5JSw&amp;__tn__=*NK-R\">#festivaldemolicion<\/a><\/p>\n\n\n\n<p><a href=\"https:\/\/www.facebook.com\/hashtag\/ticketapp?__eep__=6&amp;__cft__[0]=AZWjPvkOF1h694X6wl4Dj4MXYWEkx4BSZgHcURoU5GDOfk5ZXtfnDQZSw7uPBiPjYmSBbuqYgJFAn_iNYnyvvSJhULZYCqF4l7fxq9CIYnQZkvNqjpEWCVXFgECq1lxrUxLR-hJdUWyzVs1eilE5sQFi69bM1r-AL1k8frimtB5JSw&amp;__tn__=*NK-R\">#ticketapp<\/a><\/p>\n\n\n\n<p><a href=\"https:\/\/www.facebook.com\/hashtag\/bitacoracdmx?__eep__=6&amp;__cft__[0]=AZWjPvkOF1h694X6wl4Dj4MXYWEkx4BSZgHcURoU5GDOfk5ZXtfnDQZSw7uPBiPjYmSBbuqYgJFAn_iNYnyvvSJhULZYCqF4l7fxq9CIYnQZkvNqjpEWCVXFgECq1lxrUxLR-hJdUWyzVs1eilE5sQFi69bM1r-AL1k8frimtB5JSw&amp;__tn__=*NK-R\">#bitacoracdmx<\/a><\/p>\n","protected":false},"excerpt":{"rendered":"<p>REDACCI\u00d3N *El Festival se llevar\u00e1 a cabo el viernes 11 de octubre en el Club Latino de Quer\u00e9taro. Un d\u00eda despu\u00e9s, llegan el s\u00e1bado 12 de octubre, en el Sal\u00f3n Arena de Morelia *Los boletos para ambas fechas ya est\u00e1n a la venta a trav\u00e9s del sistema TicketApp El 11 de octubre en Quer\u00e9taro y el 12 de octubre en Morelia marcar\u00e1n un antes y un despu\u00e9s en la historia del rock en cada uno de \u00e9sos estados, cuando el festival&nbsp;Demolici\u00f3n&nbsp;llegue con una alineaci\u00f3n imperdible que promete sacudir a miles de fan\u00e1ticos. Este festival ser\u00e1 m\u00e1s que una simple celebraci\u00f3n [&hellip;]<\/p>\n","protected":false},"author":1,"featured_media":56962,"comment_status":"closed","ping_status":"closed","sticky":false,"template":"","format":"standard","meta":{"footnotes":""},"categories":[9,11],"tags":[],"_links":{"self":[{"href":"https:\/\/www.bitacoracdmx.com\/index.php?rest_route=\/wp\/v2\/posts\/56961"}],"collection":[{"href":"https:\/\/www.bitacoracdmx.com\/index.php?rest_route=\/wp\/v2\/posts"}],"about":[{"href":"https:\/\/www.bitacoracdmx.com\/index.php?rest_route=\/wp\/v2\/types\/post"}],"author":[{"embeddable":true,"href":"https:\/\/www.bitacoracdmx.com\/index.php?rest_route=\/wp\/v2\/users\/1"}],"replies":[{"embeddable":true,"href":"https:\/\/www.bitacoracdmx.com\/index.php?rest_route=%2Fwp%2Fv2%2Fcomments&post=56961"}],"version-history":[{"count":1,"href":"https:\/\/www.bitacoracdmx.com\/index.php?rest_route=\/wp\/v2\/posts\/56961\/revisions"}],"predecessor-version":[{"id":56963,"href":"https:\/\/www.bitacoracdmx.com\/index.php?rest_route=\/wp\/v2\/posts\/56961\/revisions\/56963"}],"wp:featuredmedia":[{"embeddable":true,"href":"https:\/\/www.bitacoracdmx.com\/index.php?rest_route=\/wp\/v2\/media\/56962"}],"wp:attachment":[{"href":"https:\/\/www.bitacoracdmx.com\/index.php?rest_route=%2Fwp%2Fv2%2Fmedia&parent=56961"}],"wp:term":[{"taxonomy":"category","embeddable":true,"href":"https:\/\/www.bitacoracdmx.com\/index.php?rest_route=%2Fwp%2Fv2%2Fcategories&post=56961"},{"taxonomy":"post_tag","embeddable":true,"href":"https:\/\/www.bitacoracdmx.com\/index.php?rest_route=%2Fwp%2Fv2%2Ftags&post=56961"}],"curies":[{"name":"wp","href":"https:\/\/api.w.org\/{rel}","templated":true}]}}