{"id":57332,"date":"2024-10-08T04:18:50","date_gmt":"2024-10-08T04:18:50","guid":{"rendered":"https:\/\/www.bitacoracdmx.com\/?p=57332"},"modified":"2024-10-08T04:18:52","modified_gmt":"2024-10-08T04:18:52","slug":"michael-jackson-sinfonico-revivira-los-mejores-exitos-del-rey-del-pop","status":"publish","type":"post","link":"https:\/\/www.bitacoracdmx.com\/?p=57332","title":{"rendered":"\u00a1MICHAEL JACKSON SINF\u00d3NICO revivir\u00e1 los MEJORES \u00c9XITOS del REY DEL POP!"},"content":{"rendered":"\n<p><\/p>\n\n\n\n<p>REDACCI\u00d3N<\/p>\n\n\n\n<p>2 DE DICIEMBRE-AUDITORIO NACIONAL<\/p>\n\n\n\n<p>PREVENTA CITIBANAMEX: MI\u00c9RCOLES 28 DE AGOSTO<\/p>\n\n\n\n<p>La ilusi\u00f3n de escuchar nuevamente los \u00e9xitos del &#8220;Rey del Pop&#8221; est\u00e1 m\u00e1s cerca que nunca, con MICHAEL JACKSON SINF\u00d3NICO, un recorrido por el legado musical de Michael Jackson, incluyendo sus grandes \u00e9xitos como &#8220;Thriller&#8221;, &#8220;Beat It&#8221; y &#8220;Billie Jean&#8221;, el pr\u00f3ximo 2 de diciembre al Auditorio Nacional.<\/p>\n\n\n\n<p>La ORQUESTA SINF\u00d3NICA DE M\u00c9XICO dirigida por RODRIGO MAC\u00cdAS interpretar\u00e1 un concierto sin precedentes que romper\u00e1 las barreras entre la m\u00fasica cl\u00e1sica y el pop, el soul y el rock, e incluir\u00e1 arreglos sinf\u00f3nicos de las canciones m\u00e1s populares del artista que te sorprender\u00e1 y emocionar\u00e1 como nunca antes.<\/p>\n\n\n\n<p>Gracias a &#8220;We Are the World&#8221;, Michael obtuvo el Grammy a Canci\u00f3n del A\u00f1o en 1986.<\/p>\n\n\n\n<p>Thriller de Michael Jackson sigue siendo uno de los discos m\u00e1s vendidos de la historia, con m\u00e1s de 50 millones de copias. \u00a1Una verdadera leyenda!<\/p>\n\n\n\n<p>Con el objetivo de ampliar el alcance de los grandes cl\u00e1sicos sinf\u00f3nicos a un p\u00fablico m\u00e1s diverso y joven, el director Rodrigo Mac\u00edas sumar\u00e1 una Rock Band y 6 fabulosos cantantes, que reinterpretar\u00e1n los \u00e9xitos m\u00e1s emblem\u00e1ticos del cantante, a trav\u00e9s de arreglos sinf\u00f3nicos in\u00e9ditos fusionados con el sonido de bajo, guitarras el\u00e9ctricas y bateria. Las piezas ic\u00f3nicas que han marcado varias generaciones cobrar\u00e1n nueva vida, con el hermoso sonido de una sinf\u00f3nica y elementos musicales contempor\u00e1neos.<\/p>\n\n\n\n<p>Aunque Michael Jackson nos dej\u00f3 hace 15 a\u00f1os, su legado sigue brillando m\u00e1s que nunca. Sus canciones atemporales contin\u00faan conmoviendo a millones de corazones. \u00danete a nosotros para celebrar la vida y la m\u00fasica del &#8220;Rey del Pop&#8221; con este emotivo homenaje, el pr\u00f3ximo 3 de diciembre en el Auditorio Nacional. Los boletos estar\u00e1n disponibles en Preventa Citibanamex a partir del 28 de agosto y, en venta general a partir del 29 de agosto en las taquillas del inmueble o a trav\u00e9s de Ticketmaster.<\/p>\n\n\n\n<p><a href=\"https:\/\/www.facebook.com\/hashtag\/michaeljackson?__eep__=6&amp;__cft__[0]=AZWEHX79NfOzGiRfP79JSpNTkrWs8pE6jmsVUIO_w-1ODe-XfYCFXW5vyLXujWEzqc5n75Y4-zJ0Xh6NC2W0SPFS6d9bR-19Knu_6StyL_vxyNgTcH4PoFDIbDnFRwuucU-Vt9TKu9gD2TrbGTREOnrD&amp;__tn__=*NK-R\">#michaeljackson<\/a><\/p>\n\n\n\n<p><a href=\"https:\/\/www.facebook.com\/hashtag\/orquestasinfonicademexico?__eep__=6&amp;__cft__[0]=AZWEHX79NfOzGiRfP79JSpNTkrWs8pE6jmsVUIO_w-1ODe-XfYCFXW5vyLXujWEzqc5n75Y4-zJ0Xh6NC2W0SPFS6d9bR-19Knu_6StyL_vxyNgTcH4PoFDIbDnFRwuucU-Vt9TKu9gD2TrbGTREOnrD&amp;__tn__=*NK-R\">#orquestasinfonicademexico<\/a><\/p>\n\n\n\n<p><a href=\"https:\/\/www.facebook.com\/hashtag\/auditorionacional?__eep__=6&amp;__cft__[0]=AZWEHX79NfOzGiRfP79JSpNTkrWs8pE6jmsVUIO_w-1ODe-XfYCFXW5vyLXujWEzqc5n75Y4-zJ0Xh6NC2W0SPFS6d9bR-19Knu_6StyL_vxyNgTcH4PoFDIbDnFRwuucU-Vt9TKu9gD2TrbGTREOnrD&amp;__tn__=*NK-R\">#AuditorioNacional<\/a><\/p>\n\n\n\n<p><a href=\"https:\/\/www.facebook.com\/hashtag\/ocesa?__eep__=6&amp;__cft__[0]=AZWEHX79NfOzGiRfP79JSpNTkrWs8pE6jmsVUIO_w-1ODe-XfYCFXW5vyLXujWEzqc5n75Y4-zJ0Xh6NC2W0SPFS6d9bR-19Knu_6StyL_vxyNgTcH4PoFDIbDnFRwuucU-Vt9TKu9gD2TrbGTREOnrD&amp;__tn__=*NK-R\">#OCESA<\/a><\/p>\n\n\n\n<p><a href=\"https:\/\/www.facebook.com\/hashtag\/ticketmaster?__eep__=6&amp;__cft__[0]=AZWEHX79NfOzGiRfP79JSpNTkrWs8pE6jmsVUIO_w-1ODe-XfYCFXW5vyLXujWEzqc5n75Y4-zJ0Xh6NC2W0SPFS6d9bR-19Knu_6StyL_vxyNgTcH4PoFDIbDnFRwuucU-Vt9TKu9gD2TrbGTREOnrD&amp;__tn__=*NK-R\">#ticketmaster<\/a><\/p>\n\n\n\n<p><a href=\"https:\/\/www.facebook.com\/hashtag\/bitacoracdmx?__eep__=6&amp;__cft__[0]=AZWEHX79NfOzGiRfP79JSpNTkrWs8pE6jmsVUIO_w-1ODe-XfYCFXW5vyLXujWEzqc5n75Y4-zJ0Xh6NC2W0SPFS6d9bR-19Knu_6StyL_vxyNgTcH4PoFDIbDnFRwuucU-Vt9TKu9gD2TrbGTREOnrD&amp;__tn__=*NK-R\">#bitacoracdmx<\/a><\/p>\n\n\n\n<p><a href=\"https:\/\/www.facebook.com\/hashtag\/cdmx?__eep__=6&amp;__cft__[0]=AZWEHX79NfOzGiRfP79JSpNTkrWs8pE6jmsVUIO_w-1ODe-XfYCFXW5vyLXujWEzqc5n75Y4-zJ0Xh6NC2W0SPFS6d9bR-19Knu_6StyL_vxyNgTcH4PoFDIbDnFRwuucU-Vt9TKu9gD2TrbGTREOnrD&amp;__tn__=*NK-R\">#CDMX<\/a><\/p>\n","protected":false},"excerpt":{"rendered":"<p>REDACCI\u00d3N 2 DE DICIEMBRE-AUDITORIO NACIONAL PREVENTA CITIBANAMEX: MI\u00c9RCOLES 28 DE AGOSTO La ilusi\u00f3n de escuchar nuevamente los \u00e9xitos del &#8220;Rey del Pop&#8221; est\u00e1 m\u00e1s cerca que nunca, con MICHAEL JACKSON SINF\u00d3NICO, un recorrido por el legado musical de Michael Jackson, incluyendo sus grandes \u00e9xitos como &#8220;Thriller&#8221;, &#8220;Beat It&#8221; y &#8220;Billie Jean&#8221;, el pr\u00f3ximo 2 de diciembre al Auditorio Nacional. La ORQUESTA SINF\u00d3NICA DE M\u00c9XICO dirigida por RODRIGO MAC\u00cdAS interpretar\u00e1 un concierto sin precedentes que romper\u00e1 las barreras entre la m\u00fasica cl\u00e1sica y el pop, el soul y el rock, e incluir\u00e1 arreglos sinf\u00f3nicos de las canciones m\u00e1s populares del artista [&hellip;]<\/p>\n","protected":false},"author":1,"featured_media":57333,"comment_status":"closed","ping_status":"closed","sticky":false,"template":"","format":"standard","meta":{"footnotes":""},"categories":[9,11],"tags":[],"_links":{"self":[{"href":"https:\/\/www.bitacoracdmx.com\/index.php?rest_route=\/wp\/v2\/posts\/57332"}],"collection":[{"href":"https:\/\/www.bitacoracdmx.com\/index.php?rest_route=\/wp\/v2\/posts"}],"about":[{"href":"https:\/\/www.bitacoracdmx.com\/index.php?rest_route=\/wp\/v2\/types\/post"}],"author":[{"embeddable":true,"href":"https:\/\/www.bitacoracdmx.com\/index.php?rest_route=\/wp\/v2\/users\/1"}],"replies":[{"embeddable":true,"href":"https:\/\/www.bitacoracdmx.com\/index.php?rest_route=%2Fwp%2Fv2%2Fcomments&post=57332"}],"version-history":[{"count":1,"href":"https:\/\/www.bitacoracdmx.com\/index.php?rest_route=\/wp\/v2\/posts\/57332\/revisions"}],"predecessor-version":[{"id":57334,"href":"https:\/\/www.bitacoracdmx.com\/index.php?rest_route=\/wp\/v2\/posts\/57332\/revisions\/57334"}],"wp:featuredmedia":[{"embeddable":true,"href":"https:\/\/www.bitacoracdmx.com\/index.php?rest_route=\/wp\/v2\/media\/57333"}],"wp:attachment":[{"href":"https:\/\/www.bitacoracdmx.com\/index.php?rest_route=%2Fwp%2Fv2%2Fmedia&parent=57332"}],"wp:term":[{"taxonomy":"category","embeddable":true,"href":"https:\/\/www.bitacoracdmx.com\/index.php?rest_route=%2Fwp%2Fv2%2Fcategories&post=57332"},{"taxonomy":"post_tag","embeddable":true,"href":"https:\/\/www.bitacoracdmx.com\/index.php?rest_route=%2Fwp%2Fv2%2Ftags&post=57332"}],"curies":[{"name":"wp","href":"https:\/\/api.w.org\/{rel}","templated":true}]}}