{"id":58244,"date":"2024-12-01T06:22:05","date_gmt":"2024-12-01T06:22:05","guid":{"rendered":"https:\/\/www.bitacoracdmx.com\/?p=58244"},"modified":"2024-12-01T06:22:07","modified_gmt":"2024-12-01T06:22:07","slug":"pilares-lugares-abiertos-para-las-personas-con-alguna-discapacidad-auditiva","status":"publish","type":"post","link":"https:\/\/www.bitacoracdmx.com\/?p=58244","title":{"rendered":"PILARES lugares abiertos para las personas con alguna DISCAPACIDAD AUDITIVA"},"content":{"rendered":"\n<p><\/p>\n\n\n\n<p>REDACCI\u00d3N<\/p>\n\n\n\n<ul>\n<li>En lo que va de 2024 PILARES ha atendido a m\u00e1s de 4 mil personas usuarias con alguna discapacidad auditiva<\/li>\n<\/ul>\n\n\n\n<p>Con motivo del D\u00eda Nacional de las Personas Sordas, conmemorado cada 28 de noviembre, el Subsistema de Educaci\u00f3n Comunitaria PILARES reafirma su compromiso con la inclusi\u00f3n y accesibilidad para las personas sordas de la Ciudad de M\u00e9xico, fomentando la participaci\u00f3n de la ciudadan\u00eda con alguna discapacidad auditiva en actividades educativas, culturales, deportivas y de autonom\u00eda econ\u00f3mica.<\/p>\n\n\n\n<p>A trav\u00e9s de los casi 300 Puntos de Innovaci\u00f3n, Libertad, Arte, Educaci\u00f3n y Saberes (PILARES), este sector de la poblaci\u00f3n encuentra espacios donde se valora su identidad y capacidad promoviendo el aprendizaje y la integraci\u00f3n en sus comunidades.&nbsp;<\/p>\n\n\n\n<p>Las personas sordas experimentan una p\u00e9rdida de audici\u00f3n profunda, lo que limita o elimina su capacidad de o\u00edr, por lo que se comunican principalmente a trav\u00e9s de la Lengua de Se\u00f1as Mexicana (LSM). Esta lengua, reconocida oficialmente como parte del patrimonio ling\u00fc\u00edstico de M\u00e9xico, combina signos gestuales, expresiones faciales y movimientos corporales con funci\u00f3n ling\u00fc\u00edstica.<\/p>\n\n\n\n<p>Para disminuir la desigualdad y aumentar la inclusi\u00f3n en la CDMX, los centros PILARES abren las puertas para aquellas personas que viven con alg\u00fan tipo de discapacidad auditiva. Este 2024 han acudido a las actividades de PILARES 4 mil 257 personas con un grado distinto de p\u00e9rdida de audici\u00f3n, el 66% son mujeres mientras que el 34% son hombres.&nbsp;<\/p>\n\n\n\n<p>En este sentido, el 39% de las personas que asisten a PILARES con dicha discapacidad tienen m\u00e1s de 60 a\u00f1os de edad, seguido del 20% son personas de entre 45 y 59 a\u00f1os; posteriormente un 18% j\u00f3venes de 15 y 29 a\u00f1os; 14% corresponde a edades entre 30 y 44 a\u00f1os; y el 9% son infancias entre 1-14 a\u00f1os.\u00a0<\/p>\n\n\n\n<p>El D\u00eda Nacional de las Personas Sordas, PILARES busca visibilizar la realidad de esta comunidad, destacando su cultura y derechos. Seg\u00fan la OMS, mil 500 millones de personas en el mundo tienen alg\u00fan grado de p\u00e9rdida auditiva, de las cuales 430 millones requieren rehabilitaci\u00f3n.<\/p>\n\n\n\n<p>En PILARES hay 35 talleristas, quienes imparten clases de Lengua de Se\u00f1as Mexicana, en 63 sedes de la CDMX, de forma gratuita. Para consultar en qu\u00e9 PILARES se imparten las clases se puede consultar el siguiente enlace: <a href=\"https:\/\/pilares.cdmx.gob.mx\/curso\/3\/lengua-de-senas-mexicana\">https:\/\/pilares.cdmx.gob.mx\/curso\/3\/lengua-de-senas-mexicana<\/a>\u00a0En el marco de esta conmemoraci\u00f3n, PILARES reitera su compromiso de continuar ofreciendo m\u00e1s actividades gratuitas y accesibles para toda la poblaci\u00f3n, promoviendo la integraci\u00f3n, participaci\u00f3n y el respeto hacia la comunidad sorda, bajo un enfoque de derechos humanos y equidad.<\/p>\n\n\n\n<p><a href=\"https:\/\/www.facebook.com\/hashtag\/pilares?__eep__=6&amp;__cft__[0]=AZXvvmI88sETKoaTmF_mFZmdnrTLrqa9wvaOutpaWglsZ3Kesl1tOG1GiU3OwBxM9Lgiz9PejrCd2sNwZprofvwMkEycsvJA55UmYJLiZ5J_6XE0PSyV2SziiIazOpqgfaZLGgUkSn25NN7XKxEyEDZv6B1hEuZLKDQpcZNyuYANAw&amp;__tn__=*NK-R\">#Pilares<\/a><\/p>\n\n\n\n<p><a href=\"https:\/\/www.facebook.com\/hashtag\/discapacidadauditiva?__eep__=6&amp;__cft__[0]=AZXvvmI88sETKoaTmF_mFZmdnrTLrqa9wvaOutpaWglsZ3Kesl1tOG1GiU3OwBxM9Lgiz9PejrCd2sNwZprofvwMkEycsvJA55UmYJLiZ5J_6XE0PSyV2SziiIazOpqgfaZLGgUkSn25NN7XKxEyEDZv6B1hEuZLKDQpcZNyuYANAw&amp;__tn__=*NK-R\">#DiscapacidadAuditiva<\/a><\/p>\n\n\n\n<p><a href=\"https:\/\/www.facebook.com\/hashtag\/gobiernocdmx?__eep__=6&amp;__cft__[0]=AZXvvmI88sETKoaTmF_mFZmdnrTLrqa9wvaOutpaWglsZ3Kesl1tOG1GiU3OwBxM9Lgiz9PejrCd2sNwZprofvwMkEycsvJA55UmYJLiZ5J_6XE0PSyV2SziiIazOpqgfaZLGgUkSn25NN7XKxEyEDZv6B1hEuZLKDQpcZNyuYANAw&amp;__tn__=*NK-R\">#GobiernoCDMX<\/a><\/p>\n\n\n\n<p><a href=\"https:\/\/www.facebook.com\/hashtag\/bitacoracdmx?__eep__=6&amp;__cft__[0]=AZXvvmI88sETKoaTmF_mFZmdnrTLrqa9wvaOutpaWglsZ3Kesl1tOG1GiU3OwBxM9Lgiz9PejrCd2sNwZprofvwMkEycsvJA55UmYJLiZ5J_6XE0PSyV2SziiIazOpqgfaZLGgUkSn25NN7XKxEyEDZv6B1hEuZLKDQpcZNyuYANAw&amp;__tn__=*NK-R\">#bitacoracdmx<\/a><\/p>\n\n\n\n<p><a href=\"https:\/\/www.facebook.com\/hashtag\/cdmx?__eep__=6&amp;__cft__[0]=AZXvvmI88sETKoaTmF_mFZmdnrTLrqa9wvaOutpaWglsZ3Kesl1tOG1GiU3OwBxM9Lgiz9PejrCd2sNwZprofvwMkEycsvJA55UmYJLiZ5J_6XE0PSyV2SziiIazOpqgfaZLGgUkSn25NN7XKxEyEDZv6B1hEuZLKDQpcZNyuYANAw&amp;__tn__=*NK-R\">#CDMX<\/a><\/p>\n","protected":false},"excerpt":{"rendered":"<p>REDACCI\u00d3N Con motivo del D\u00eda Nacional de las Personas Sordas, conmemorado cada 28 de noviembre, el Subsistema de Educaci\u00f3n Comunitaria PILARES reafirma su compromiso con la inclusi\u00f3n y accesibilidad para las personas sordas de la Ciudad de M\u00e9xico, fomentando la participaci\u00f3n de la ciudadan\u00eda con alguna discapacidad auditiva en actividades educativas, culturales, deportivas y de autonom\u00eda econ\u00f3mica. A trav\u00e9s de los casi 300 Puntos de Innovaci\u00f3n, Libertad, Arte, Educaci\u00f3n y Saberes (PILARES), este sector de la poblaci\u00f3n encuentra espacios donde se valora su identidad y capacidad promoviendo el aprendizaje y la integraci\u00f3n en sus comunidades.&nbsp; Las personas sordas experimentan una [&hellip;]<\/p>\n","protected":false},"author":1,"featured_media":58245,"comment_status":"closed","ping_status":"closed","sticky":false,"template":"","format":"standard","meta":{"footnotes":""},"categories":[4,9],"tags":[],"_links":{"self":[{"href":"https:\/\/www.bitacoracdmx.com\/index.php?rest_route=\/wp\/v2\/posts\/58244"}],"collection":[{"href":"https:\/\/www.bitacoracdmx.com\/index.php?rest_route=\/wp\/v2\/posts"}],"about":[{"href":"https:\/\/www.bitacoracdmx.com\/index.php?rest_route=\/wp\/v2\/types\/post"}],"author":[{"embeddable":true,"href":"https:\/\/www.bitacoracdmx.com\/index.php?rest_route=\/wp\/v2\/users\/1"}],"replies":[{"embeddable":true,"href":"https:\/\/www.bitacoracdmx.com\/index.php?rest_route=%2Fwp%2Fv2%2Fcomments&post=58244"}],"version-history":[{"count":1,"href":"https:\/\/www.bitacoracdmx.com\/index.php?rest_route=\/wp\/v2\/posts\/58244\/revisions"}],"predecessor-version":[{"id":58246,"href":"https:\/\/www.bitacoracdmx.com\/index.php?rest_route=\/wp\/v2\/posts\/58244\/revisions\/58246"}],"wp:featuredmedia":[{"embeddable":true,"href":"https:\/\/www.bitacoracdmx.com\/index.php?rest_route=\/wp\/v2\/media\/58245"}],"wp:attachment":[{"href":"https:\/\/www.bitacoracdmx.com\/index.php?rest_route=%2Fwp%2Fv2%2Fmedia&parent=58244"}],"wp:term":[{"taxonomy":"category","embeddable":true,"href":"https:\/\/www.bitacoracdmx.com\/index.php?rest_route=%2Fwp%2Fv2%2Fcategories&post=58244"},{"taxonomy":"post_tag","embeddable":true,"href":"https:\/\/www.bitacoracdmx.com\/index.php?rest_route=%2Fwp%2Fv2%2Ftags&post=58244"}],"curies":[{"name":"wp","href":"https:\/\/api.w.org\/{rel}","templated":true}]}}