{"id":58270,"date":"2024-12-01T17:00:46","date_gmt":"2024-12-01T17:00:46","guid":{"rendered":"https:\/\/www.bitacoracdmx.com\/?p=58270"},"modified":"2024-12-01T17:00:48","modified_gmt":"2024-12-01T17:00:48","slug":"del-30-de-noviembre-al-8-de-diciembre-la-feria-de-la-barbacoa-en-san-salvador-cuauhtenco-milpa-alta","status":"publish","type":"post","link":"https:\/\/www.bitacoracdmx.com\/?p=58270","title":{"rendered":"Del 30 de NOVIEMBRE al 8 de DICIEMBRE, LA FERIA DE LA BARBACOA, en SAN SALVADOR CUAUHTENCO, MILPA ALTA"},"content":{"rendered":"\n<p><\/p>\n\n\n\n<p>REDACCI\u00d3N<\/p>\n\n\n\n<ul>\n<li>Productores locales y de otras alcald\u00edas agasajar\u00e1n el paladar de todo visitante<\/li>\n\n\n\n<li>Acudir\u00e1n m\u00e1s de 40 productores y 30 artesanos&nbsp; y habr\u00e1 espect\u00e1culos musicales<\/li>\n\n\n\n<li>La feria es un esfuerzo de productores ganaderos para diversificar y fortalecer su econom\u00eda<\/li>\n<\/ul>\n\n\n\n<p>A partir de este S\u00e1bado 30 de Noviembre y hasta el pr\u00f3ximo Viernes 8 de Diciembre se llevar\u00e1 a cabo la Feria de la Barbacoa de San Salvador Cuauhtenco, en la alcald\u00eda Milpa Alta, un encuentro que reunir\u00e1 a unos 80 expositores, entre cocineras y cocineros tradicionales expertos en la preparaci\u00f3n de este platillo, as\u00ed como a artesanos de diferentes especialidades, adem\u00e1s de que habr\u00e1 espect\u00e1culos musicales.<\/p>\n\n\n\n<p>As\u00ed lo informaron la Secretar\u00eda de Turismo, Alejandra Frausto; la Directora General de Competitividad de la Sectur , Vanessa L\u00f3pez Gonz\u00e1lez; el alcalde de Milpa Alta, Octavio Rivero Villase\u00f1or, y el presidente de la Feria de la Barbacoa, Javier Renter\u00eda Lozada, quienes precisaron que este pueblo ganadero \u2013del sur de la Ciudad de M\u00e9xico\u2013 celebra m\u00e1s de 20 a\u00f1os de organizar la Feria de la Barbacoa, y, como en ocasiones precedentes, ha confirmado la participaci\u00f3n de ocho de los principales productores locales, y 40 m\u00e1s provenientes de otras alcald\u00edas, quienes ofrecer\u00e1n al p\u00fablico la deliciosa carne de borrego, preparada conforme a sus diferentes estilos, sazones y recetas familiares.<\/p>\n\n\n\n<p>L\u00f3pez Gonz\u00e1lez a\u00f1adi\u00f3 que en este agasajo gastron\u00f3mico para el paladar de turistas locales y de visitantes de otros estados de la Rep\u00fablica, e incluso extranjeros, no faltar\u00e1n, desde luego, las tortillas tradicionales hechas a mano y en comal, y el exquisito consom\u00e9, obtenido de los jugos de la cocci\u00f3n de la carne, as\u00ed como la gran variedad de salsas picantes con las que se adereza este manjar.<\/p>\n\n\n\n<p>El presidente de la feria, Javier Renter\u00eda, explic\u00f3 que la preparaci\u00f3n de la barbacoa tiene un proceso artesanal que es parte de los saberes tradicionales pasados de generaci\u00f3n en generaci\u00f3n y de familia en familia: b\u00e1sicamente se trata de carne de borrego sazonada con sal y envuelta en pencas de maguey, cuya cocci\u00f3n se realiza en hornos de ladrillo, pero bajo tierra y calentado con piedras volc\u00e1nicas. De acuerdo con la tradici\u00f3n, el horno se tapa con hojas de palma para contener el calor.<\/p>\n\n\n\n<p>Este proceso inicia desde una noche previa; la barbacoa debe estar lista entre las 5:00 y 6:00 de la ma\u00f1ana, y la costumbre es comerla en las primeras horas, pues es cuando la carne \u201cest\u00e1 en su punto\u201d, mientras que el consom\u00e9, que se recoge directamente de la carne en olla de barro, alcanza su mejor temperatura y sabor.&nbsp;<\/p>\n\n\n\n<p>La Feria de la Barbacoa se llevar\u00e1 a cabo en la Plaza P\u00fablica de San Salvador Cuauhtenco, en la alcald\u00eda Milpa Alta, un pueblo que ha elegido dedicarse a la producci\u00f3n de ganado como una alternativa para diversificar y fortalecer la econom\u00eda local, basada fundamentalmente en productos del campo, como el nopal y hortalizas. Esta feria es una opci\u00f3n tur\u00edstica y un esfuerzo de esos pobladores.<\/p>\n\n\n\n<p>El acceso a la Plaza P\u00fablica de San Salvador ser\u00e1 totalmente gratuito y est\u00e1 ubicada entre las calles de Jalapa y Ju\u00e1rez, un punto que ser\u00e1 el escenario de una experiencia gastron\u00f3mica \u00fanica de la tradicional cocina mexicana.<\/p>\n\n\n\n<p><a href=\"https:\/\/www.facebook.com\/hashtag\/feriadelabarbacoa?__eep__=6&amp;__cft__[0]=AZUloaz5GIUfo7AIiM7eITTK_W-t3Ll7BSJ8IkAi65fX67epA0FhCeLH3qXolWJ6ZPuuhr82jpmkMJah3IS_IcX-K-PXj2c_VBEce0YMxtLgxUXC9bl-IDTWXiBx9ZTSGPXAAr_AcPosKVYSM9G5Z0P5y-pUeS0Ekv0WeRChDbOSug&amp;__tn__=*NK-R\">#FeriaDeLaBarbacoa<\/a><\/p>\n\n\n\n<p><a href=\"https:\/\/www.facebook.com\/hashtag\/sansalvadorcuahtenco?__eep__=6&amp;__cft__[0]=AZUloaz5GIUfo7AIiM7eITTK_W-t3Ll7BSJ8IkAi65fX67epA0FhCeLH3qXolWJ6ZPuuhr82jpmkMJah3IS_IcX-K-PXj2c_VBEce0YMxtLgxUXC9bl-IDTWXiBx9ZTSGPXAAr_AcPosKVYSM9G5Z0P5y-pUeS0Ekv0WeRChDbOSug&amp;__tn__=*NK-R\">#sansalvadorcuahtenco<\/a><\/p>\n\n\n\n<p><a href=\"https:\/\/www.facebook.com\/hashtag\/milpalta?__eep__=6&amp;__cft__[0]=AZUloaz5GIUfo7AIiM7eITTK_W-t3Ll7BSJ8IkAi65fX67epA0FhCeLH3qXolWJ6ZPuuhr82jpmkMJah3IS_IcX-K-PXj2c_VBEce0YMxtLgxUXC9bl-IDTWXiBx9ZTSGPXAAr_AcPosKVYSM9G5Z0P5y-pUeS0Ekv0WeRChDbOSug&amp;__tn__=*NK-R\">#milpalta<\/a><\/p>\n\n\n\n<p><a href=\"https:\/\/www.facebook.com\/hashtag\/gobiernocdmx?__eep__=6&amp;__cft__[0]=AZUloaz5GIUfo7AIiM7eITTK_W-t3Ll7BSJ8IkAi65fX67epA0FhCeLH3qXolWJ6ZPuuhr82jpmkMJah3IS_IcX-K-PXj2c_VBEce0YMxtLgxUXC9bl-IDTWXiBx9ZTSGPXAAr_AcPosKVYSM9G5Z0P5y-pUeS0Ekv0WeRChDbOSug&amp;__tn__=*NK-R\">#GobiernoCDMX<\/a><\/p>\n\n\n\n<p><a href=\"https:\/\/www.facebook.com\/hashtag\/cdmx?__eep__=6&amp;__cft__[0]=AZUloaz5GIUfo7AIiM7eITTK_W-t3Ll7BSJ8IkAi65fX67epA0FhCeLH3qXolWJ6ZPuuhr82jpmkMJah3IS_IcX-K-PXj2c_VBEce0YMxtLgxUXC9bl-IDTWXiBx9ZTSGPXAAr_AcPosKVYSM9G5Z0P5y-pUeS0Ekv0WeRChDbOSug&amp;__tn__=*NK-R\">#CDMX<\/a><\/p>\n\n\n\n<p><a href=\"https:\/\/www.facebook.com\/hashtag\/bitacoracdmx?__eep__=6&amp;__cft__[0]=AZUloaz5GIUfo7AIiM7eITTK_W-t3Ll7BSJ8IkAi65fX67epA0FhCeLH3qXolWJ6ZPuuhr82jpmkMJah3IS_IcX-K-PXj2c_VBEce0YMxtLgxUXC9bl-IDTWXiBx9ZTSGPXAAr_AcPosKVYSM9G5Z0P5y-pUeS0Ekv0WeRChDbOSug&amp;__tn__=*NK-R\">#bitacoracdmx<\/a><\/p>\n","protected":false},"excerpt":{"rendered":"<p>REDACCI\u00d3N A partir de este S\u00e1bado 30 de Noviembre y hasta el pr\u00f3ximo Viernes 8 de Diciembre se llevar\u00e1 a cabo la Feria de la Barbacoa de San Salvador Cuauhtenco, en la alcald\u00eda Milpa Alta, un encuentro que reunir\u00e1 a unos 80 expositores, entre cocineras y cocineros tradicionales expertos en la preparaci\u00f3n de este platillo, as\u00ed como a artesanos de diferentes especialidades, adem\u00e1s de que habr\u00e1 espect\u00e1culos musicales. As\u00ed lo informaron la Secretar\u00eda de Turismo, Alejandra Frausto; la Directora General de Competitividad de la Sectur , Vanessa L\u00f3pez Gonz\u00e1lez; el alcalde de Milpa Alta, Octavio Rivero Villase\u00f1or, y el presidente [&hellip;]<\/p>\n","protected":false},"author":1,"featured_media":58271,"comment_status":"closed","ping_status":"closed","sticky":false,"template":"","format":"standard","meta":{"footnotes":""},"categories":[4,9,16],"tags":[],"_links":{"self":[{"href":"https:\/\/www.bitacoracdmx.com\/index.php?rest_route=\/wp\/v2\/posts\/58270"}],"collection":[{"href":"https:\/\/www.bitacoracdmx.com\/index.php?rest_route=\/wp\/v2\/posts"}],"about":[{"href":"https:\/\/www.bitacoracdmx.com\/index.php?rest_route=\/wp\/v2\/types\/post"}],"author":[{"embeddable":true,"href":"https:\/\/www.bitacoracdmx.com\/index.php?rest_route=\/wp\/v2\/users\/1"}],"replies":[{"embeddable":true,"href":"https:\/\/www.bitacoracdmx.com\/index.php?rest_route=%2Fwp%2Fv2%2Fcomments&post=58270"}],"version-history":[{"count":1,"href":"https:\/\/www.bitacoracdmx.com\/index.php?rest_route=\/wp\/v2\/posts\/58270\/revisions"}],"predecessor-version":[{"id":58272,"href":"https:\/\/www.bitacoracdmx.com\/index.php?rest_route=\/wp\/v2\/posts\/58270\/revisions\/58272"}],"wp:featuredmedia":[{"embeddable":true,"href":"https:\/\/www.bitacoracdmx.com\/index.php?rest_route=\/wp\/v2\/media\/58271"}],"wp:attachment":[{"href":"https:\/\/www.bitacoracdmx.com\/index.php?rest_route=%2Fwp%2Fv2%2Fmedia&parent=58270"}],"wp:term":[{"taxonomy":"category","embeddable":true,"href":"https:\/\/www.bitacoracdmx.com\/index.php?rest_route=%2Fwp%2Fv2%2Fcategories&post=58270"},{"taxonomy":"post_tag","embeddable":true,"href":"https:\/\/www.bitacoracdmx.com\/index.php?rest_route=%2Fwp%2Fv2%2Ftags&post=58270"}],"curies":[{"name":"wp","href":"https:\/\/api.w.org\/{rel}","templated":true}]}}