{"id":58416,"date":"2024-12-05T06:27:12","date_gmt":"2024-12-05T06:27:12","guid":{"rendered":"https:\/\/www.bitacoracdmx.com\/?p=58416"},"modified":"2024-12-05T06:27:15","modified_gmt":"2024-12-05T06:27:15","slug":"cierra-orquesta-filarmonica-de-la-ciudad-de-mexico-su-tercera-temporada-con-concierto-navideno","status":"publish","type":"post","link":"https:\/\/www.bitacoracdmx.com\/?p=58416","title":{"rendered":"Cierra ORQUESTA FILARM\u00d3NICA de la CIUDAD DE M\u00c9XICO su TERCERA TEMPORADA con CONCIERTO NAVIDE\u00d1O"},"content":{"rendered":"\n<p><\/p>\n\n\n\n<p>REDACCI\u00d3N<\/p>\n\n\n\n<p>\u25cf El p\u00fablico podr\u00e1 escuchar emotivos temas de estas fiestas decembrinas como la Suite de la \u00f3pera \u201cLa Nochebuena\u201d de Rimski-Korsakov, \u201cUn festival de Navidad\u201d de Leroy Anderson y \u201cAdeste fideles\u201d de John Francis Wade<\/p>\n\n\n\n<p>\u25cf Asimismo, la agrupaci\u00f3n capitalina interpretar\u00e1 \u201cNoche de Paz\u201d, de Franz Xaver Gruber y \u201cPopurr\u00ed Navide\u00f1o\u201d de Marcos Lifshitz, compuesto a petici\u00f3n del maestro Eduardo \u00c1lvarez, quien ser\u00e1 el director invitado<\/p>\n\n\n\n<p>Con el esp\u00edritu de las fiestas decembrinas, la<strong>Orquesta Filarm\u00f3nica de la Ciudad de M\u00e9xico (OFCM)<\/strong>, agrupaci\u00f3n de la&nbsp;<strong>Secretar\u00eda de Cultura capitalina<\/strong>&nbsp;dedicada a la difusi\u00f3n de la m\u00fasica de c\u00e1mara, despedir\u00e1 su Tercera y \u00faltima Temporada del 2024 con un&nbsp;<strong>magno concierto de Navidad<\/strong>&nbsp;desde su sede, la&nbsp;<strong>Sala Silvestre Revueltas<\/strong>, del Centro Cultural Ollin Yoliztli, este&nbsp;<strong>s\u00e1bado 7 y domingo 8 de diciembre<\/strong>, a las 18 y 12:30 horas, respectivamente.<\/p>\n\n\n\n<p>El p\u00fablico har\u00e1 un recorrido sonoro por los m\u00e1s emblem\u00e1ticos temas navide\u00f1os bajo la batuta hu\u00e9sped del maestro Eduardo \u00c1lvarez, considerado uno de los directores de orquesta mexicanos m\u00e1s destacados de su generaci\u00f3n y catedr\u00e1tico del Conservatorio Nacional de M\u00fasica, la m\u00e1xima casa de estudios musicales en M\u00e9xico, donde imparte la Maestr\u00eda en Direcci\u00f3n Orquestal y Coral.<\/p>\n\n\n\n<p>El recital incluye temas cl\u00e1sicos como la Suite de \u201cLa Nochebuena\u201d del compositor ruso Nicolai Rimsky-Korsakov; \u201cUn festival de Navidad\u201d del estadounidense Leroy Anderson; \u201cAdeste fideles\u201d, atribuida al compositor ingl\u00e9s John Francis Wade; as\u00ed como un \u201cPopurr\u00ed Navide\u00f1o\u201d con arreglos del compositor mexicano Marcos Lifschitz; y \u201cNoche de paz\u201d del austriaco Franz Xavier Gruber.<\/p>\n\n\n\n<p>Las y los asistentes se llenar\u00e1n de j\u00fabilo con el Popurr\u00ed Navide\u00f1o con arreglos del compositor mexicano Marcos Lifschitz, escrito en el 2018 a petici\u00f3n del entonces director y fundador de la Orquesta Filarm\u00f3nica de Acapulco, el maestro Eduardo \u00c1lvarez, el cual re\u00fane fragmentos de conocidos temas como \u201cLos santos peregrinos\u201d, \u201cArre borriquito\u201d, \u201cLos peces en el r\u00edo\u201d, \u201cCampana sobre campana\u201d, \u201cPastores a Bel\u00e9n\u201d y \u201cWe wish you a Merry Christmas\u201d.<\/p>\n\n\n\n<figure class=\"wp-block-image size-full\"><img loading=\"lazy\" decoding=\"async\" width=\"1280\" height=\"1280\" src=\"https:\/\/www.bitacoracdmx.com\/wp-content\/uploads\/2024\/12\/WhatsApp-Image-2024-12-03-at-7.01.26-PM.jpeg\" alt=\"\" class=\"wp-image-58418\"\/><\/figure>\n\n\n\n<p>Basada en el relato corto, &#8220;La Nochebuena&#8221;, de la obra del escritor ruso Nikol\u00e1i G\u00f3gol, la Suite de la \u00f3pera \u201cLa Nochebuena\u201d de Rimsky-Korsakov abrir\u00e1 el concierto con esta pieza compuesta entre 1894 y 1895, para dar paso a uno de los compositores m\u00e1s reconocidos de la m\u00fasica orquestal ligera de los Estados Unidos en el siglo XX, Leroy Anderson, con \u201cUn festival de Navidad\u201d.<\/p>\n\n\n\n<p>El recital despedir\u00e1 la Tercera Temporada 2024 con \u201cNoche de paz\u201d del austriaco Franz Xavier Gruber, considerada la m\u00e1s famosa de las piezas navide\u00f1as, as\u00ed lo precisa en las notas del programa el cr\u00edtico musical Juan Arturo Brennan, quien comparte que durante su labor como profesor de escuela, organista y compositor en el pueblo de Oberndorf, Austria, en 1818 el cura cat\u00f3lico Josef Mohr le mostr\u00f3 unos versos de esp\u00edritu navide\u00f1o a los que les solicit\u00f3 musicalizar y naci\u00f3 la versi\u00f3n original de \u201cStille Nacht\u201d, conocida en castellano como \u201cNoche de paz\u201d.<\/p>\n\n\n\n<p>Finalmente,\u00a0<strong>Miradas a nuestro acervo<\/strong>\u00a0ofrecer\u00e1 este fin de semana la retransmisi\u00f3n del programa anterior el s\u00e1bado 7 las 15 horas, a trav\u00e9s de la frecuencia de C\u00f3digo Radio, y el domingo 8 de diciembre a las 12:30 horas, en Opus 94 del Instituto Mexicano de la Radio (Imer), en la que se ejecuta la Sinfon\u00eda No. 1, \u201cEl Tit\u00e1n\u201d del compositor austriaco Gustav Mahler con la direcci\u00f3n del maestro Scott Yoo.<\/p>\n\n\n\n<p><a href=\"https:\/\/www.facebook.com\/hashtag\/ofcm?__eep__=6&amp;__cft__[0]=AZXHiLEqO5ejGjiaNWQy4gtEvMLgweMcPIcpiM1OwSLABackq2bZCU9dhzT5cyM2GkMauEBiC2qA3ZLO7P5z6D0PT96G-gggDzL80a9HQCtzbGSlqZuk0E7Ha7xXM0tUIO0Ou739wSUij67IEzJDgrnf1GPV4QtE2RQFhJW7g1XSTQ&amp;__tn__=*NK-R\">#OFCM<\/a><\/p>\n\n\n\n<p><a href=\"https:\/\/www.facebook.com\/hashtag\/conciertonaviden%CC%83o?__eep__=6&amp;__cft__[0]=AZXHiLEqO5ejGjiaNWQy4gtEvMLgweMcPIcpiM1OwSLABackq2bZCU9dhzT5cyM2GkMauEBiC2qA3ZLO7P5z6D0PT96G-gggDzL80a9HQCtzbGSlqZuk0E7Ha7xXM0tUIO0Ou739wSUij67IEzJDgrnf1GPV4QtE2RQFhJW7g1XSTQ&amp;__tn__=*NK-R\">#conciertonavide\u00f1o<\/a><\/p>\n\n\n\n<p><a href=\"https:\/\/www.facebook.com\/hashtag\/secretariadeculturacdmx?__eep__=6&amp;__cft__[0]=AZXHiLEqO5ejGjiaNWQy4gtEvMLgweMcPIcpiM1OwSLABackq2bZCU9dhzT5cyM2GkMauEBiC2qA3ZLO7P5z6D0PT96G-gggDzL80a9HQCtzbGSlqZuk0E7Ha7xXM0tUIO0Ou739wSUij67IEzJDgrnf1GPV4QtE2RQFhJW7g1XSTQ&amp;__tn__=*NK-R\">#secretariadeculturacdmx<\/a><\/p>\n\n\n\n<p><a href=\"https:\/\/www.facebook.com\/hashtag\/bitacoracdmx?__eep__=6&amp;__cft__[0]=AZXHiLEqO5ejGjiaNWQy4gtEvMLgweMcPIcpiM1OwSLABackq2bZCU9dhzT5cyM2GkMauEBiC2qA3ZLO7P5z6D0PT96G-gggDzL80a9HQCtzbGSlqZuk0E7Ha7xXM0tUIO0Ou739wSUij67IEzJDgrnf1GPV4QtE2RQFhJW7g1XSTQ&amp;__tn__=*NK-R\">#bitacoracdmx<\/a><\/p>\n\n\n\n<p><a href=\"https:\/\/www.facebook.com\/hashtag\/cdmx?__eep__=6&amp;__cft__[0]=AZXHiLEqO5ejGjiaNWQy4gtEvMLgweMcPIcpiM1OwSLABackq2bZCU9dhzT5cyM2GkMauEBiC2qA3ZLO7P5z6D0PT96G-gggDzL80a9HQCtzbGSlqZuk0E7Ha7xXM0tUIO0Ou739wSUij67IEzJDgrnf1GPV4QtE2RQFhJW7g1XSTQ&amp;__tn__=*NK-R\">#CDMX<\/a><\/p>\n","protected":false},"excerpt":{"rendered":"<p>REDACCI\u00d3N \u25cf El p\u00fablico podr\u00e1 escuchar emotivos temas de estas fiestas decembrinas como la Suite de la \u00f3pera \u201cLa Nochebuena\u201d de Rimski-Korsakov, \u201cUn festival de Navidad\u201d de Leroy Anderson y \u201cAdeste fideles\u201d de John Francis Wade \u25cf Asimismo, la agrupaci\u00f3n capitalina interpretar\u00e1 \u201cNoche de Paz\u201d, de Franz Xaver Gruber y \u201cPopurr\u00ed Navide\u00f1o\u201d de Marcos Lifshitz, compuesto a petici\u00f3n del maestro Eduardo \u00c1lvarez, quien ser\u00e1 el director invitado Con el esp\u00edritu de las fiestas decembrinas, laOrquesta Filarm\u00f3nica de la Ciudad de M\u00e9xico (OFCM), agrupaci\u00f3n de la&nbsp;Secretar\u00eda de Cultura capitalina&nbsp;dedicada a la difusi\u00f3n de la m\u00fasica de c\u00e1mara, despedir\u00e1 su Tercera y [&hellip;]<\/p>\n","protected":false},"author":1,"featured_media":58417,"comment_status":"closed","ping_status":"closed","sticky":false,"template":"","format":"standard","meta":{"footnotes":""},"categories":[9,11],"tags":[],"_links":{"self":[{"href":"https:\/\/www.bitacoracdmx.com\/index.php?rest_route=\/wp\/v2\/posts\/58416"}],"collection":[{"href":"https:\/\/www.bitacoracdmx.com\/index.php?rest_route=\/wp\/v2\/posts"}],"about":[{"href":"https:\/\/www.bitacoracdmx.com\/index.php?rest_route=\/wp\/v2\/types\/post"}],"author":[{"embeddable":true,"href":"https:\/\/www.bitacoracdmx.com\/index.php?rest_route=\/wp\/v2\/users\/1"}],"replies":[{"embeddable":true,"href":"https:\/\/www.bitacoracdmx.com\/index.php?rest_route=%2Fwp%2Fv2%2Fcomments&post=58416"}],"version-history":[{"count":1,"href":"https:\/\/www.bitacoracdmx.com\/index.php?rest_route=\/wp\/v2\/posts\/58416\/revisions"}],"predecessor-version":[{"id":58419,"href":"https:\/\/www.bitacoracdmx.com\/index.php?rest_route=\/wp\/v2\/posts\/58416\/revisions\/58419"}],"wp:featuredmedia":[{"embeddable":true,"href":"https:\/\/www.bitacoracdmx.com\/index.php?rest_route=\/wp\/v2\/media\/58417"}],"wp:attachment":[{"href":"https:\/\/www.bitacoracdmx.com\/index.php?rest_route=%2Fwp%2Fv2%2Fmedia&parent=58416"}],"wp:term":[{"taxonomy":"category","embeddable":true,"href":"https:\/\/www.bitacoracdmx.com\/index.php?rest_route=%2Fwp%2Fv2%2Fcategories&post=58416"},{"taxonomy":"post_tag","embeddable":true,"href":"https:\/\/www.bitacoracdmx.com\/index.php?rest_route=%2Fwp%2Fv2%2Ftags&post=58416"}],"curies":[{"name":"wp","href":"https:\/\/api.w.org\/{rel}","templated":true}]}}