{"id":58569,"date":"2024-12-16T04:52:04","date_gmt":"2024-12-16T04:52:04","guid":{"rendered":"https:\/\/www.bitacoracdmx.com\/?p=58569"},"modified":"2024-12-16T04:52:06","modified_gmt":"2024-12-16T04:52:06","slug":"anuncia-riult-rivera-el-festival-capital-navidena-en-colima","status":"publish","type":"post","link":"https:\/\/www.bitacoracdmx.com\/?p=58569","title":{"rendered":"Anuncia RIULT RIVERA el FESTIVAL CAPITAL NAVIDE\u00d1A en COLIMA"},"content":{"rendered":"\n<p><\/p>\n\n\n\n<p>REDACCI\u00d3N<\/p>\n\n\n\n<p><em>*Se llevar\u00e1 a cabo del 13 al 15 de diciembre en el centro de la capital colimense el festival Capital Navide\u00f1a, en el Jard\u00edn Libertad<\/em><\/p>\n\n\n\n<p>El presidente municipal de Colima, Riult Rivera Guti\u00e9rrez, anunci\u00f3 que del 13 al 15 de diciembre se llevar\u00e1 a cabo en el centro de la capital colimense el festival Capital Navide\u00f1a.<\/p>\n\n\n\n<p>En rueda de prensa, Riult Rivera inform\u00f3 que este festival se realizar\u00e1 en el Jard\u00edn Libertad y calles aleda\u00f1as, y contar\u00e1 con una serie de actividades culturales y gastron\u00f3micas que buscan resaltar el esp\u00edritu festivo y la uni\u00f3n de la comunidad.<\/p>\n\n\n\n<p>El alcalde detall\u00f3 que, como parte de estas actividades, el 13 de diciembre ser\u00e1 inaugurado el arco tur\u00edstico en la intersecci\u00f3n de las calles Francisco I. Madero y Filomeno Medina. Este nuevo emblema representa la entrada al centro de la capital y se convertir\u00e1 en un referente para la ciudad.<\/p>\n\n\n\n<p>Ese mismo d\u00eda, tambi\u00e9n se llevar\u00e1 a cabo el encendido del \u00e1rbol navide\u00f1o en colaboraci\u00f3n con la Embotelladora de Colima. Este acto ceremonial marcar\u00e1 el inicio oficial de las celebraciones navide\u00f1as. Adem\u00e1s, por la noche se presentar\u00e1 un espect\u00e1culo especial de Fantasy Show.<\/p>\n\n\n\n<p>El 14 de diciembre se destaca la presentaci\u00f3n de la Orquesta Filarm\u00f3nica del Estado de Colima, que ofrecer\u00e1 un concierto \u00fanico para el deleite de todos los asistentes.<\/p>\n\n\n\n<p>Para el 15 de diciembre, Riult Rivera anunci\u00f3 que, a partir de las 6 de la tarde, se realizar\u00e1 el tradicional desfile navide\u00f1o, que partir\u00e1 desde Sam\u2019s Club y culminar\u00e1 en el Jard\u00edn Libertad. Los asistentes podr\u00e1n disfrutar de una colorida variedad de carros aleg\u00f3ricos y personajes navide\u00f1os. El cierre del festival incluir\u00e1 la presentaci\u00f3n de la Rondalla de la Universidad de Colima y la Orquesta Colorado Naranjo.<\/p>\n\n\n\n<p>El presidente municipal extendi\u00f3 una invitaci\u00f3n a todas las personas de los 10 municipios del estado de Colima para que asistan a este festival, disfruten de los espect\u00e1culos y vivan momentos de alegr\u00eda en familia.<\/p>\n\n\n\n<p>Asimismo, destac\u00f3 que durante estos tres d\u00edas, establecimientos de alimentos y bebidas, miembros de c\u00e1maras empresariales como Canaco, Canirac y Coparmex, estar\u00e1n presentes para ofrecer sus servicios y productos a los visitantes.<\/p>\n\n\n\n<p>Por su parte, Julio Salas Brun, gerente de asuntos p\u00fablicos de la Embotelladora Coca-Cola, destac\u00f3 que para la empresa es un honor participar junto al Ayuntamiento de Colima en estas m\u00e1gicas tradiciones. Agradeci\u00f3 el apoyo brindado para la realizaci\u00f3n de este evento, que permitir\u00e1 a los colimenses de la capital y del estado contar con espacios de alegr\u00eda y sana convivencia.<\/p>\n\n\n\n<p>En el evento de presentaci\u00f3n tambi\u00e9n estuvieron presentes Eliza Arellano Valle, presidenta de la Asociaci\u00f3n de Mujeres Empresarias del Estado de Colima, representantes de Canaco, Coparmex y Canirac, as\u00ed como miembros del cabildo.<\/p>\n\n\n\n<p><a href=\"https:\/\/www.facebook.com\/hashtag\/riultrivera?__eep__=6&amp;__cft__[0]=AZUY4Nir9y2xUWGXtXK_agKwXc_E5DUWpIdEBae7ELjRtHesqCmYKCVxMgiPFwY519vzW3BfaR3zav9tETH7YeXHvgfN9kRKo7E_b2_TO1wdhLocMrRqFHsEU4SXUMi2sYHsoi5_OHBdjyJVjRisgl6e4Ech7ndjmIrS3WqFFXULyA&amp;__tn__=*NK-R\">#RiultRivera<\/a><\/p>\n\n\n\n<p><a href=\"https:\/\/www.facebook.com\/hashtag\/festivalcapital?__eep__=6&amp;__cft__[0]=AZUY4Nir9y2xUWGXtXK_agKwXc_E5DUWpIdEBae7ELjRtHesqCmYKCVxMgiPFwY519vzW3BfaR3zav9tETH7YeXHvgfN9kRKo7E_b2_TO1wdhLocMrRqFHsEU4SXUMi2sYHsoi5_OHBdjyJVjRisgl6e4Ech7ndjmIrS3WqFFXULyA&amp;__tn__=*NK-R\">#FestivalCapital<\/a><\/p>\n\n\n\n<p><a href=\"https:\/\/www.facebook.com\/hashtag\/colima?__eep__=6&amp;__cft__[0]=AZUY4Nir9y2xUWGXtXK_agKwXc_E5DUWpIdEBae7ELjRtHesqCmYKCVxMgiPFwY519vzW3BfaR3zav9tETH7YeXHvgfN9kRKo7E_b2_TO1wdhLocMrRqFHsEU4SXUMi2sYHsoi5_OHBdjyJVjRisgl6e4Ech7ndjmIrS3WqFFXULyA&amp;__tn__=*NK-R\">#Colima<\/a><\/p>\n\n\n\n<p><a href=\"https:\/\/www.facebook.com\/hashtag\/bitacoracdmx?__eep__=6&amp;__cft__[0]=AZUY4Nir9y2xUWGXtXK_agKwXc_E5DUWpIdEBae7ELjRtHesqCmYKCVxMgiPFwY519vzW3BfaR3zav9tETH7YeXHvgfN9kRKo7E_b2_TO1wdhLocMrRqFHsEU4SXUMi2sYHsoi5_OHBdjyJVjRisgl6e4Ech7ndjmIrS3WqFFXULyA&amp;__tn__=*NK-R\">#bitacoracdmx<\/a><\/p>\n","protected":false},"excerpt":{"rendered":"<p>REDACCI\u00d3N *Se llevar\u00e1 a cabo del 13 al 15 de diciembre en el centro de la capital colimense el festival Capital Navide\u00f1a, en el Jard\u00edn Libertad El presidente municipal de Colima, Riult Rivera Guti\u00e9rrez, anunci\u00f3 que del 13 al 15 de diciembre se llevar\u00e1 a cabo en el centro de la capital colimense el festival Capital Navide\u00f1a. En rueda de prensa, Riult Rivera inform\u00f3 que este festival se realizar\u00e1 en el Jard\u00edn Libertad y calles aleda\u00f1as, y contar\u00e1 con una serie de actividades culturales y gastron\u00f3micas que buscan resaltar el esp\u00edritu festivo y la uni\u00f3n de la comunidad. El alcalde [&hellip;]<\/p>\n","protected":false},"author":1,"featured_media":58570,"comment_status":"closed","ping_status":"closed","sticky":false,"template":"","format":"standard","meta":{"footnotes":""},"categories":[9,16],"tags":[],"_links":{"self":[{"href":"https:\/\/www.bitacoracdmx.com\/index.php?rest_route=\/wp\/v2\/posts\/58569"}],"collection":[{"href":"https:\/\/www.bitacoracdmx.com\/index.php?rest_route=\/wp\/v2\/posts"}],"about":[{"href":"https:\/\/www.bitacoracdmx.com\/index.php?rest_route=\/wp\/v2\/types\/post"}],"author":[{"embeddable":true,"href":"https:\/\/www.bitacoracdmx.com\/index.php?rest_route=\/wp\/v2\/users\/1"}],"replies":[{"embeddable":true,"href":"https:\/\/www.bitacoracdmx.com\/index.php?rest_route=%2Fwp%2Fv2%2Fcomments&post=58569"}],"version-history":[{"count":1,"href":"https:\/\/www.bitacoracdmx.com\/index.php?rest_route=\/wp\/v2\/posts\/58569\/revisions"}],"predecessor-version":[{"id":58571,"href":"https:\/\/www.bitacoracdmx.com\/index.php?rest_route=\/wp\/v2\/posts\/58569\/revisions\/58571"}],"wp:featuredmedia":[{"embeddable":true,"href":"https:\/\/www.bitacoracdmx.com\/index.php?rest_route=\/wp\/v2\/media\/58570"}],"wp:attachment":[{"href":"https:\/\/www.bitacoracdmx.com\/index.php?rest_route=%2Fwp%2Fv2%2Fmedia&parent=58569"}],"wp:term":[{"taxonomy":"category","embeddable":true,"href":"https:\/\/www.bitacoracdmx.com\/index.php?rest_route=%2Fwp%2Fv2%2Fcategories&post=58569"},{"taxonomy":"post_tag","embeddable":true,"href":"https:\/\/www.bitacoracdmx.com\/index.php?rest_route=%2Fwp%2Fv2%2Ftags&post=58569"}],"curies":[{"name":"wp","href":"https:\/\/api.w.org\/{rel}","templated":true}]}}