{"id":58943,"date":"2025-01-08T03:45:52","date_gmt":"2025-01-08T03:45:52","guid":{"rendered":"https:\/\/www.bitacoracdmx.com\/?p=58943"},"modified":"2025-01-08T03:45:54","modified_gmt":"2025-01-08T03:45:54","slug":"destaca-jefa-de-gobierno-clara-brugada-grandeza-de-las-comunidades-indigenas-vivas-que-se-puede-admirar-en-la-renovacion-del-2do-piso-del-museo-nacional-de-antropologia","status":"publish","type":"post","link":"https:\/\/www.bitacoracdmx.com\/?p=58943","title":{"rendered":"Destaca JEFA DE GOBIERNO CLARA BRUGADA GRANDEZA de las COMUNIDADES IND\u00cdGENAS VIVAS, que se puede admirar en la RENOVACI\u00d3N del 2DO. PISO del MUSEO NACIONAL de ANTROPOLOG\u00cdA"},"content":{"rendered":"\n<p><\/p>\n\n\n\n<p>REDACCI\u00d3N<\/p>\n\n\n\n<p>\u25cf La mandataria capitalina acompa\u00f1\u00f3 a la presidenta Claudia Sheinbaum Pardo a la reapertura de este espacio y asegur\u00f3 que M\u00e9xico es un pa\u00eds pluricultural, pluriling\u00fce y pluri\u00e9tnico<\/p>\n\n\n\n<p>\u25cf Este museo, ubicado en la Ciudad de M\u00e9xico, es el m\u00e1s visitado en el pa\u00eds, con 3.7 millones de asistentes anuales<\/p>\n\n\n\n<p>La jefa de gobierno, Clara Brugada Molina, acompa\u00f1\u00f3 a la presidenta Claudia Sheinbaum Pardo a la reapertura del segundo piso del Museo Nacional de Antropolog\u00eda, donde asegur\u00f3 que este hecho representa la oportunidad de conocer no solo el pasado sino el presente vivo de las comunidades ind\u00edgenas de M\u00e9xico, con su producci\u00f3n art\u00edstica y cultural contempor\u00e1nea.<\/p>\n\n\n\n<p>&#8220;Somos un pa\u00eds pluricultural, pluriling\u00fce y pluri\u00e9tnico. Y en esa diversidad es en donde reside nuestra grandeza. As\u00ed que celebro el esfuerzo que se ha vertido en esta modernizaci\u00f3n, en el trabajo que hizo el presidente Andr\u00e9s Manuel L\u00f3pez Obrador y que concluye la presidenta Claudia Sheinbaum\u201d, resalt\u00f3.<\/p>\n\n\n\n<p>La mandataria capitalina mencion\u00f3 que desde su inauguraci\u00f3n, el Museo Nacional de Antropolog\u00eda se posicion\u00f3 entre los m\u00e1s importantes del mundo al ser recept\u00e1culo de la cosmogon\u00eda de los pueblos originarios y su grandeza, y en este sentido, re\u00fane el trabajo de miles de expertas y expertos en antropolog\u00eda, arqueolog\u00eda, entre otras disciplinas, que a lo largo de 200 a\u00f1os han generado conocimiento para preservar la memoria e identidad.<\/p>\n\n\n\n<p>Resalt\u00f3 que 2025 est\u00e1 dedicado a las mujeres de las culturas ind\u00edgenas y a su vez, en el museo se encuentran \u201clas ancestras de las que habla la presidenta Claudia Sheinbaum, de que no llega sola a gobernar este pa\u00eds; llega con la historia, con las ancestras y con todas las mujeres\u201d.<\/p>\n\n\n\n<p>Al encabezar la reapertura del segundo piso de este recinto, abierto por primera vez en 1964, la presidenta Claudia Sheinbaum, sostuvo que con esta acci\u00f3n se muestra la grandeza actual de los pueblos originarios de nuestro pa\u00eds.<\/p>\n\n\n\n<p>\u201cEl d\u00eda de hoy se reinaugura este segundo piso haciendo un gran reconocimiento a las culturas de hoy, a los pueblos originarios de hoy, a los pueblos afromexicanos de hoy, que siguen representando la grandeza de M\u00e9xico, y eso es un parteaguas en muchos sentidos\u201d, afirm\u00f3.<\/p>\n\n\n\n<p>Record\u00f3 las reformas al art\u00edculo segundo constitucional, impulsadas por la Cuarta Transformaci\u00f3n, para el reconocimiento de los derechos de los pueblos originarios y afromexicanos; la inversi\u00f3n por primera vez de 13 mil millones de pesos para estas comunidades y la incorporaci\u00f3n en la secretar\u00eda de Cultura todo aquello que tiene que ver con las culturas vivas.<\/p>\n\n\n\n<p>En tanto, la secretaria de Cultura federal, Claudia Curiel de Icaza, dijo que el Museo Nacional de Antropolog\u00eda es el m\u00e1s visitado de nuestro pa\u00eds, con 3.7 millones de asistentes anuales y est\u00e1 entre los m\u00e1s importantes del mundo; la renovaci\u00f3n del segundo piso de este inmueble se realiz\u00f3 con recursos del proyecto Chapultepec: Naturaleza y Cultura, precis\u00f3.<\/p>\n\n\n\n<p>Finalmente, la artesana textil de Taj\u00edn, Veracruz, Lucero Garc\u00eda Hern\u00e1ndez, resalt\u00f3 que con la renovaci\u00f3n de dicho museo se puede escuchar la voz de los pueblos y continuar con la transmisi\u00f3n de sus conocimientos.<\/p>\n\n\n\n<p><a href=\"https:\/\/www.facebook.com\/hashtag\/museonacionaldeantropologia?__eep__=6&amp;__cft__[0]=AZXxjcqrNo0njemFBcxr-RE97ZMXUkCQD2R-gQ7at5v4c_SXMWhpBMIzacG7SMSbeoSzOUj2S6hPkoCRbwuyp0NGJ_a9WMxNZJeajLA2lfeuU4kR1Rx2SX_238JpREkOVKtaaI8nFwwm-j3jMFbzvata&amp;__tn__=*NK-R\">#museonacionaldeantropologia<\/a><\/p>\n\n\n\n<p><a href=\"https:\/\/www.facebook.com\/hashtag\/secretariadecultura?__eep__=6&amp;__cft__[0]=AZXxjcqrNo0njemFBcxr-RE97ZMXUkCQD2R-gQ7at5v4c_SXMWhpBMIzacG7SMSbeoSzOUj2S6hPkoCRbwuyp0NGJ_a9WMxNZJeajLA2lfeuU4kR1Rx2SX_238JpREkOVKtaaI8nFwwm-j3jMFbzvata&amp;__tn__=*NK-R\">#secretariadecultura<\/a><\/p>\n\n\n\n<p><a href=\"https:\/\/www.facebook.com\/hashtag\/secretariadeturismo?__eep__=6&amp;__cft__[0]=AZXxjcqrNo0njemFBcxr-RE97ZMXUkCQD2R-gQ7at5v4c_SXMWhpBMIzacG7SMSbeoSzOUj2S6hPkoCRbwuyp0NGJ_a9WMxNZJeajLA2lfeuU4kR1Rx2SX_238JpREkOVKtaaI8nFwwm-j3jMFbzvata&amp;__tn__=*NK-R\">#secretariadeturismo<\/a><\/p>\n\n\n\n<p><a href=\"https:\/\/www.facebook.com\/hashtag\/secretariadeculturacdmx?__eep__=6&amp;__cft__[0]=AZXxjcqrNo0njemFBcxr-RE97ZMXUkCQD2R-gQ7at5v4c_SXMWhpBMIzacG7SMSbeoSzOUj2S6hPkoCRbwuyp0NGJ_a9WMxNZJeajLA2lfeuU4kR1Rx2SX_238JpREkOVKtaaI8nFwwm-j3jMFbzvata&amp;__tn__=*NK-R\">#secretariadeculturacdmx<\/a><\/p>\n\n\n\n<p><a href=\"https:\/\/www.facebook.com\/hashtag\/secretariadeturismocdmx?__eep__=6&amp;__cft__[0]=AZXxjcqrNo0njemFBcxr-RE97ZMXUkCQD2R-gQ7at5v4c_SXMWhpBMIzacG7SMSbeoSzOUj2S6hPkoCRbwuyp0NGJ_a9WMxNZJeajLA2lfeuU4kR1Rx2SX_238JpREkOVKtaaI8nFwwm-j3jMFbzvata&amp;__tn__=*NK-R\">#secretariadeturismocdmx<\/a><\/p>\n\n\n\n<p><a href=\"https:\/\/www.facebook.com\/hashtag\/bitacoracdmx?__eep__=6&amp;__cft__[0]=AZXxjcqrNo0njemFBcxr-RE97ZMXUkCQD2R-gQ7at5v4c_SXMWhpBMIzacG7SMSbeoSzOUj2S6hPkoCRbwuyp0NGJ_a9WMxNZJeajLA2lfeuU4kR1Rx2SX_238JpREkOVKtaaI8nFwwm-j3jMFbzvata&amp;__tn__=*NK-R\">#bitacoracdmx<\/a><\/p>\n\n\n\n<p><a href=\"https:\/\/www.facebook.com\/hashtag\/cdmx?__eep__=6&amp;__cft__[0]=AZXxjcqrNo0njemFBcxr-RE97ZMXUkCQD2R-gQ7at5v4c_SXMWhpBMIzacG7SMSbeoSzOUj2S6hPkoCRbwuyp0NGJ_a9WMxNZJeajLA2lfeuU4kR1Rx2SX_238JpREkOVKtaaI8nFwwm-j3jMFbzvata&amp;__tn__=*NK-R\">#CDMX<\/a><\/p>\n","protected":false},"excerpt":{"rendered":"<p>REDACCI\u00d3N \u25cf La mandataria capitalina acompa\u00f1\u00f3 a la presidenta Claudia Sheinbaum Pardo a la reapertura de este espacio y asegur\u00f3 que M\u00e9xico es un pa\u00eds pluricultural, pluriling\u00fce y pluri\u00e9tnico \u25cf Este museo, ubicado en la Ciudad de M\u00e9xico, es el m\u00e1s visitado en el pa\u00eds, con 3.7 millones de asistentes anuales La jefa de gobierno, Clara Brugada Molina, acompa\u00f1\u00f3 a la presidenta Claudia Sheinbaum Pardo a la reapertura del segundo piso del Museo Nacional de Antropolog\u00eda, donde asegur\u00f3 que este hecho representa la oportunidad de conocer no solo el pasado sino el presente vivo de las comunidades ind\u00edgenas de M\u00e9xico, [&hellip;]<\/p>\n","protected":false},"author":1,"featured_media":58944,"comment_status":"closed","ping_status":"closed","sticky":false,"template":"","format":"standard","meta":{"footnotes":""},"categories":[5,9,16],"tags":[],"_links":{"self":[{"href":"https:\/\/www.bitacoracdmx.com\/index.php?rest_route=\/wp\/v2\/posts\/58943"}],"collection":[{"href":"https:\/\/www.bitacoracdmx.com\/index.php?rest_route=\/wp\/v2\/posts"}],"about":[{"href":"https:\/\/www.bitacoracdmx.com\/index.php?rest_route=\/wp\/v2\/types\/post"}],"author":[{"embeddable":true,"href":"https:\/\/www.bitacoracdmx.com\/index.php?rest_route=\/wp\/v2\/users\/1"}],"replies":[{"embeddable":true,"href":"https:\/\/www.bitacoracdmx.com\/index.php?rest_route=%2Fwp%2Fv2%2Fcomments&post=58943"}],"version-history":[{"count":1,"href":"https:\/\/www.bitacoracdmx.com\/index.php?rest_route=\/wp\/v2\/posts\/58943\/revisions"}],"predecessor-version":[{"id":58945,"href":"https:\/\/www.bitacoracdmx.com\/index.php?rest_route=\/wp\/v2\/posts\/58943\/revisions\/58945"}],"wp:featuredmedia":[{"embeddable":true,"href":"https:\/\/www.bitacoracdmx.com\/index.php?rest_route=\/wp\/v2\/media\/58944"}],"wp:attachment":[{"href":"https:\/\/www.bitacoracdmx.com\/index.php?rest_route=%2Fwp%2Fv2%2Fmedia&parent=58943"}],"wp:term":[{"taxonomy":"category","embeddable":true,"href":"https:\/\/www.bitacoracdmx.com\/index.php?rest_route=%2Fwp%2Fv2%2Fcategories&post=58943"},{"taxonomy":"post_tag","embeddable":true,"href":"https:\/\/www.bitacoracdmx.com\/index.php?rest_route=%2Fwp%2Fv2%2Ftags&post=58943"}],"curies":[{"name":"wp","href":"https:\/\/api.w.org\/{rel}","templated":true}]}}