{"id":59242,"date":"2025-01-16T02:27:40","date_gmt":"2025-01-16T02:27:40","guid":{"rendered":"https:\/\/www.bitacoracdmx.com\/?p=59242"},"modified":"2025-01-16T02:27:43","modified_gmt":"2025-01-16T02:27:43","slug":"carino-tendra-concierto-en-ciudad-de-mexico","status":"publish","type":"post","link":"https:\/\/www.bitacoracdmx.com\/?p=59242","title":{"rendered":"Cari\u00f1o tendr\u00e1 concierto en Ciudad de M\u00e9xico"},"content":{"rendered":"\n<p><\/p>\n\n\n\n<p>REDACCI\u00d3N<\/p>\n\n\n\n<h3 class=\"wp-block-heading\">La banda vuelve a M\u00e9xico con su tour TANTO POR HACER<\/h3>\n\n\n\n<h3 class=\"wp-block-heading\">4 DE ABRIL \u2013 FORO PUEBLA<\/h3>\n\n\n\n<h3 class=\"wp-block-heading\">Venta General: 16 de enero<\/h3>\n\n\n\n<p>\u00a1As\u00ed es!&nbsp;<strong>Cari\u00f1o<\/strong>&nbsp;regresa a tierras mexas para hacernos cantar y vibrar con su inconfundible sonido. El tr\u00edo espa\u00f1ol se presentar\u00e1 el pr\u00f3ximo&nbsp;<strong>4 de abril en el Foro Puebla<\/strong>; as\u00ed que, si amas las rolitas que te rompen y te sanan al mismo tiempo, este concierto es para ti. Prepara garganta, porque ser\u00e1 una noche de himnos y desahogo colectivo.<\/p>\n\n\n\n<p><strong><em>Tanto Por Hacer<\/em>: El nuevo cap\u00edtulo de Cari\u00f1o<\/strong><\/p>\n\n\n\n<p>Despu\u00e9s de conquistar nuestros corazones,&nbsp;<strong>Cari\u00f1o<\/strong>&nbsp;nos trae su tercer \u00e1lbum,&nbsp;<strong><em>Tanto Por Hacer<\/em><\/strong>, una producci\u00f3n que mantiene la esencia del grupo, pero con un sonido m\u00e1s maduro y una vibra que nos pega justo en el alma. Doce canciones que suenan a desamor, nostalgia y ganas de bailar, todo envuelto en el pop pegajoso que las caracteriza. De aqu\u00ed nace \u201cNada Importa Tanto\u201d, un tema que ya se ha convertido en un himno para sus fans.<\/p>\n\n\n\n<p><strong>La gira tambi\u00e9n se estar\u00e1 presentando en varias ciudades de Espa\u00f1a.<\/strong><\/p>\n\n\n\n<p>Formadas en 2017, Paola Rivero, Alicia Ros y Mar\u00eda Talaverano, se conocieron de la manera m\u00e1s casual y terminaron creando una de las bandas m\u00e1s queridas del indie pop espa\u00f1ol. Su fusi\u00f3n de pop, punk pop y tontipop, ha sido la f\u00f3rmula perfecta para enamorar a miles de seguidores, quienes se identifican con sus letras directas, ir\u00f3nicas y llenas de emoci\u00f3n.<\/p>\n\n\n\n<p>La energ\u00eda de\u00a0<strong>Cari\u00f1o<\/strong>\u00a0en vivo es de otro nivel, y esta fecha promete ser una de esas noches que se quedan en el coraz\u00f3n. \u00a1Nos vemos el 4 de abril en el Foro Puebla para cantar hasta quedarnos sin voz! Los boletos estar\u00e1n\u00a0<strong>disponibles el 16 de enero en las taquillas del inmueble o a trav\u00e9s de\u00a0<\/strong><a href=\"http:\/\/www.ticketmaster.com.mx\/\"><strong>www.ticketmaster.com.mx<\/strong><\/a><strong>.<\/strong><\/p>\n\n\n\n<p><a href=\"https:\/\/www.facebook.com\/hashtag\/carin%CC%83o?__eep__=6&amp;__cft__[0]=AZWzoYzoI8mOZfu0f5toUqUmrmVn0aRQvm_dmDX6imv7Il94k-4S6iMOGGwO5SqkR4ptZwI4xB4CW5YHCv37RIiuYVnvU4aMu4j4nDcuWI8VZcBc8EUnaBymkaUmrQl8vlDTscAd41tFyy4fuKNN7XxVOBFzJ15756-zJwNFmXySLg&amp;__tn__=*NK-R\">#cari\u00f1o<\/a><\/p>\n\n\n\n<p><a href=\"https:\/\/www.facebook.com\/hashtag\/tantoporhacer?__eep__=6&amp;__cft__[0]=AZWzoYzoI8mOZfu0f5toUqUmrmVn0aRQvm_dmDX6imv7Il94k-4S6iMOGGwO5SqkR4ptZwI4xB4CW5YHCv37RIiuYVnvU4aMu4j4nDcuWI8VZcBc8EUnaBymkaUmrQl8vlDTscAd41tFyy4fuKNN7XxVOBFzJ15756-zJwNFmXySLg&amp;__tn__=*NK-R\">#TantoPorHacer<\/a><\/p>\n\n\n\n<p><a href=\"https:\/\/www.facebook.com\/hashtag\/foropuebla?__eep__=6&amp;__cft__[0]=AZWzoYzoI8mOZfu0f5toUqUmrmVn0aRQvm_dmDX6imv7Il94k-4S6iMOGGwO5SqkR4ptZwI4xB4CW5YHCv37RIiuYVnvU4aMu4j4nDcuWI8VZcBc8EUnaBymkaUmrQl8vlDTscAd41tFyy4fuKNN7XxVOBFzJ15756-zJwNFmXySLg&amp;__tn__=*NK-R\">#ForoPuebla<\/a><\/p>\n\n\n\n<p><a href=\"https:\/\/www.facebook.com\/hashtag\/ocesa?__eep__=6&amp;__cft__[0]=AZWzoYzoI8mOZfu0f5toUqUmrmVn0aRQvm_dmDX6imv7Il94k-4S6iMOGGwO5SqkR4ptZwI4xB4CW5YHCv37RIiuYVnvU4aMu4j4nDcuWI8VZcBc8EUnaBymkaUmrQl8vlDTscAd41tFyy4fuKNN7XxVOBFzJ15756-zJwNFmXySLg&amp;__tn__=*NK-R\">#OCESA<\/a><\/p>\n\n\n\n<p><a href=\"https:\/\/www.facebook.com\/hashtag\/ticketmaster?__eep__=6&amp;__cft__[0]=AZWzoYzoI8mOZfu0f5toUqUmrmVn0aRQvm_dmDX6imv7Il94k-4S6iMOGGwO5SqkR4ptZwI4xB4CW5YHCv37RIiuYVnvU4aMu4j4nDcuWI8VZcBc8EUnaBymkaUmrQl8vlDTscAd41tFyy4fuKNN7XxVOBFzJ15756-zJwNFmXySLg&amp;__tn__=*NK-R\">#ticketmaster<\/a><\/p>\n\n\n\n<p><a href=\"https:\/\/www.facebook.com\/hashtag\/bitacoracdmx?__eep__=6&amp;__cft__[0]=AZWzoYzoI8mOZfu0f5toUqUmrmVn0aRQvm_dmDX6imv7Il94k-4S6iMOGGwO5SqkR4ptZwI4xB4CW5YHCv37RIiuYVnvU4aMu4j4nDcuWI8VZcBc8EUnaBymkaUmrQl8vlDTscAd41tFyy4fuKNN7XxVOBFzJ15756-zJwNFmXySLg&amp;__tn__=*NK-R\">#bitacoracdmx<\/a><\/p>\n\n\n\n<p><a href=\"https:\/\/www.facebook.com\/hashtag\/cdmx?__eep__=6&amp;__cft__[0]=AZWzoYzoI8mOZfu0f5toUqUmrmVn0aRQvm_dmDX6imv7Il94k-4S6iMOGGwO5SqkR4ptZwI4xB4CW5YHCv37RIiuYVnvU4aMu4j4nDcuWI8VZcBc8EUnaBymkaUmrQl8vlDTscAd41tFyy4fuKNN7XxVOBFzJ15756-zJwNFmXySLg&amp;__tn__=*NK-R\">#CDMX<\/a><\/p>\n","protected":false},"excerpt":{"rendered":"<p>REDACCI\u00d3N La banda vuelve a M\u00e9xico con su tour TANTO POR HACER 4 DE ABRIL \u2013 FORO PUEBLA Venta General: 16 de enero \u00a1As\u00ed es!&nbsp;Cari\u00f1o&nbsp;regresa a tierras mexas para hacernos cantar y vibrar con su inconfundible sonido. El tr\u00edo espa\u00f1ol se presentar\u00e1 el pr\u00f3ximo&nbsp;4 de abril en el Foro Puebla; as\u00ed que, si amas las rolitas que te rompen y te sanan al mismo tiempo, este concierto es para ti. Prepara garganta, porque ser\u00e1 una noche de himnos y desahogo colectivo. Tanto Por Hacer: El nuevo cap\u00edtulo de Cari\u00f1o Despu\u00e9s de conquistar nuestros corazones,&nbsp;Cari\u00f1o&nbsp;nos trae su tercer \u00e1lbum,&nbsp;Tanto Por Hacer, [&hellip;]<\/p>\n","protected":false},"author":1,"featured_media":59243,"comment_status":"closed","ping_status":"closed","sticky":false,"template":"","format":"standard","meta":{"footnotes":""},"categories":[9,11],"tags":[],"_links":{"self":[{"href":"https:\/\/www.bitacoracdmx.com\/index.php?rest_route=\/wp\/v2\/posts\/59242"}],"collection":[{"href":"https:\/\/www.bitacoracdmx.com\/index.php?rest_route=\/wp\/v2\/posts"}],"about":[{"href":"https:\/\/www.bitacoracdmx.com\/index.php?rest_route=\/wp\/v2\/types\/post"}],"author":[{"embeddable":true,"href":"https:\/\/www.bitacoracdmx.com\/index.php?rest_route=\/wp\/v2\/users\/1"}],"replies":[{"embeddable":true,"href":"https:\/\/www.bitacoracdmx.com\/index.php?rest_route=%2Fwp%2Fv2%2Fcomments&post=59242"}],"version-history":[{"count":1,"href":"https:\/\/www.bitacoracdmx.com\/index.php?rest_route=\/wp\/v2\/posts\/59242\/revisions"}],"predecessor-version":[{"id":59244,"href":"https:\/\/www.bitacoracdmx.com\/index.php?rest_route=\/wp\/v2\/posts\/59242\/revisions\/59244"}],"wp:featuredmedia":[{"embeddable":true,"href":"https:\/\/www.bitacoracdmx.com\/index.php?rest_route=\/wp\/v2\/media\/59243"}],"wp:attachment":[{"href":"https:\/\/www.bitacoracdmx.com\/index.php?rest_route=%2Fwp%2Fv2%2Fmedia&parent=59242"}],"wp:term":[{"taxonomy":"category","embeddable":true,"href":"https:\/\/www.bitacoracdmx.com\/index.php?rest_route=%2Fwp%2Fv2%2Fcategories&post=59242"},{"taxonomy":"post_tag","embeddable":true,"href":"https:\/\/www.bitacoracdmx.com\/index.php?rest_route=%2Fwp%2Fv2%2Ftags&post=59242"}],"curies":[{"name":"wp","href":"https:\/\/api.w.org\/{rel}","templated":true}]}}