{"id":59245,"date":"2025-01-16T02:33:33","date_gmt":"2025-01-16T02:33:33","guid":{"rendered":"https:\/\/www.bitacoracdmx.com\/?p=59245"},"modified":"2025-01-16T02:33:35","modified_gmt":"2025-01-16T02:33:35","slug":"nasa-histoires-ofrecera-dos-shows-en-mexico","status":"publish","type":"post","link":"https:\/\/www.bitacoracdmx.com\/?p=59245","title":{"rendered":"Nasa Histoires ofrecer\u00e1 dos shows en M\u00e9xico"},"content":{"rendered":"\n<p><\/p>\n\n\n\n<p>REDACCI\u00d3N<\/p>\n\n\n\n<h3 class=\"wp-block-heading\">Una historia musical que no te puedes perder<\/h3>\n\n\n\n<h3 class=\"wp-block-heading\">24 DE ABRIL \u2013 LUNARIO DEL AUDITORIO NACIONAL \u2013 CIUDAD DE M\u00c9XICO<\/h3>\n\n\n\n<h3 class=\"wp-block-heading\">25 DE ABRIL \u2013 FORO ARPA \u2013 QUER\u00c9TARO<\/h3>\n\n\n\n<p><strong>Preventa Banamex:16 de enero, 11:00 a.m.<\/strong><\/p>\n\n\n\n<p>Desde Colombia, un proyecto que combina poes\u00eda, nostalgia y ritmos que te har\u00e1n vibrar est\u00e1 por aterrizar en tierras mexicanas.&nbsp;<strong>Nasa Histoires<\/strong>&nbsp;se presentar\u00e1 el&nbsp;<strong>24 de abril<\/strong>&nbsp;en el&nbsp;<strong>Lunario del Auditorio Nacional,&nbsp;<\/strong>y despu\u00e9s, estar\u00e1n en Quer\u00e9taro el 25 de abril en el Foro Arpa. Si amas la m\u00fasica que cuenta historias y despierta emociones, este show es para ti. Corre por tus boletos y s\u00e9 parte de esta noche m\u00e1gica.<\/p>\n\n\n\n<p><strong>F<em>lora<\/em>: Un viaje sonoro sin fronteras<\/strong><\/p>\n\n\n\n<p>En 2024,&nbsp;<strong>Nasa Histoires<\/strong>&nbsp;nos sorprendi\u00f3 con&nbsp;<em>Flora<\/em>, un \u00e1lbum que ha sido todo un festejo musical. Su combinaci\u00f3n \u00fanica de gypsy jazz, bossa nova y cumbia, nos transporta a un universo donde la tristeza se transforma en belleza y la melancol\u00eda se baila. Con nueve canciones llenas de poes\u00eda y melod\u00edas envolventes, este disco se ha convertido en la banda sonora perfecta para esos momentos de introspecci\u00f3n y gozo.<\/p>\n\n\n\n<p><strong> La banda estar\u00e1 girando por varias ciudades de Latinoam\u00e9rica, incluyendo uno de los festivales m\u00e1s importantes.<\/strong><\/p>\n\n\n\n<p>Formados en Tunja, Boyac\u00e1 en 2016,&nbsp;<strong>Nasa Histoires<\/strong>&nbsp;naci\u00f3 con la misi\u00f3n de ofrecer un sonido fresco y aut\u00e9ntico. Su m\u00fasica es una invitaci\u00f3n a sentir, a dejarse llevar por letras cargadas de emociones y a descubrir historias que conectan con el alma. Cada canci\u00f3n es un cuento, una vivencia, un fragmento de vida convertido en arte.<\/p>\n\n\n\n<p>El Lunario ser\u00e1 testigo de una noche donde la m\u00fasica y las emociones se fusionar\u00e1n en un concierto \u00edntimo e inolvidable. Nos vemos en CDMX y en Quer\u00e9tato para escribir juntos un nuevo cap\u00edtulo con\u00a0<strong>Nasa Histoires.<\/strong>\u00a0Los boletos estar\u00e1n en\u00a0<strong>preventa Banamex el 16 de enero<\/strong>, y un d\u00eda despu\u00e9s los podr\u00e1s adquirir en las taquillas de los inmuebles o a trav\u00e9s de\u00a0<a href=\"http:\/\/www.ticketmaster.com.mx\/\"><strong>www.ticketmaster.com.mx<\/strong><\/a>para Ciudad de M\u00e9xico; para Quer\u00e9taro ser\u00e1 a trav\u00e9s de\u00a0<strong>Eticket.<\/strong><\/p>\n\n\n\n<p><a href=\"https:\/\/www.facebook.com\/hashtag\/nasahistoires?__eep__=6&amp;__cft__[0]=AZVVKddnGRg8-ZW_DZ6Pqg6CCI-gKJuyXWR3TMjR7ApZoPjbtgvCIzrup5lpDIApmolHFJE4hzyTm0FY6UYlhcbK3eTbbqX1pVOcJLU9JB1lDG9QsC7LEN9iFuX-0jyfd0UX0tV1F_OuuSe_TXmJYN3kQqi8g2Y_TE-TlsMBKbFw-w&amp;__tn__=*NK-R\">#nasahistoires<\/a><\/p>\n\n\n\n<p><a href=\"https:\/\/www.facebook.com\/hashtag\/lunariodelauditorionacional?__eep__=6&amp;__cft__[0]=AZVVKddnGRg8-ZW_DZ6Pqg6CCI-gKJuyXWR3TMjR7ApZoPjbtgvCIzrup5lpDIApmolHFJE4hzyTm0FY6UYlhcbK3eTbbqX1pVOcJLU9JB1lDG9QsC7LEN9iFuX-0jyfd0UX0tV1F_OuuSe_TXmJYN3kQqi8g2Y_TE-TlsMBKbFw-w&amp;__tn__=*NK-R\">#lunariodelauditorionacional<\/a><\/p>\n\n\n\n<p><a href=\"https:\/\/www.facebook.com\/hashtag\/ocesa?__eep__=6&amp;__cft__[0]=AZVVKddnGRg8-ZW_DZ6Pqg6CCI-gKJuyXWR3TMjR7ApZoPjbtgvCIzrup5lpDIApmolHFJE4hzyTm0FY6UYlhcbK3eTbbqX1pVOcJLU9JB1lDG9QsC7LEN9iFuX-0jyfd0UX0tV1F_OuuSe_TXmJYN3kQqi8g2Y_TE-TlsMBKbFw-w&amp;__tn__=*NK-R\">#OCESA<\/a><\/p>\n\n\n\n<p><a href=\"https:\/\/www.facebook.com\/hashtag\/ticketmaster?__eep__=6&amp;__cft__[0]=AZVVKddnGRg8-ZW_DZ6Pqg6CCI-gKJuyXWR3TMjR7ApZoPjbtgvCIzrup5lpDIApmolHFJE4hzyTm0FY6UYlhcbK3eTbbqX1pVOcJLU9JB1lDG9QsC7LEN9iFuX-0jyfd0UX0tV1F_OuuSe_TXmJYN3kQqi8g2Y_TE-TlsMBKbFw-w&amp;__tn__=*NK-R\">#ticketmaster<\/a><\/p>\n\n\n\n<p><a href=\"https:\/\/www.facebook.com\/hashtag\/bitacoracdmx?__eep__=6&amp;__cft__[0]=AZVVKddnGRg8-ZW_DZ6Pqg6CCI-gKJuyXWR3TMjR7ApZoPjbtgvCIzrup5lpDIApmolHFJE4hzyTm0FY6UYlhcbK3eTbbqX1pVOcJLU9JB1lDG9QsC7LEN9iFuX-0jyfd0UX0tV1F_OuuSe_TXmJYN3kQqi8g2Y_TE-TlsMBKbFw-w&amp;__tn__=*NK-R\">#bitacoracdmx<\/a><\/p>\n\n\n\n<p><a href=\"https:\/\/www.facebook.com\/hashtag\/cdmx?__eep__=6&amp;__cft__[0]=AZVVKddnGRg8-ZW_DZ6Pqg6CCI-gKJuyXWR3TMjR7ApZoPjbtgvCIzrup5lpDIApmolHFJE4hzyTm0FY6UYlhcbK3eTbbqX1pVOcJLU9JB1lDG9QsC7LEN9iFuX-0jyfd0UX0tV1F_OuuSe_TXmJYN3kQqi8g2Y_TE-TlsMBKbFw-w&amp;__tn__=*NK-R\">#CDMX<\/a><\/p>\n","protected":false},"excerpt":{"rendered":"<p>REDACCI\u00d3N Una historia musical que no te puedes perder 24 DE ABRIL \u2013 LUNARIO DEL AUDITORIO NACIONAL \u2013 CIUDAD DE M\u00c9XICO 25 DE ABRIL \u2013 FORO ARPA \u2013 QUER\u00c9TARO Preventa Banamex:16 de enero, 11:00 a.m. Desde Colombia, un proyecto que combina poes\u00eda, nostalgia y ritmos que te har\u00e1n vibrar est\u00e1 por aterrizar en tierras mexicanas.&nbsp;Nasa Histoires&nbsp;se presentar\u00e1 el&nbsp;24 de abril&nbsp;en el&nbsp;Lunario del Auditorio Nacional,&nbsp;y despu\u00e9s, estar\u00e1n en Quer\u00e9taro el 25 de abril en el Foro Arpa. Si amas la m\u00fasica que cuenta historias y despierta emociones, este show es para ti. Corre por tus boletos y s\u00e9 parte de esta [&hellip;]<\/p>\n","protected":false},"author":1,"featured_media":59246,"comment_status":"closed","ping_status":"closed","sticky":false,"template":"","format":"standard","meta":{"footnotes":""},"categories":[9,11],"tags":[],"_links":{"self":[{"href":"https:\/\/www.bitacoracdmx.com\/index.php?rest_route=\/wp\/v2\/posts\/59245"}],"collection":[{"href":"https:\/\/www.bitacoracdmx.com\/index.php?rest_route=\/wp\/v2\/posts"}],"about":[{"href":"https:\/\/www.bitacoracdmx.com\/index.php?rest_route=\/wp\/v2\/types\/post"}],"author":[{"embeddable":true,"href":"https:\/\/www.bitacoracdmx.com\/index.php?rest_route=\/wp\/v2\/users\/1"}],"replies":[{"embeddable":true,"href":"https:\/\/www.bitacoracdmx.com\/index.php?rest_route=%2Fwp%2Fv2%2Fcomments&post=59245"}],"version-history":[{"count":1,"href":"https:\/\/www.bitacoracdmx.com\/index.php?rest_route=\/wp\/v2\/posts\/59245\/revisions"}],"predecessor-version":[{"id":59247,"href":"https:\/\/www.bitacoracdmx.com\/index.php?rest_route=\/wp\/v2\/posts\/59245\/revisions\/59247"}],"wp:featuredmedia":[{"embeddable":true,"href":"https:\/\/www.bitacoracdmx.com\/index.php?rest_route=\/wp\/v2\/media\/59246"}],"wp:attachment":[{"href":"https:\/\/www.bitacoracdmx.com\/index.php?rest_route=%2Fwp%2Fv2%2Fmedia&parent=59245"}],"wp:term":[{"taxonomy":"category","embeddable":true,"href":"https:\/\/www.bitacoracdmx.com\/index.php?rest_route=%2Fwp%2Fv2%2Fcategories&post=59245"},{"taxonomy":"post_tag","embeddable":true,"href":"https:\/\/www.bitacoracdmx.com\/index.php?rest_route=%2Fwp%2Fv2%2Ftags&post=59245"}],"curies":[{"name":"wp","href":"https:\/\/api.w.org\/{rel}","templated":true}]}}