{"id":59248,"date":"2025-01-16T03:00:01","date_gmt":"2025-01-16T03:00:01","guid":{"rendered":"https:\/\/www.bitacoracdmx.com\/?p=59248"},"modified":"2025-01-16T03:00:03","modified_gmt":"2025-01-16T03:00:03","slug":"el-mato-a-un-policia-motorizado-dara-dos-shows-que-se-viviran-como-la-noche-eterna","status":"publish","type":"post","link":"https:\/\/www.bitacoracdmx.com\/?p=59248","title":{"rendered":"El Mat\u00f3 a un Polic\u00eda Motorizado dar\u00e1 dos shows que se vivir\u00e1n como &#8220;La Noche Eterna&#8221;"},"content":{"rendered":"\n<p><\/p>\n\n\n\n<p>REDACCI\u00d3N<\/p>\n\n\n\n<h3 class=\"wp-block-heading\">Una de las bandas m\u00e1s influyentes del rock en Latinoam\u00e9rica est\u00e1 de vuelta por tierras aztecas<\/h3>\n\n\n\n<h3 class=\"wp-block-heading\">12 DE MARZO \u2013 Foro Arpa \u2013 QUER\u00c9TARO&nbsp;<\/h3>\n\n\n\n<h3 class=\"wp-block-heading\">13 DE MARZO \u2013 TEATRO DIANA \u2013 GUADALAJARA<\/h3>\n\n\n\n<h3 class=\"wp-block-heading\">Preventa Banamex: viernes 17 de enero \/ 11:00 AM<\/h3>\n\n\n\n<p>Adem\u00e1s de la esperada presentaci\u00f3n que ofrecer\u00e1n en el&nbsp;<strong>Vive Latino 2025<\/strong>, los integrantes de&nbsp;<strong>\u00c9l Mat\u00f3 a un Polic\u00eda Motorizado<\/strong>&nbsp;han anunciado dos conciertos m\u00e1s en tierras aztecas para el resto de sus fans.<\/p>\n\n\n\n<p>La banda argentina naci\u00f3 en La Plata, Argentina a mediados de 2003. Con sus primeros \u00e1lbumes y explosivas presentaciones en directo, la banda irrumpi\u00f3 en la escena argentina para encabezar el nuevo movimiento de rock alternativo del siglo XXI.<\/p>\n\n\n\n<p>La agrupaci\u00f3n recorri\u00f3 por casi dos d\u00e9cadas Latinoam\u00e9rica, Estados Unidos y Europa, realizando giras con salas llenas y participando en los festivales m\u00e1s importantes del mundo como el Primavera Sound (Barcelona), Vive Latino (M\u00e9xico), Lollapalooza (Buenos Aires), Ruido Fest (Chicago), Tomavistas (Madrid) y LAMC (Nueva York). La banda ha editado su discograf\u00eda en Estados Unidos, Espa\u00f1a, Brasil, M\u00e9xico, Chile, Per\u00fa y Uruguay.<\/p>\n\n\n\n<p><strong>Recientemente, \u00c9l Mat\u00f3 a un Polic\u00eda Motorizado ofreci\u00f3 un show sold out en el Movistar Arena, donde 15,000 fan\u00e1ticos disfrutaron de una de las presentaciones m\u00e1s impresionantes de su gira\u00a0<em>SUPER TERROR<\/em>, la cual ha sido galardonada con el Premio Gardel a<em>\u00a0Mejor \u00c1lbum de Rock<\/em>.<\/strong><\/p>\n\n\n\n<p>El grupo est\u00e1 conformado por Santiago Barrionuevo (Santiago Motorizado) en voz y bajo, Guillermo Ruiz Diaz (Doctora Muerte) en bater\u00eda, Manuel Sanchez Viamonte (Pantro Put\u00f6) en guitarra, Gustavo Monsalvo (Ni\u00f1o elefante) en guitarra y Agust\u00edn Spassoff (Afloyd) en teclados.<\/p>\n\n\n\n<p>Escucha en vivo su \u00faltimo y d\u00e9cimo disco,\u00a0<strong><em>S\u00faper Terror<\/em><\/strong>; un \u00e1lbum que los convirti\u00f3 en un cl\u00e1sico del rock argentino. Los boletos estar\u00e1n a la venta en Preventa Banamex a partir del\u00a0<strong>17 de enero<\/strong>\u00a0a las 11:00 AM, hora local y un d\u00eda despu\u00e9s en taquillas del inmueble y a trav\u00e9s de Ticketmaster, as\u00ed como en Eticket.<\/p>\n\n\n\n<p><a href=\"https:\/\/www.facebook.com\/hashtag\/elmatoaunpoliciamotorizado?__eep__=6&amp;__cft__[0]=AZW676fDKeCI0ClS1GCkE8FdEVMNo4uEDBNeWTRyu15J1hjbKWJT8q9Rt25vivYqzoT7F8wDcsfH3OEUvyPIS6bwHmhrJBrF4Ew_5xgDlTi-mV7B611yAnbcGGzNG-zdnO8U634f5aikhgh--qTkoAPgieHXsBsJgoKjiSInSPIFLQ&amp;__tn__=*NK-R\">#elmatoaunpoliciamotorizado<\/a><\/p>\n\n\n\n<p><a href=\"https:\/\/www.facebook.com\/hashtag\/foroarpa?__eep__=6&amp;__cft__[0]=AZW676fDKeCI0ClS1GCkE8FdEVMNo4uEDBNeWTRyu15J1hjbKWJT8q9Rt25vivYqzoT7F8wDcsfH3OEUvyPIS6bwHmhrJBrF4Ew_5xgDlTi-mV7B611yAnbcGGzNG-zdnO8U634f5aikhgh--qTkoAPgieHXsBsJgoKjiSInSPIFLQ&amp;__tn__=*NK-R\">#foroarpa<\/a><\/p>\n\n\n\n<p><a href=\"https:\/\/www.facebook.com\/hashtag\/teatrodiana?__eep__=6&amp;__cft__[0]=AZW676fDKeCI0ClS1GCkE8FdEVMNo4uEDBNeWTRyu15J1hjbKWJT8q9Rt25vivYqzoT7F8wDcsfH3OEUvyPIS6bwHmhrJBrF4Ew_5xgDlTi-mV7B611yAnbcGGzNG-zdnO8U634f5aikhgh--qTkoAPgieHXsBsJgoKjiSInSPIFLQ&amp;__tn__=*NK-R\">#TeatroDiana<\/a><\/p>\n\n\n\n<p><a href=\"https:\/\/www.facebook.com\/hashtag\/ocesa?__eep__=6&amp;__cft__[0]=AZW676fDKeCI0ClS1GCkE8FdEVMNo4uEDBNeWTRyu15J1hjbKWJT8q9Rt25vivYqzoT7F8wDcsfH3OEUvyPIS6bwHmhrJBrF4Ew_5xgDlTi-mV7B611yAnbcGGzNG-zdnO8U634f5aikhgh--qTkoAPgieHXsBsJgoKjiSInSPIFLQ&amp;__tn__=*NK-R\">#OCESA<\/a><\/p>\n\n\n\n<p><a href=\"https:\/\/www.facebook.com\/hashtag\/ticketmaster?__eep__=6&amp;__cft__[0]=AZW676fDKeCI0ClS1GCkE8FdEVMNo4uEDBNeWTRyu15J1hjbKWJT8q9Rt25vivYqzoT7F8wDcsfH3OEUvyPIS6bwHmhrJBrF4Ew_5xgDlTi-mV7B611yAnbcGGzNG-zdnO8U634f5aikhgh--qTkoAPgieHXsBsJgoKjiSInSPIFLQ&amp;__tn__=*NK-R\">#ticketmaster<\/a><\/p>\n\n\n\n<p><a href=\"https:\/\/www.facebook.com\/hashtag\/eticket?__eep__=6&amp;__cft__[0]=AZW676fDKeCI0ClS1GCkE8FdEVMNo4uEDBNeWTRyu15J1hjbKWJT8q9Rt25vivYqzoT7F8wDcsfH3OEUvyPIS6bwHmhrJBrF4Ew_5xgDlTi-mV7B611yAnbcGGzNG-zdnO8U634f5aikhgh--qTkoAPgieHXsBsJgoKjiSInSPIFLQ&amp;__tn__=*NK-R\">#eticket<\/a><\/p>\n\n\n\n<p><a href=\"https:\/\/www.facebook.com\/hashtag\/bitacoracdmx?__eep__=6&amp;__cft__[0]=AZW676fDKeCI0ClS1GCkE8FdEVMNo4uEDBNeWTRyu15J1hjbKWJT8q9Rt25vivYqzoT7F8wDcsfH3OEUvyPIS6bwHmhrJBrF4Ew_5xgDlTi-mV7B611yAnbcGGzNG-zdnO8U634f5aikhgh--qTkoAPgieHXsBsJgoKjiSInSPIFLQ&amp;__tn__=*NK-R\">#bitacoracdmx<\/a><\/p>\n","protected":false},"excerpt":{"rendered":"<p>REDACCI\u00d3N Una de las bandas m\u00e1s influyentes del rock en Latinoam\u00e9rica est\u00e1 de vuelta por tierras aztecas 12 DE MARZO \u2013 Foro Arpa \u2013 QUER\u00c9TARO&nbsp; 13 DE MARZO \u2013 TEATRO DIANA \u2013 GUADALAJARA Preventa Banamex: viernes 17 de enero \/ 11:00 AM Adem\u00e1s de la esperada presentaci\u00f3n que ofrecer\u00e1n en el&nbsp;Vive Latino 2025, los integrantes de&nbsp;\u00c9l Mat\u00f3 a un Polic\u00eda Motorizado&nbsp;han anunciado dos conciertos m\u00e1s en tierras aztecas para el resto de sus fans. La banda argentina naci\u00f3 en La Plata, Argentina a mediados de 2003. Con sus primeros \u00e1lbumes y explosivas presentaciones en directo, la banda irrumpi\u00f3 en la [&hellip;]<\/p>\n","protected":false},"author":1,"featured_media":59249,"comment_status":"closed","ping_status":"closed","sticky":false,"template":"","format":"standard","meta":{"footnotes":""},"categories":[9,11],"tags":[],"_links":{"self":[{"href":"https:\/\/www.bitacoracdmx.com\/index.php?rest_route=\/wp\/v2\/posts\/59248"}],"collection":[{"href":"https:\/\/www.bitacoracdmx.com\/index.php?rest_route=\/wp\/v2\/posts"}],"about":[{"href":"https:\/\/www.bitacoracdmx.com\/index.php?rest_route=\/wp\/v2\/types\/post"}],"author":[{"embeddable":true,"href":"https:\/\/www.bitacoracdmx.com\/index.php?rest_route=\/wp\/v2\/users\/1"}],"replies":[{"embeddable":true,"href":"https:\/\/www.bitacoracdmx.com\/index.php?rest_route=%2Fwp%2Fv2%2Fcomments&post=59248"}],"version-history":[{"count":1,"href":"https:\/\/www.bitacoracdmx.com\/index.php?rest_route=\/wp\/v2\/posts\/59248\/revisions"}],"predecessor-version":[{"id":59250,"href":"https:\/\/www.bitacoracdmx.com\/index.php?rest_route=\/wp\/v2\/posts\/59248\/revisions\/59250"}],"wp:featuredmedia":[{"embeddable":true,"href":"https:\/\/www.bitacoracdmx.com\/index.php?rest_route=\/wp\/v2\/media\/59249"}],"wp:attachment":[{"href":"https:\/\/www.bitacoracdmx.com\/index.php?rest_route=%2Fwp%2Fv2%2Fmedia&parent=59248"}],"wp:term":[{"taxonomy":"category","embeddable":true,"href":"https:\/\/www.bitacoracdmx.com\/index.php?rest_route=%2Fwp%2Fv2%2Fcategories&post=59248"},{"taxonomy":"post_tag","embeddable":true,"href":"https:\/\/www.bitacoracdmx.com\/index.php?rest_route=%2Fwp%2Fv2%2Ftags&post=59248"}],"curies":[{"name":"wp","href":"https:\/\/api.w.org\/{rel}","templated":true}]}}