{"id":59251,"date":"2025-01-16T03:22:39","date_gmt":"2025-01-16T03:22:39","guid":{"rendered":"https:\/\/www.bitacoracdmx.com\/?p=59251"},"modified":"2025-01-16T03:22:41","modified_gmt":"2025-01-16T03:22:41","slug":"el-lunario-derrochara-de-dark-guapachoso-en-la-proxima-presentacion-de-san-pascualito-rey","status":"publish","type":"post","link":"https:\/\/www.bitacoracdmx.com\/?p=59251","title":{"rendered":"El Lunario derrochar\u00e1 de Dark Guapachoso en la pr\u00f3xima presentaci\u00f3n de San Pascualito Rey."},"content":{"rendered":"\n<p><\/p>\n\n\n\n<p>Por: Denisse Ure\u00f1a \/ <a href=\"https:\/\/www.instagram.com\/denisseure_\/\">@denisseure_<\/a><\/p>\n\n\n\n<p>Fotos: Jorge Yeicatl \/ <a href=\"https:\/\/www.instagram.com\/desconocido_tour?igsh=MXBucXUxdXoxejVoaA==\">@desconocido_tour<\/a><\/p>\n\n\n\n<p>Con 25 a\u00f1os de trayectoria, San Pascualito Rey, reconocido grupo mexicano festej\u00f3 su aniversario con el lanzamiento de su sexto \u00e1lbum de estudio titulado &#8220;Dark Guapachoso&#8221;, el cual ser\u00e1 presentado en el Lunario del Auditorio Nacional el pr\u00f3ximo 08 de febrero, donde marcar\u00e1n su emblem\u00e1tico estilo dark con una experiencia inolvidable para todos sus seguidores.<\/p>\n\n\n\n<p>En conferencia de prensa, la banda dark guapachosa compartieron que a pesar de ser considerada &#8220;dark&#8221;, para lograr un toque distintivo el \u00e1lbum buscar\u00e1 incorporar estilos de la m\u00fasica popular mexicana, que a su vez reflejar\u00e1n una mezcla de influencias alejadas de los ritmos tradicionales. Asimismo, mencionaron que el t\u00e9rmino &#8220;dark guapachoso&#8221;, acu\u00f1ado por la prensa en 2003, ha demostrado la fusi\u00f3n de ritmos oscuros con un toque m\u00e1s festivo y alegre, brindado iconicidad a la banda.<\/p>\n\n\n\n<figure class=\"wp-block-image size-full\"><img loading=\"lazy\" decoding=\"async\" width=\"5190\" height=\"3892\" src=\"https:\/\/www.bitacoracdmx.com\/wp-content\/uploads\/2025\/01\/pascual-2.jpg\" alt=\"\" class=\"wp-image-59253\"\/><\/figure>\n\n\n\n<p>\u00a0&#8220;Desde que comenzamos, hemos intentado crear un sonido oscuro sin referencias a ning\u00fan pa\u00eds, m\u00e1s all\u00e1 de la m\u00fasica popular mexicana&#8221;, indicaron.<\/p>\n\n\n\n<p>Por ello, el nuevo LP que buscan presentar en su pr\u00f3ximo concierto contar\u00e1 con el regreso del estilo original del exitoso grupo, transitando a un toque grupero y al lamento mexicano para explorar nuevas tem\u00e1ticas y sonidos.<\/p>\n\n\n\n<p>&#8220;Es un disco que creo que volvimos un poco a las ra\u00edces en el sentido que las referencias musicales fueron las que detonaron el principio del grupo&#8221;, comentaron.<\/p>\n\n\n\n<p>San Pascualito Rey, hijo pr\u00f3digo de la m\u00fasica mexicana ha logrado conectar con miles de espectadores gracias a sus introspectivas y emocionales composiciones. C\u00f3mo respuesta emocional del efecto musical causado a\u00f1adi\u00f3 que, sentimientos como la tristeza que han apropiado en m\u00fasica, puede ser una forma de catarsis.<\/p>\n\n\n\n<p>&#8220;La m\u00fasica triste siempre ha sido la que m\u00e1s feliz nos ha hecho&#8221;, donde resaltaron la experiencia de liberaci\u00f3n que sienten al tocar en vivo, canciones ic\u00f3nicas como las de su \u00e1lbum \u201cSufro, Sufro, Sufro\u201d.<\/p>\n\n\n\n<p>El concierto en el Lunario no solo ser\u00e1 una presentaci\u00f3n del nuevo \u00e1lbum, sino tambi\u00e9n un repaso por la trayectoria de la banda, incluyendo un repertorio que abarcar\u00e1 todos sus discos.<\/p>\n\n\n\n<p>&nbsp;&#8220;Vamos a tocar todo el disco completo, pero tambi\u00e9n habr\u00e1 sorpresas especiales&#8221;, adelantaron.<\/p>\n\n\n\n<p>Adem\u00e1s, se anunci\u00f3 que el \u00e1lbum &#8220;Dark Guapachoso&#8221; estar\u00e1 disponible en vinilo, una apuesta que busca ofrecer a los fans un objeto de colecci\u00f3n. Aunado a ello, agregaron la posibilidad de lanzar vinilos de sus \u00e1lbumes anteriores, como un esfuerzo por revivir el formato y ofrecer a sus seguidores un recuerdo distintivo.<\/p>\n\n\n\n<figure class=\"wp-block-image size-full\"><img loading=\"lazy\" decoding=\"async\" width=\"1778\" height=\"1333\" src=\"https:\/\/www.bitacoracdmx.com\/wp-content\/uploads\/2025\/01\/pasccual-3.jpg\" alt=\"\" class=\"wp-image-59254\"\/><\/figure>\n\n\n\n<p>Se espera que, el pr\u00f3ximo concierto de San Pascualito Rey sea un ritual donde el p\u00fablico entienda el esfuerzo de permanencia en la m\u00fasica y refleje un viaje personal.<\/p>\n\n\n\n<p>\u201cHemos buscado de alguna manera encontrarnos a nosotros mismos y esa introspecci\u00f3n o ese camino muchas veces tiene que haber justo con un acto ceremonial y de hecho en algunos temas del disco est\u00e1 este tema\u201d, expresaron acompa\u00f1ando de gratitud hacia quienes los acompa\u00f1an en su evoluci\u00f3n musical.<\/p>\n\n\n\n<p>El lanzamiento de &#8220;Dark Guapachoso&#8221; promete ser un evento memorable, donde Pascual Reyes, Juan Morales, Vicente Jauregui, Chepo Vald\u00e9z y Giancarlo Bonfanti celebrar\u00e1n su legado musical y su conexi\u00f3n con el p\u00fablico el pr\u00f3ximo 08 de febrero en el Lunario del Auditorio Nacional, con boletos disponibles en Ticketmaster.<\/p>\n\n\n\n<p><a href=\"https:\/\/www.facebook.com\/hashtag\/sanpascualitorey?__eep__=6&amp;__cft__[0]=AZWgPZ4vAUa6x0LsHnQMYFYijxF-LvuBaccSJzubtwwgIOdxCICEAtFHbiVsKTRYJpJMBEPsxhvXhJPE3iKiOSN74eFUCH0qhAQkXWAgcgqZRwlP5zVx7oB7i4UwtkP9J_aT6DWBZwUNXijFOUekAUej8un-NshEZ_uKipnPTieEeg&amp;__tn__=*NK-R\">#SanPascualitoRey<\/a><\/p>\n\n\n\n<p><a href=\"https:\/\/www.facebook.com\/hashtag\/lunariodelauditorionacional?__eep__=6&amp;__cft__[0]=AZWgPZ4vAUa6x0LsHnQMYFYijxF-LvuBaccSJzubtwwgIOdxCICEAtFHbiVsKTRYJpJMBEPsxhvXhJPE3iKiOSN74eFUCH0qhAQkXWAgcgqZRwlP5zVx7oB7i4UwtkP9J_aT6DWBZwUNXijFOUekAUej8un-NshEZ_uKipnPTieEeg&amp;__tn__=*NK-R\">#lunariodelauditorionacional<\/a><\/p>\n\n\n\n<p><a href=\"https:\/\/www.facebook.com\/hashtag\/darkguapachoso?__eep__=6&amp;__cft__[0]=AZWgPZ4vAUa6x0LsHnQMYFYijxF-LvuBaccSJzubtwwgIOdxCICEAtFHbiVsKTRYJpJMBEPsxhvXhJPE3iKiOSN74eFUCH0qhAQkXWAgcgqZRwlP5zVx7oB7i4UwtkP9J_aT6DWBZwUNXijFOUekAUej8un-NshEZ_uKipnPTieEeg&amp;__tn__=*NK-R\">#darkguapachoso<\/a><\/p>\n\n\n\n<p><a href=\"https:\/\/www.facebook.com\/hashtag\/ocesa?__eep__=6&amp;__cft__[0]=AZWgPZ4vAUa6x0LsHnQMYFYijxF-LvuBaccSJzubtwwgIOdxCICEAtFHbiVsKTRYJpJMBEPsxhvXhJPE3iKiOSN74eFUCH0qhAQkXWAgcgqZRwlP5zVx7oB7i4UwtkP9J_aT6DWBZwUNXijFOUekAUej8un-NshEZ_uKipnPTieEeg&amp;__tn__=*NK-R\">#OCESA<\/a><\/p>\n\n\n\n<p><a href=\"https:\/\/www.facebook.com\/hashtag\/ticketmaster?__eep__=6&amp;__cft__[0]=AZWgPZ4vAUa6x0LsHnQMYFYijxF-LvuBaccSJzubtwwgIOdxCICEAtFHbiVsKTRYJpJMBEPsxhvXhJPE3iKiOSN74eFUCH0qhAQkXWAgcgqZRwlP5zVx7oB7i4UwtkP9J_aT6DWBZwUNXijFOUekAUej8un-NshEZ_uKipnPTieEeg&amp;__tn__=*NK-R\">#ticketmaster<\/a><\/p>\n\n\n\n<p><a href=\"https:\/\/www.facebook.com\/hashtag\/bitacoracdmx?__eep__=6&amp;__cft__[0]=AZWgPZ4vAUa6x0LsHnQMYFYijxF-LvuBaccSJzubtwwgIOdxCICEAtFHbiVsKTRYJpJMBEPsxhvXhJPE3iKiOSN74eFUCH0qhAQkXWAgcgqZRwlP5zVx7oB7i4UwtkP9J_aT6DWBZwUNXijFOUekAUej8un-NshEZ_uKipnPTieEeg&amp;__tn__=*NK-R\">#bitacoracdmx<\/a><\/p>\n\n\n\n<p><a href=\"https:\/\/www.facebook.com\/hashtag\/cdmx?__eep__=6&amp;__cft__[0]=AZWgPZ4vAUa6x0LsHnQMYFYijxF-LvuBaccSJzubtwwgIOdxCICEAtFHbiVsKTRYJpJMBEPsxhvXhJPE3iKiOSN74eFUCH0qhAQkXWAgcgqZRwlP5zVx7oB7i4UwtkP9J_aT6DWBZwUNXijFOUekAUej8un-NshEZ_uKipnPTieEeg&amp;__tn__=*NK-R\">#CDMX<\/a><\/p>\n","protected":false},"excerpt":{"rendered":"<p>Por: Denisse Ure\u00f1a \/ @denisseure_ Fotos: Jorge Yeicatl \/ @desconocido_tour Con 25 a\u00f1os de trayectoria, San Pascualito Rey, reconocido grupo mexicano festej\u00f3 su aniversario con el lanzamiento de su sexto \u00e1lbum de estudio titulado &#8220;Dark Guapachoso&#8221;, el cual ser\u00e1 presentado en el Lunario del Auditorio Nacional el pr\u00f3ximo 08 de febrero, donde marcar\u00e1n su emblem\u00e1tico estilo dark con una experiencia inolvidable para todos sus seguidores. En conferencia de prensa, la banda dark guapachosa compartieron que a pesar de ser considerada &#8220;dark&#8221;, para lograr un toque distintivo el \u00e1lbum buscar\u00e1 incorporar estilos de la m\u00fasica popular mexicana, que a su vez [&hellip;]<\/p>\n","protected":false},"author":1,"featured_media":59252,"comment_status":"closed","ping_status":"closed","sticky":false,"template":"","format":"standard","meta":{"footnotes":""},"categories":[9,11],"tags":[],"_links":{"self":[{"href":"https:\/\/www.bitacoracdmx.com\/index.php?rest_route=\/wp\/v2\/posts\/59251"}],"collection":[{"href":"https:\/\/www.bitacoracdmx.com\/index.php?rest_route=\/wp\/v2\/posts"}],"about":[{"href":"https:\/\/www.bitacoracdmx.com\/index.php?rest_route=\/wp\/v2\/types\/post"}],"author":[{"embeddable":true,"href":"https:\/\/www.bitacoracdmx.com\/index.php?rest_route=\/wp\/v2\/users\/1"}],"replies":[{"embeddable":true,"href":"https:\/\/www.bitacoracdmx.com\/index.php?rest_route=%2Fwp%2Fv2%2Fcomments&post=59251"}],"version-history":[{"count":1,"href":"https:\/\/www.bitacoracdmx.com\/index.php?rest_route=\/wp\/v2\/posts\/59251\/revisions"}],"predecessor-version":[{"id":59255,"href":"https:\/\/www.bitacoracdmx.com\/index.php?rest_route=\/wp\/v2\/posts\/59251\/revisions\/59255"}],"wp:featuredmedia":[{"embeddable":true,"href":"https:\/\/www.bitacoracdmx.com\/index.php?rest_route=\/wp\/v2\/media\/59252"}],"wp:attachment":[{"href":"https:\/\/www.bitacoracdmx.com\/index.php?rest_route=%2Fwp%2Fv2%2Fmedia&parent=59251"}],"wp:term":[{"taxonomy":"category","embeddable":true,"href":"https:\/\/www.bitacoracdmx.com\/index.php?rest_route=%2Fwp%2Fv2%2Fcategories&post=59251"},{"taxonomy":"post_tag","embeddable":true,"href":"https:\/\/www.bitacoracdmx.com\/index.php?rest_route=%2Fwp%2Fv2%2Ftags&post=59251"}],"curies":[{"name":"wp","href":"https:\/\/api.w.org\/{rel}","templated":true}]}}