{"id":59262,"date":"2025-01-17T04:46:18","date_gmt":"2025-01-17T04:46:18","guid":{"rendered":"https:\/\/www.bitacoracdmx.com\/?p=59262"},"modified":"2025-01-17T04:46:21","modified_gmt":"2025-01-17T04:46:21","slug":"el-festival-versos-y-raices-llega-a-cuernavaca-morelos-una-noche-de-trova-inolvidable","status":"publish","type":"post","link":"https:\/\/www.bitacoracdmx.com\/?p=59262","title":{"rendered":"El Festival VERSOS Y RA\u00cdCES llega a CUERNAVACA, MORELOS, una NOCHE de TROVA INOLVIDABLE"},"content":{"rendered":"\n<p><\/p>\n\n\n\n<p>REDACCI\u00d3N<\/p>\n\n\n\n<p><em>*Las puertas del Festival Versos y Ra\u00edces se abrir\u00e1n a las cinco de la tarde el d\u00eda S\u00e1bado 29 de Marzo en el Auditorio Teopanzolco, en Cuernavaca, Morelos<\/em><\/p>\n\n\n\n<p><em>*Los boletos est\u00e1n a la venta en el Sistema Boletia y en taquillas del inmueble<\/em><\/p>\n\n\n\n<p>El Festival &#8220;Versos y Ra\u00edces&#8221; promete ser una experiencia m\u00e1gica e inolvidable para todos los amantes de la trova, al reunir a algunos de los exponentes m\u00e1s reconocidos y apasionados de este g\u00e9nero musical en un solo escenario. El evento se llevar\u00e1 a cabo el pr\u00f3ximo S\u00e1bado 29 de Marzo de 2025 en el Auditorio Teopanzolco de Cuernavaca, Morelos. Las puertas se abrir\u00e1n a las cinco de la tarde para dar inicio a una velada que, sin duda, celebrar\u00e1 la esencia de la trova en todo su esplendor.<\/p>\n\n\n\n<p>Este festival no solo destaca por su cartel, sino tambi\u00e9n por su enfoque en ofrecer un espacio donde la poes\u00eda, la m\u00fasica y la emoci\u00f3n se entrelazan para crear una atm\u00f3sfera \u00edntima y profunda. Entre los artistas que se presentar\u00e1n, figuran algunos de los m\u00e1s influyentes y queridos en la escena de la trova contempor\u00e1nea: Edgar Oceransky, Fernando Delgadillo y Alejandro Filio. Los boletos est\u00e1n a la venta en el Sistema Boletia y en taquillas del inmueble.<\/p>\n\n\n\n<p>Edgar Oceransky es uno de los nombres m\u00e1s importantes en el mundo de la trova en M\u00e9xico. Conocido por su voz c\u00e1lida y letras cargadas de sentimiento, ha consolidado su lugar como un referente del g\u00e9nero gracias a trabajos ic\u00f3nicos como &#8220;Estoy Aqu\u00ed&#8221; y &#8220;Solo el Amor&#8221;. Su capacidad para contar historias a trav\u00e9s de sus canciones lo convierte en un narrador excepcional, logrando conectar con su audiencia de manera \u00fanica. Oceransky ha recorrido innumerables escenarios tanto en M\u00e9xico como en otros pa\u00edses, y cada presentaci\u00f3n es un viaje emocional que deja huella en quienes lo escuchan.<\/p>\n\n\n\n<p>Fernando Delgadillo, por su parte, es considerado el precursor de la &#8220;canci\u00f3n informal&#8221; en M\u00e9xico. Con m\u00e1s de tres d\u00e9cadas de carrera, sus letras cargadas de reflexi\u00f3n, humor y cr\u00edtica social han hecho de \u00e9l un \u00edcono dentro de la trova. \u00c1lbumes como &#8220;Con Cierto Cuidado&#8221; y &#8220;De Vuelos y Sol&#8221; son solo algunos ejemplos de su vasta obra, la cual ha sido aclamada por su lirismo y la profundidad de sus mensajes. Alejandro Filio, quien comparte cartel con Delgadillo, es otro referente indispensable. Con un estilo inconfundible que mezcla poes\u00eda y una guitarra precisa, Filio ha logrado construir una carrera s\u00f3lida con discos como &#8220;Para Quien Canta&#8221; y &#8220;Cuentos Compartidos&#8221;. Juntos, Delgadillo y Filio ofrecer\u00e1n una actuaci\u00f3n cargada de nostalgia, emociones y una complicidad musical que promete ser uno de los puntos m\u00e1s altos del festival.<\/p>\n\n\n\n<p>Alejandro Filio en todos sus discos logra lo que \u00e9l denomina, el verdadero objetivo del trovador, que es interpretar el sentimiento popular tocando las fibras m\u00e1s sensibles de un p\u00fablico que lo reconoce hoy como uno de los m\u00e1s importantes cantautores de habla hispana. Alejandro inicia su carrera de compositor a la edad de 16 a\u00f1os. Los primeros escenarios que dieron marco al surgimiento de este cantautor fueron pe\u00f1as y algunos bares de la ciudad de M\u00e9xico, en los a\u00f1os ochenta y sus primeras participaciones en televisi\u00f3n fueron en programas como:&nbsp; \u201cAlegr\u00edas de mediod\u00eda\u201d, conducido por Cesar Bono y Sof\u00eda \u00c1lvarez, \u201cPara gente grande\u201d con Ricardo Rocha, \u201cM\u00fasica y algo m\u00e1s\u201d con Sergio Romano, \u201cLa Movida\u201d con Ver\u00f3nica Castro, y otros. Particip\u00f3 adem\u00e1s en el Festival de la OTI en los a\u00f1os 1987, 1988, 1989, 1990 y 1999, creando siempre pol\u00e9mica entre el jurado y reafirmando su compromiso con la buena canci\u00f3n al defender la imagen del trovador, guitarra en mano.<\/p>\n\n\n\n<p>Algunos de sus innumerables int\u00e9rpretes de su obra durante la primera etapa de su carrera fueron: Mijares, Sasha, Pandora, Flans, Tatiana, Fernanda Meade, Mimi, Gibran, Eduardo Palomo, y otros m\u00e1s. De este modo y con una carga de trabajo muy fuerte, se avisora todo un fen\u00f3meno con la salida de \u201cDespierta\u201d como el nuevo sencillo de un disco largamente esperado por los fans y que por fin estar\u00e1 viendo la luz.<\/p>\n\n\n\n<p>Este evento no es simplemente un concierto, sino una celebraci\u00f3n del arte de la trova, un g\u00e9nero que, a trav\u00e9s de sus letras y melod\u00edas, logra expresar las emociones m\u00e1s profundas y los pensamientos m\u00e1s \u00edntimos. El Festival &#8220;Versos Vivos&#8221; se posiciona como una oportunidad \u00fanica para disfrutar de un espect\u00e1culo donde la calidad musical se mezcla con una atm\u00f3sfera de intimidad y conexi\u00f3n emocional.<\/p>\n\n\n\n<p>El Auditorio Teopanzolco conocido por su ambiente acogedor y excelente ac\u00fastica, ser\u00e1 el escenario perfecto para recibir a estos artistas. Los asistentes podr\u00e1n esperar una producci\u00f3n cuidada al detalle para garantizar una noche donde cada nota y cada palabra resuenen con la magia propia de la trova.<\/p>\n\n\n\n<p>La cita es el pr\u00f3ximo S\u00e1bado 29 de Marzo de 2025 en el Auditorio Teopanzolco de Cuernavaca, Morelos, una fecha que quedar\u00e1 grabada en la memoria de quienes buscan una experiencia musical distinta, donde las letras y los acordes hablen al coraz\u00f3n. Este festival no solo celebra la m\u00fasica, sino tambi\u00e9n el legado de un g\u00e9nero que ha perdurado a trav\u00e9s del tiempo por su capacidad de tocar las fibras m\u00e1s sensibles del ser humano. Con un cartel de lujo, &#8220;Versos y Ra\u00edces&#8221; promete convertirse en uno de los eventos m\u00e1s destacados para cerrar el a\u00f1o, ofreciendo a su p\u00fablico una noche repleta de emociones, recuerdos y, sobre todo, buena m\u00fasica. Los boletos est\u00e1n a la venta en el Sistema Boletia y en taquillas del inmueble.<\/p>\n\n\n\n<p><a href=\"https:\/\/www.facebook.com\/hashtag\/versosyraices?__eep__=6&amp;__cft__[0]=AZWyn75jANS6nWQ-JPKc5wVvSgKQ3La0MjfVSn5NA-d_9N3OunyGrM4rSVvWFxfROBXD2neyKlQDBWfeWng95jFMuqVT9WMcY11rlWvlgcRk97zbCKATnBUYN4UBFguZj9ub53lIwad88-F3AHQ839gGO6fZrxhLuaUWorz2zW7qlg&amp;__tn__=*NK-R\">#versosyraices<\/a><\/p>\n\n\n\n<p><a href=\"https:\/\/www.facebook.com\/hashtag\/auditorioteopanzolco?__eep__=6&amp;__cft__[0]=AZWyn75jANS6nWQ-JPKc5wVvSgKQ3La0MjfVSn5NA-d_9N3OunyGrM4rSVvWFxfROBXD2neyKlQDBWfeWng95jFMuqVT9WMcY11rlWvlgcRk97zbCKATnBUYN4UBFguZj9ub53lIwad88-F3AHQ839gGO6fZrxhLuaUWorz2zW7qlg&amp;__tn__=*NK-R\">#AuditorioTeopanzolco<\/a><\/p>\n\n\n\n<p><a href=\"https:\/\/www.facebook.com\/hashtag\/cuernavacamorelos?__eep__=6&amp;__cft__[0]=AZWyn75jANS6nWQ-JPKc5wVvSgKQ3La0MjfVSn5NA-d_9N3OunyGrM4rSVvWFxfROBXD2neyKlQDBWfeWng95jFMuqVT9WMcY11rlWvlgcRk97zbCKATnBUYN4UBFguZj9ub53lIwad88-F3AHQ839gGO6fZrxhLuaUWorz2zW7qlg&amp;__tn__=*NK-R\">#cuernavacamorelos<\/a><\/p>\n\n\n\n<p><a href=\"https:\/\/www.facebook.com\/hashtag\/boletia?__eep__=6&amp;__cft__[0]=AZWyn75jANS6nWQ-JPKc5wVvSgKQ3La0MjfVSn5NA-d_9N3OunyGrM4rSVvWFxfROBXD2neyKlQDBWfeWng95jFMuqVT9WMcY11rlWvlgcRk97zbCKATnBUYN4UBFguZj9ub53lIwad88-F3AHQ839gGO6fZrxhLuaUWorz2zW7qlg&amp;__tn__=*NK-R\">#Boletia<\/a><\/p>\n\n\n\n<p><a href=\"https:\/\/www.facebook.com\/hashtag\/bitacoracdmx?__eep__=6&amp;__cft__[0]=AZWyn75jANS6nWQ-JPKc5wVvSgKQ3La0MjfVSn5NA-d_9N3OunyGrM4rSVvWFxfROBXD2neyKlQDBWfeWng95jFMuqVT9WMcY11rlWvlgcRk97zbCKATnBUYN4UBFguZj9ub53lIwad88-F3AHQ839gGO6fZrxhLuaUWorz2zW7qlg&amp;__tn__=*NK-R\">#bitacoracdmx<\/a><\/p>\n","protected":false},"excerpt":{"rendered":"<p>REDACCI\u00d3N *Las puertas del Festival Versos y Ra\u00edces se abrir\u00e1n a las cinco de la tarde el d\u00eda S\u00e1bado 29 de Marzo en el Auditorio Teopanzolco, en Cuernavaca, Morelos *Los boletos est\u00e1n a la venta en el Sistema Boletia y en taquillas del inmueble El Festival &#8220;Versos y Ra\u00edces&#8221; promete ser una experiencia m\u00e1gica e inolvidable para todos los amantes de la trova, al reunir a algunos de los exponentes m\u00e1s reconocidos y apasionados de este g\u00e9nero musical en un solo escenario. El evento se llevar\u00e1 a cabo el pr\u00f3ximo S\u00e1bado 29 de Marzo de 2025 en el Auditorio Teopanzolco [&hellip;]<\/p>\n","protected":false},"author":1,"featured_media":59263,"comment_status":"closed","ping_status":"closed","sticky":false,"template":"","format":"standard","meta":{"footnotes":""},"categories":[9,11],"tags":[],"_links":{"self":[{"href":"https:\/\/www.bitacoracdmx.com\/index.php?rest_route=\/wp\/v2\/posts\/59262"}],"collection":[{"href":"https:\/\/www.bitacoracdmx.com\/index.php?rest_route=\/wp\/v2\/posts"}],"about":[{"href":"https:\/\/www.bitacoracdmx.com\/index.php?rest_route=\/wp\/v2\/types\/post"}],"author":[{"embeddable":true,"href":"https:\/\/www.bitacoracdmx.com\/index.php?rest_route=\/wp\/v2\/users\/1"}],"replies":[{"embeddable":true,"href":"https:\/\/www.bitacoracdmx.com\/index.php?rest_route=%2Fwp%2Fv2%2Fcomments&post=59262"}],"version-history":[{"count":1,"href":"https:\/\/www.bitacoracdmx.com\/index.php?rest_route=\/wp\/v2\/posts\/59262\/revisions"}],"predecessor-version":[{"id":59264,"href":"https:\/\/www.bitacoracdmx.com\/index.php?rest_route=\/wp\/v2\/posts\/59262\/revisions\/59264"}],"wp:featuredmedia":[{"embeddable":true,"href":"https:\/\/www.bitacoracdmx.com\/index.php?rest_route=\/wp\/v2\/media\/59263"}],"wp:attachment":[{"href":"https:\/\/www.bitacoracdmx.com\/index.php?rest_route=%2Fwp%2Fv2%2Fmedia&parent=59262"}],"wp:term":[{"taxonomy":"category","embeddable":true,"href":"https:\/\/www.bitacoracdmx.com\/index.php?rest_route=%2Fwp%2Fv2%2Fcategories&post=59262"},{"taxonomy":"post_tag","embeddable":true,"href":"https:\/\/www.bitacoracdmx.com\/index.php?rest_route=%2Fwp%2Fv2%2Ftags&post=59262"}],"curies":[{"name":"wp","href":"https:\/\/api.w.org\/{rel}","templated":true}]}}