{"id":59283,"date":"2025-01-17T06:00:30","date_gmt":"2025-01-17T06:00:30","guid":{"rendered":"https:\/\/www.bitacoracdmx.com\/?p=59283"},"modified":"2025-01-17T06:00:32","modified_gmt":"2025-01-17T06:00:32","slug":"ed-maverick-y-su-proyecto-arcoiris-un-viaje-de-colores-y-emociones","status":"publish","type":"post","link":"https:\/\/www.bitacoracdmx.com\/?p=59283","title":{"rendered":"Ed Maverick y su Proyecto Arco\u00edris: Un Viaje de Colores y Emociones"},"content":{"rendered":"\n<p><\/p>\n\n\n\n<p>Por: <strong>Jorge Yeicatl\/ <\/strong><a href=\"https:\/\/twitter.com\/Jorge_Yeicatl\"><strong>@Jorge_Yeicatl <\/strong><\/a><strong>\/ <\/strong><a href=\"https:\/\/www.instagram.com\/desconocido_tour\/?hl=es-la\"><strong>@desconocido_tour<\/strong><\/a><\/p>\n\n\n\n<p><strong>Con 7 a\u00f1os de trayectoria el cantautor mexicano Ed Maverick presenta su sencillo \u201carcoiris\u201d el cual fue extra\u00eddo de su \u00e1lbum \u201cLa nube del Jard\u00edn\u201d el cual fue lanzado el pasado 7 de noviembre y ha sido una experiencia musical \u00fanica que redefine c\u00f3mo se percibe un \u00e1lbum conceptual.\u00a0\u00a0<\/strong><\/p>\n\n\n\n<p>El reconocido cantautor Ed Maverick cierra un importante ciclo creativo con la presentaci\u00f3n de \u201cArco\u00edris,\u201d el \u00faltimo de los ocho segmentos que forman parte de su m\u00e1s reciente \u00e1lbum de estudio, <strong>La Nube en el Jard\u00edn.&nbsp;<\/strong><\/p>\n\n\n\n<p>Cada uno de los segmentos de La Nube en el Jard\u00edn representa un microcosmos sonoro y narrativo. Estas piezas permiten a Maverick contar sus historias de manera singular, d\u00e1ndole a cada una un espacio propio para brillar. Al mismo tiempo, forman parte de un rompecabezas mayor que cobra sentido al ser escuchado en su totalidad, de principio a fin.<\/p>\n\n\n\n<p>Con &#8220;Arco\u00edris,&#8221; Ed Maverick concluye este proyecto especial con una canci\u00f3n cargada de emociones. Sobre el proceso de creaci\u00f3n, el artista comparti\u00f3:<br><strong>&#8220;Esta canci\u00f3n tambi\u00e9n puede definitivamente as\u00ed soy. Es pero como que me encontraba en una situaci\u00f3n reciente, recordando con cari\u00f1o el d\u00eda que la escrib\u00ed. Dato curioso, estaba en un viaje de trabajo en Dallas y me qued\u00e9 en el hotel donde escrib\u00ed esta canci\u00f3n. Recuerdo con gracia ese momento porque acababa de pasar algo curioso antes de empezar a componer.&#8221;<\/strong><\/p>\n\n\n\n<p>El cantante tambi\u00e9n reflexiona sobre el tono de \u201cArco\u00edris,\u201d describi\u00e9ndola como una pieza melanc\u00f3lica:<br><strong>&#8220;Arco\u00edris puede ser muy cursi, pero es una canci\u00f3n triste que conecta con la nostalgia de aquel d\u00eda.&#8221;<\/strong><\/p>\n\n\n\n<p>Este \u00e1lbum no solo invita a explorar las capas de la creatividad del artista, sino que tambi\u00e9n consolida su lugar como una de las figuras m\u00e1s influyentes y aut\u00e9nticas en la m\u00fasica contempor\u00e1nea de habla hispana. Con La Nube en el Jard\u00edn, Ed Maverick entrega una obra que permite a sus seguidores descubrir nuevas formas de conectar con sus historias y emociones.<\/p>\n\n\n\n<p><a href=\"https:\/\/www.facebook.com\/hashtag\/edmaverick?__eep__=6&amp;__cft__[0]=AZUvIq-1DKKC0ine7PLdM7-pT7aYIzYZXubhZn6LHyu0YJ-p1rgvI7-uukuvkmPTjAuuQZkQwRcyKJOWIbd_q_qMsQmoTTyhIyXj-Y-6X1LlkQkezSp0904lhqxbB8nOXP95berq7JNyRGEZvbE313KjHKyBqf_LM-U9iN-qDewSjQ&amp;__tn__=*NK-R\">#EdMaverick<\/a><\/p>\n\n\n\n<p><a href=\"https:\/\/www.facebook.com\/hashtag\/lanubeeneljardin?__eep__=6&amp;__cft__[0]=AZUvIq-1DKKC0ine7PLdM7-pT7aYIzYZXubhZn6LHyu0YJ-p1rgvI7-uukuvkmPTjAuuQZkQwRcyKJOWIbd_q_qMsQmoTTyhIyXj-Y-6X1LlkQkezSp0904lhqxbB8nOXP95berq7JNyRGEZvbE313KjHKyBqf_LM-U9iN-qDewSjQ&amp;__tn__=*NK-R\">#lanubeeneljardin<\/a><\/p>\n\n\n\n<p><a href=\"https:\/\/www.facebook.com\/hashtag\/lanzamientomusical?__eep__=6&amp;__cft__[0]=AZUvIq-1DKKC0ine7PLdM7-pT7aYIzYZXubhZn6LHyu0YJ-p1rgvI7-uukuvkmPTjAuuQZkQwRcyKJOWIbd_q_qMsQmoTTyhIyXj-Y-6X1LlkQkezSp0904lhqxbB8nOXP95berq7JNyRGEZvbE313KjHKyBqf_LM-U9iN-qDewSjQ&amp;__tn__=*NK-R\">#lanzamientomusical<\/a><\/p>\n\n\n\n<p><a href=\"https:\/\/www.facebook.com\/hashtag\/bitacoracdmx?__eep__=6&amp;__cft__[0]=AZUvIq-1DKKC0ine7PLdM7-pT7aYIzYZXubhZn6LHyu0YJ-p1rgvI7-uukuvkmPTjAuuQZkQwRcyKJOWIbd_q_qMsQmoTTyhIyXj-Y-6X1LlkQkezSp0904lhqxbB8nOXP95berq7JNyRGEZvbE313KjHKyBqf_LM-U9iN-qDewSjQ&amp;__tn__=*NK-R\">#bitacoracdmx<\/a><\/p>\n\n\n\n<p><a href=\"https:\/\/www.facebook.com\/hashtag\/cdmx?__eep__=6&amp;__cft__[0]=AZUvIq-1DKKC0ine7PLdM7-pT7aYIzYZXubhZn6LHyu0YJ-p1rgvI7-uukuvkmPTjAuuQZkQwRcyKJOWIbd_q_qMsQmoTTyhIyXj-Y-6X1LlkQkezSp0904lhqxbB8nOXP95berq7JNyRGEZvbE313KjHKyBqf_LM-U9iN-qDewSjQ&amp;__tn__=*NK-R\">#CDMX<\/a><\/p>\n","protected":false},"excerpt":{"rendered":"<p>Por: Jorge Yeicatl\/ @Jorge_Yeicatl \/ @desconocido_tour Con 7 a\u00f1os de trayectoria el cantautor mexicano Ed Maverick presenta su sencillo \u201carcoiris\u201d el cual fue extra\u00eddo de su \u00e1lbum \u201cLa nube del Jard\u00edn\u201d el cual fue lanzado el pasado 7 de noviembre y ha sido una experiencia musical \u00fanica que redefine c\u00f3mo se percibe un \u00e1lbum conceptual.\u00a0\u00a0 El reconocido cantautor Ed Maverick cierra un importante ciclo creativo con la presentaci\u00f3n de \u201cArco\u00edris,\u201d el \u00faltimo de los ocho segmentos que forman parte de su m\u00e1s reciente \u00e1lbum de estudio, La Nube en el Jard\u00edn.&nbsp; Cada uno de los segmentos de La Nube en [&hellip;]<\/p>\n","protected":false},"author":1,"featured_media":59284,"comment_status":"closed","ping_status":"closed","sticky":false,"template":"","format":"standard","meta":{"footnotes":""},"categories":[9,11],"tags":[],"_links":{"self":[{"href":"https:\/\/www.bitacoracdmx.com\/index.php?rest_route=\/wp\/v2\/posts\/59283"}],"collection":[{"href":"https:\/\/www.bitacoracdmx.com\/index.php?rest_route=\/wp\/v2\/posts"}],"about":[{"href":"https:\/\/www.bitacoracdmx.com\/index.php?rest_route=\/wp\/v2\/types\/post"}],"author":[{"embeddable":true,"href":"https:\/\/www.bitacoracdmx.com\/index.php?rest_route=\/wp\/v2\/users\/1"}],"replies":[{"embeddable":true,"href":"https:\/\/www.bitacoracdmx.com\/index.php?rest_route=%2Fwp%2Fv2%2Fcomments&post=59283"}],"version-history":[{"count":1,"href":"https:\/\/www.bitacoracdmx.com\/index.php?rest_route=\/wp\/v2\/posts\/59283\/revisions"}],"predecessor-version":[{"id":59285,"href":"https:\/\/www.bitacoracdmx.com\/index.php?rest_route=\/wp\/v2\/posts\/59283\/revisions\/59285"}],"wp:featuredmedia":[{"embeddable":true,"href":"https:\/\/www.bitacoracdmx.com\/index.php?rest_route=\/wp\/v2\/media\/59284"}],"wp:attachment":[{"href":"https:\/\/www.bitacoracdmx.com\/index.php?rest_route=%2Fwp%2Fv2%2Fmedia&parent=59283"}],"wp:term":[{"taxonomy":"category","embeddable":true,"href":"https:\/\/www.bitacoracdmx.com\/index.php?rest_route=%2Fwp%2Fv2%2Fcategories&post=59283"},{"taxonomy":"post_tag","embeddable":true,"href":"https:\/\/www.bitacoracdmx.com\/index.php?rest_route=%2Fwp%2Fv2%2Ftags&post=59283"}],"curies":[{"name":"wp","href":"https:\/\/api.w.org\/{rel}","templated":true}]}}