{"id":59483,"date":"2025-01-23T02:35:13","date_gmt":"2025-01-23T02:35:13","guid":{"rendered":"https:\/\/www.bitacoracdmx.com\/?p=59483"},"modified":"2025-01-23T02:35:15","modified_gmt":"2025-01-23T02:35:15","slug":"la-cdmx-con-presencia-destacada-en-fitur-2025","status":"publish","type":"post","link":"https:\/\/www.bitacoracdmx.com\/?p=59483","title":{"rendered":"La CDMX con presencia destacada en FITUR 2025"},"content":{"rendered":"\n<p><\/p>\n\n\n\n<p>REDACCI\u00d3N<\/p>\n\n\n\n<ul>\n<li>Inici\u00f3 la funcionaria la promoci\u00f3n internacional de la capital del pa\u00eds<\/li>\n\n\n\n<li>Acude a la Feria Internacional de Turismo (Fitur), en Madrid, Espa\u00f1a<\/li>\n\n\n\n<li>Se busca convertir a la Ciudad de M\u00e9xico en la mejor sede de la Copa Mundial de F\u00fatbol del 2026<\/li>\n\n\n\n<li>Se pretende que lleguen al final del sexenio 19 millones de turistas anuales<\/li>\n<\/ul>\n\n\n\n<p>Entendida como un derecho a la recreaci\u00f3n y la cultura as\u00ed como una oportunidad para la generaci\u00f3n de empleo y bienestar, la actividad tur\u00edstica habr\u00e1 de convertir a la Ciudad de M\u00e9xico, hacia el final del sexenio, en el mejor destino del mundo, al que, para entonces, se espera lleguen unos 19 millones de visitantes, poco m\u00e1s del 25 por ciento de la cifra m\u00e1s alta registrada hasta ahora.<\/p>\n\n\n\n<p>Con ese prop\u00f3sito inici\u00f3 la Secretaria de Turismo de la Ciudad de M\u00e9xico, Alejandra Frausto Guerrero, la promoci\u00f3n de la capital mexicana en la m\u00e1s importante reuni\u00f3n de negocios tur\u00edsticos del mundo, la Feria Internacional de Turismo (Fitur) que, como todos los a\u00f1os, se celebra en Madrid, Espa\u00f1a.<\/p>\n\n\n\n<p>Como parte de la delegaci\u00f3n que incluye a representantes tur\u00edsticos del gobierno federal y de los estados que integran la Rep\u00fablica Mexicana, la funcionaria del gobierno de la capital del pa\u00eds, har\u00e1 la oferta m\u00e1s atractiva a los inversionistas de diferentes naciones, participantes en Fitur, y que junto con empresarios mexicanos se establezcan compromisos para desarrollar el plan tur\u00edstico de la CDMX, tal como lo ha planteado la Jefa de Gobierno, Clara Brugada, como parte de su pol\u00edtica en la materia.<\/p>\n\n\n\n<p>Entre las m\u00e1s importantes metas a alcanzar de este plan sobresalen: mantener la ocupaci\u00f3n hotelera en un 70 por ciento del alojamiento disponible en hoteles de calidad tur\u00edstica; descentralizar las actividades tur\u00edsticas hacia las 16 alcald\u00edas y para toda la poblaci\u00f3n; dise\u00f1ar nuevos corredores tur\u00edsticos alternativos y en suelos de conservaci\u00f3n, de la mano de las comunidades rurales de la CDMX.<\/p>\n\n\n\n<p>Tambi\u00e9n se pretende la creaci\u00f3n de nuevas rutas tur\u00edsticas y la renovaci\u00f3n de las existentes y, en esa medida, atraer m\u00e1s inversiones para la organizaci\u00f3n de congresos y convenciones a trav\u00e9s del Fondo Mixto.<\/p>\n\n\n\n<p>De manera adicional se tiene el objetivo para el que ser\u00e1 importante convertir a la Ciudad de M\u00e9xico en la mejor sede de la Copa Mundial de F\u00fatbol del 2026.<\/p>\n\n\n\n<p>Tambi\u00e9n se dise\u00f1ar\u00e1 e implementar\u00e1 el Plan de Gesti\u00f3n de Destino de la Ciudad de M\u00e9xico y fortalecer lazos con empresarios hoteleros, restauranteros, transportistas; y&nbsp; priorizar una pol\u00edtica tur\u00edstica sustentable, con programas verdes y de redistribuci\u00f3n de los recursos. Como parte de las acciones del Gobierno de la Ciudad de M\u00e9xico, que encabeza Clara Brugada Molina.<\/p>\n\n\n\n<p>La funcionaria har\u00e1 notar la existencia de un calendario anual para la promoci\u00f3n oportuna de actividades de atracci\u00f3n tur\u00edstica. Otra de las metas es que a trav\u00e9s de los programas de turismo social de la dependencia a su cargo, Colibr\u00ed Viajero y Colibr\u00ed de Plata,&nbsp; viajen unas 700 mil personas y se fortalezcan celebraciones como la del D\u00eda de Muertos, la Verbena Navide\u00f1a y la Fiesta de Fin de A\u00f1o.<\/p>\n\n\n\n<p>Alejandra Frausto anunciar\u00e1 tambi\u00e9n dar\u00e1 a conocer el reforzamiento de la colaboraci\u00f3n con la industria tur\u00edstica en beneficio del sector y los trabajadores de las distintas empresa tur\u00edsticas; renovar el trabajo con la Gu\u00eda Michelin y realizar grandes ferias y festivales internacionales para la atracci\u00f3n tur\u00edstica.&nbsp;<\/p>\n\n\n\n<p>Entre las actividades espec\u00edficas que se realizar\u00e1n en Fitur2025 destacan: encuentros con funcionarios del sector, agentes de viajes y touroperadores nacionales e internacionales, reuniones con Asetur (Uni\u00f3n de Secretarios de Turismo), presencia en el Desfile de D\u00eda de Muertos que por primera vez se realiza en la Plaza de Espa\u00f1a, inauguraci\u00f3n de la Semana de Tlaxcala en la Casa de M\u00e9xico en Espa\u00f1a, y por supuesto la inauguraci\u00f3n del Pabell\u00f3n de la Ciudad de M\u00e9xico, que contar\u00e1 con activaciones diversas para incentivar la derrama tur\u00edstica internacional hacia la Capital de pa\u00eds.<\/p>\n\n\n\n<p>FITUR es la feria de turismo m\u00e1s importante a nivel global, que re\u00fane a profesionales del sector para explorar oportunidades de negocio, innovaciones y tendencias en la industria.<\/p>\n\n\n\n<p>Un total de 9.500 empresas participantes, 156 pa\u00edses, y 884 expositores titulares 884 expositores titulares, destacando los 101 pa\u00edses con representaci\u00f3n oficial, acudir\u00e1n a esta cita internacional para desplegar su oferta a lo largo de 9 pabellones de IFEMA MADRID del 22 al 26 de enero. De esta forma, FITUR se convertir\u00e1 un a\u00f1o m\u00e1s en el mayor punto de encuentro para el sector del turismo en el que compartir conocimientos y experiencias, crear oportunidades de negocio y descubrir destinos de todo el mundo.<\/p>\n\n\n\n<p><a href=\"https:\/\/www.facebook.com\/hashtag\/fitur?__eep__=6&amp;__cft__[0]=AZWya6FnMLZ_QDtnMOWGty7Swgx7S3eA625gRDy4DD74l0W3HVFiX8TnFurR8VadTO377dQZL2OjpWuwOWHAv_8YR3v8NEZtfNuodPXnlmshbjbcNsj1dwEEPASKvQ3L9wva4IgKDWfjqbS9dABGdx7XHPKtX4Oz-XWaxmC8p2oOVA&amp;__tn__=*NK-R\">#FITUR<\/a><\/p>\n\n\n\n<p><a href=\"https:\/\/www.facebook.com\/hashtag\/fitur2025?__eep__=6&amp;__cft__[0]=AZWya6FnMLZ_QDtnMOWGty7Swgx7S3eA625gRDy4DD74l0W3HVFiX8TnFurR8VadTO377dQZL2OjpWuwOWHAv_8YR3v8NEZtfNuodPXnlmshbjbcNsj1dwEEPASKvQ3L9wva4IgKDWfjqbS9dABGdx7XHPKtX4Oz-XWaxmC8p2oOVA&amp;__tn__=*NK-R\">#FITUR2025<\/a><\/p>\n\n\n\n<p><a href=\"https:\/\/www.facebook.com\/hashtag\/madrid?__eep__=6&amp;__cft__[0]=AZWya6FnMLZ_QDtnMOWGty7Swgx7S3eA625gRDy4DD74l0W3HVFiX8TnFurR8VadTO377dQZL2OjpWuwOWHAv_8YR3v8NEZtfNuodPXnlmshbjbcNsj1dwEEPASKvQ3L9wva4IgKDWfjqbS9dABGdx7XHPKtX4Oz-XWaxmC8p2oOVA&amp;__tn__=*NK-R\">#madrid<\/a><\/p>\n\n\n\n<p><a href=\"https:\/\/www.facebook.com\/hashtag\/turismo?__eep__=6&amp;__cft__[0]=AZWya6FnMLZ_QDtnMOWGty7Swgx7S3eA625gRDy4DD74l0W3HVFiX8TnFurR8VadTO377dQZL2OjpWuwOWHAv_8YR3v8NEZtfNuodPXnlmshbjbcNsj1dwEEPASKvQ3L9wva4IgKDWfjqbS9dABGdx7XHPKtX4Oz-XWaxmC8p2oOVA&amp;__tn__=*NK-R\">#turismo<\/a><\/p>\n\n\n\n<p><a href=\"https:\/\/www.facebook.com\/hashtag\/bitacoracdmx?__eep__=6&amp;__cft__[0]=AZWya6FnMLZ_QDtnMOWGty7Swgx7S3eA625gRDy4DD74l0W3HVFiX8TnFurR8VadTO377dQZL2OjpWuwOWHAv_8YR3v8NEZtfNuodPXnlmshbjbcNsj1dwEEPASKvQ3L9wva4IgKDWfjqbS9dABGdx7XHPKtX4Oz-XWaxmC8p2oOVA&amp;__tn__=*NK-R\">#bitacoracdmx<\/a><\/p>\n","protected":false},"excerpt":{"rendered":"<p>REDACCI\u00d3N Entendida como un derecho a la recreaci\u00f3n y la cultura as\u00ed como una oportunidad para la generaci\u00f3n de empleo y bienestar, la actividad tur\u00edstica habr\u00e1 de convertir a la Ciudad de M\u00e9xico, hacia el final del sexenio, en el mejor destino del mundo, al que, para entonces, se espera lleguen unos 19 millones de visitantes, poco m\u00e1s del 25 por ciento de la cifra m\u00e1s alta registrada hasta ahora. Con ese prop\u00f3sito inici\u00f3 la Secretaria de Turismo de la Ciudad de M\u00e9xico, Alejandra Frausto Guerrero, la promoci\u00f3n de la capital mexicana en la m\u00e1s importante reuni\u00f3n de negocios tur\u00edsticos [&hellip;]<\/p>\n","protected":false},"author":1,"featured_media":59484,"comment_status":"closed","ping_status":"closed","sticky":false,"template":"","format":"standard","meta":{"footnotes":""},"categories":[9,16],"tags":[],"_links":{"self":[{"href":"https:\/\/www.bitacoracdmx.com\/index.php?rest_route=\/wp\/v2\/posts\/59483"}],"collection":[{"href":"https:\/\/www.bitacoracdmx.com\/index.php?rest_route=\/wp\/v2\/posts"}],"about":[{"href":"https:\/\/www.bitacoracdmx.com\/index.php?rest_route=\/wp\/v2\/types\/post"}],"author":[{"embeddable":true,"href":"https:\/\/www.bitacoracdmx.com\/index.php?rest_route=\/wp\/v2\/users\/1"}],"replies":[{"embeddable":true,"href":"https:\/\/www.bitacoracdmx.com\/index.php?rest_route=%2Fwp%2Fv2%2Fcomments&post=59483"}],"version-history":[{"count":1,"href":"https:\/\/www.bitacoracdmx.com\/index.php?rest_route=\/wp\/v2\/posts\/59483\/revisions"}],"predecessor-version":[{"id":59485,"href":"https:\/\/www.bitacoracdmx.com\/index.php?rest_route=\/wp\/v2\/posts\/59483\/revisions\/59485"}],"wp:featuredmedia":[{"embeddable":true,"href":"https:\/\/www.bitacoracdmx.com\/index.php?rest_route=\/wp\/v2\/media\/59484"}],"wp:attachment":[{"href":"https:\/\/www.bitacoracdmx.com\/index.php?rest_route=%2Fwp%2Fv2%2Fmedia&parent=59483"}],"wp:term":[{"taxonomy":"category","embeddable":true,"href":"https:\/\/www.bitacoracdmx.com\/index.php?rest_route=%2Fwp%2Fv2%2Fcategories&post=59483"},{"taxonomy":"post_tag","embeddable":true,"href":"https:\/\/www.bitacoracdmx.com\/index.php?rest_route=%2Fwp%2Fv2%2Ftags&post=59483"}],"curies":[{"name":"wp","href":"https:\/\/api.w.org\/{rel}","templated":true}]}}