{"id":59662,"date":"2025-01-29T03:57:20","date_gmt":"2025-01-29T03:57:20","guid":{"rendered":"https:\/\/www.bitacoracdmx.com\/?p=59662"},"modified":"2025-01-29T03:57:22","modified_gmt":"2025-01-29T03:57:22","slug":"reabrira-al-publico-la-zona-arqueologica-de-kohunlich-en-quintana-roo","status":"publish","type":"post","link":"https:\/\/www.bitacoracdmx.com\/?p=59662","title":{"rendered":"Reabrir\u00e1 AL P\u00daBLICO la zona ARQUEOL\u00d3GICA de KOHUNLICH, en QUINTANA ROO\u00a0\u00a0"},"content":{"rendered":"\n<p><\/p>\n\n\n\n<p>REDACCI\u00d3N<\/p>\n\n\n\n<ul>\n<li><strong>El sitio patrimonial se podr\u00e1 visitar nuevamente a partir del mi\u00e9rcoles 29 de enero de 2025&nbsp;<\/strong><\/li>\n\n\n\n<li><strong>Se suma a otras zonas, como Oxtankah, Chacchoben, Ichkabal y El Meco, optimizadas en sus servicios, investigaci\u00f3n y conservaci\u00f3n por el Promeza&nbsp;<\/strong><\/li>\n<\/ul>\n\n\n\n<p>La Secretar\u00eda de Cultura del Gobierno de M\u00e9xico, a trav\u00e9s del Instituto Nacional de Antropolog\u00eda e Historia (INAH) y su representaci\u00f3n en Quintana Roo, informa de la reapertura al p\u00fablico de la&nbsp;<a rel=\"noreferrer noopener\" target=\"_blank\" href=\"https:\/\/inah.gob.mx\/zonas\/zona-arqueologica-kohunlich\">Zona Arqueol\u00f3gica de Kohunlich<\/a>,&nbsp;a partir del 29 de enero de 2025, despu\u00e9s ser intervenida mediante el Programa de Mejoramiento de Zonas Arqueol\u00f3gicas (Promeza), en el marco del proyecto prioritario Tren Maya.&nbsp;<\/p>\n\n\n\n<p>El sitio cuenta con nueva infraestructura en sus \u00e1reas de servicio al p\u00fablico: taquillas, sanitarios, estacionamiento, senderos y se\u00f1al\u00e9tica informativa.&nbsp;<\/p>\n\n\n\n<p>Las y los visitantes podr\u00e1n apreciar la puesta en valor de diversas \u00e1reas de este importante asentamiento, cuyos or\u00edgenes se remontan a los periodos Precl\u00e1sico Tard\u00edo (300 a.C.-250 d.C.) y Cl\u00e1sico Temprano (250-600 d.C.) de esta regi\u00f3n quintanarroense, entre las que destacan la que alberga el&nbsp;<a rel=\"noreferrer noopener\" target=\"_blank\" href=\"https:\/\/lugares.inah.gob.mx\/es\/zonas-arqueologicas\/zonas\/estructuras\/15080-196-templo-de-los-mascarones.html?lugar_id=1799\">Templo de los Mascarones<\/a>, edificaci\u00f3n que preserva seis esculturas en altorrelieve dispuestas en los cuerpos contiguos a su escalinata principal.&nbsp;<\/p>\n\n\n\n<p>Kohunlich alcanz\u00f3 su apogeo poblacional entre los a\u00f1os 600 y 900 d.C., etapa en la que se erigi\u00f3 la mayor parte de los monumentos que hoy se pueden observar.&nbsp;<\/p>\n\n\n\n<p>El titular del Centro INAH Quintana Roo, Margarito Molina Rend\u00f3n, informa que esta zona arqueol\u00f3gica luce imagen y funcionalidad transformadas, por lo que las personas que la visiten tendr\u00e1n una experiencia m\u00e1s c\u00f3moda, al contar con instalaciones modernas, una mejor red de senderos y nuevos datos e informaci\u00f3n del contexto, derivados de los trabajos de investigaci\u00f3n arqueol\u00f3gica y de restauraci\u00f3n emprendidos en los grupos arquitect\u00f3nicos conocidos como la Plaza de las Estelas, Pixa\u2019an y de los 27 escalones.&nbsp;<\/p>\n\n\n\n<p>El estudio sistem\u00e1tico de este asentamiento maya comenz\u00f3 en los a\u00f1os noventa, por un equipo de especialistas del INAH, encabezado por Enrique Nalda Hern\u00e1ndez.&nbsp;<\/p>\n\n\n\n<p>A la fecha, ya pueden volver a visitarse las zonas arqueol\u00f3gicas de Oxtankah, Chacchoben e Ichkabal, en el sur de Quintana Roo; El Meco, en el \u00e1rea metropolitana de Canc\u00fan y, en los pr\u00f3ximos d\u00edas, se reabrir\u00e1n otros sitios conforme concluyan las obras del Promeza.&nbsp;<\/p>\n\n\n\n<p>Se puede recorrer Kohunlich de lunes a domingo, de 8:00 a 17:00 h. Costo de ingreso: 100 pesos, salvo las excepciones contempladas en la ley. Los domingos la entrada es gratuita a las y los ciudadanos mexicanos y extranjeros residentes con documento probatorio.\u00a0<\/p>\n\n\n\n<p><a href=\"https:\/\/www.facebook.com\/hashtag\/kohunlich?__eep__=6&amp;__cft__[0]=AZUpWGRLowCAkU1aKI67MZO15B89Vk36V5VDkf-herktuvrmaow-Yor8r_M3-GtsXBfpXzoxyW5PEyxGxquRRlBzFPP15Ros7bsTqrKNQQdl98gt-mQqRDgnpdjyFAmMsi96Miu603YZtWmdlxI2vuT3&amp;__tn__=*NK-R\">#Kohunlich<\/a><\/p>\n\n\n\n<p><a href=\"https:\/\/www.facebook.com\/hashtag\/zonaarqueologica?__eep__=6&amp;__cft__[0]=AZUpWGRLowCAkU1aKI67MZO15B89Vk36V5VDkf-herktuvrmaow-Yor8r_M3-GtsXBfpXzoxyW5PEyxGxquRRlBzFPP15Ros7bsTqrKNQQdl98gt-mQqRDgnpdjyFAmMsi96Miu603YZtWmdlxI2vuT3&amp;__tn__=*NK-R\">#zonaarqueologica<\/a><\/p>\n\n\n\n<p><a href=\"https:\/\/www.facebook.com\/hashtag\/quintanaroo?__eep__=6&amp;__cft__[0]=AZUpWGRLowCAkU1aKI67MZO15B89Vk36V5VDkf-herktuvrmaow-Yor8r_M3-GtsXBfpXzoxyW5PEyxGxquRRlBzFPP15Ros7bsTqrKNQQdl98gt-mQqRDgnpdjyFAmMsi96Miu603YZtWmdlxI2vuT3&amp;__tn__=*NK-R\">#QuintanaRoo<\/a><\/p>\n\n\n\n<p><a href=\"https:\/\/www.facebook.com\/hashtag\/secretariadecultura?__eep__=6&amp;__cft__[0]=AZUpWGRLowCAkU1aKI67MZO15B89Vk36V5VDkf-herktuvrmaow-Yor8r_M3-GtsXBfpXzoxyW5PEyxGxquRRlBzFPP15Ros7bsTqrKNQQdl98gt-mQqRDgnpdjyFAmMsi96Miu603YZtWmdlxI2vuT3&amp;__tn__=*NK-R\">#secretariadecultura<\/a><\/p>\n\n\n\n<p><a href=\"https:\/\/www.facebook.com\/hashtag\/gobiernodemexico?__eep__=6&amp;__cft__[0]=AZUpWGRLowCAkU1aKI67MZO15B89Vk36V5VDkf-herktuvrmaow-Yor8r_M3-GtsXBfpXzoxyW5PEyxGxquRRlBzFPP15Ros7bsTqrKNQQdl98gt-mQqRDgnpdjyFAmMsi96Miu603YZtWmdlxI2vuT3&amp;__tn__=*NK-R\">#GobiernodeMexico<\/a><\/p>\n\n\n\n<p><a href=\"https:\/\/www.facebook.com\/hashtag\/bitacoracdmx?__eep__=6&amp;__cft__[0]=AZUpWGRLowCAkU1aKI67MZO15B89Vk36V5VDkf-herktuvrmaow-Yor8r_M3-GtsXBfpXzoxyW5PEyxGxquRRlBzFPP15Ros7bsTqrKNQQdl98gt-mQqRDgnpdjyFAmMsi96Miu603YZtWmdlxI2vuT3&amp;__tn__=*NK-R\">#bitacoracdmx<\/a><\/p>\n","protected":false},"excerpt":{"rendered":"<p>REDACCI\u00d3N La Secretar\u00eda de Cultura del Gobierno de M\u00e9xico, a trav\u00e9s del Instituto Nacional de Antropolog\u00eda e Historia (INAH) y su representaci\u00f3n en Quintana Roo, informa de la reapertura al p\u00fablico de la&nbsp;Zona Arqueol\u00f3gica de Kohunlich,&nbsp;a partir del 29 de enero de 2025, despu\u00e9s ser intervenida mediante el Programa de Mejoramiento de Zonas Arqueol\u00f3gicas (Promeza), en el marco del proyecto prioritario Tren Maya.&nbsp; El sitio cuenta con nueva infraestructura en sus \u00e1reas de servicio al p\u00fablico: taquillas, sanitarios, estacionamiento, senderos y se\u00f1al\u00e9tica informativa.&nbsp; Las y los visitantes podr\u00e1n apreciar la puesta en valor de diversas \u00e1reas de este importante asentamiento, [&hellip;]<\/p>\n","protected":false},"author":1,"featured_media":59663,"comment_status":"closed","ping_status":"closed","sticky":false,"template":"","format":"standard","meta":{"footnotes":""},"categories":[5,9,16],"tags":[],"_links":{"self":[{"href":"https:\/\/www.bitacoracdmx.com\/index.php?rest_route=\/wp\/v2\/posts\/59662"}],"collection":[{"href":"https:\/\/www.bitacoracdmx.com\/index.php?rest_route=\/wp\/v2\/posts"}],"about":[{"href":"https:\/\/www.bitacoracdmx.com\/index.php?rest_route=\/wp\/v2\/types\/post"}],"author":[{"embeddable":true,"href":"https:\/\/www.bitacoracdmx.com\/index.php?rest_route=\/wp\/v2\/users\/1"}],"replies":[{"embeddable":true,"href":"https:\/\/www.bitacoracdmx.com\/index.php?rest_route=%2Fwp%2Fv2%2Fcomments&post=59662"}],"version-history":[{"count":1,"href":"https:\/\/www.bitacoracdmx.com\/index.php?rest_route=\/wp\/v2\/posts\/59662\/revisions"}],"predecessor-version":[{"id":59664,"href":"https:\/\/www.bitacoracdmx.com\/index.php?rest_route=\/wp\/v2\/posts\/59662\/revisions\/59664"}],"wp:featuredmedia":[{"embeddable":true,"href":"https:\/\/www.bitacoracdmx.com\/index.php?rest_route=\/wp\/v2\/media\/59663"}],"wp:attachment":[{"href":"https:\/\/www.bitacoracdmx.com\/index.php?rest_route=%2Fwp%2Fv2%2Fmedia&parent=59662"}],"wp:term":[{"taxonomy":"category","embeddable":true,"href":"https:\/\/www.bitacoracdmx.com\/index.php?rest_route=%2Fwp%2Fv2%2Fcategories&post=59662"},{"taxonomy":"post_tag","embeddable":true,"href":"https:\/\/www.bitacoracdmx.com\/index.php?rest_route=%2Fwp%2Fv2%2Ftags&post=59662"}],"curies":[{"name":"wp","href":"https:\/\/api.w.org\/{rel}","templated":true}]}}