{"id":60172,"date":"2025-02-11T04:04:47","date_gmt":"2025-02-11T04:04:47","guid":{"rendered":"https:\/\/www.bitacoracdmx.com\/?p=60172"},"modified":"2025-02-11T04:04:49","modified_gmt":"2025-02-11T04:04:49","slug":"quevedo-regresa-a-mexico-con-su-nueva-gira","status":"publish","type":"post","link":"https:\/\/www.bitacoracdmx.com\/?p=60172","title":{"rendered":"Quevedo regresa a M\u00e9xico con su nueva gira"},"content":{"rendered":"\n<p><\/p>\n\n\n\n<p>REDACCI\u00d3N<\/p>\n\n\n\n<h3 class=\"wp-block-heading\">Har\u00e1 temblar de nuevo los escenarios de nuestro pa\u00eds<\/h3>\n\n\n\n<h3 class=\"wp-block-heading\">CIUDAD DE M\u00c9XICO, GUADALAJARA Y MONTERREY<\/h3>\n\n\n\n<h3 class=\"wp-block-heading\">Preventa Banamex: 13 de febrero, 11:00 a.m.<\/h3>\n\n\n\n<p>Desde Madrid hasta tierras mexicanas, el reggaet\u00f3n y el trap tienen un nombre que suena con fuerza:&nbsp;<strong>Quevedo.<\/strong>&nbsp;La estrella del momento est\u00e1 lista para poner a vibrar a los mexas con su flow en tres presentaciones que prometen ser legendarias.<\/p>\n\n\n\n<p><strong>23 de abril \u2013 Palacio de los Deportes \u2013 Ciudad de M\u00e9xico<\/strong><\/p>\n\n\n\n<p><strong>25 de abril \u2013 Auditorio Telmex \u2013 Guadalajara<\/strong><\/p>\n\n\n\n<p><strong>27 de abril \u2013 Auditorio Banamex \u2013 Monterrey<\/strong><\/p>\n\n\n\n<p><strong><em>Buenas Noches<\/em>: El disco que arrasa en todos lados<\/strong><\/p>\n\n\n\n<p><strong>Quevedo<\/strong>&nbsp;llega con su m\u00e1s reciente producci\u00f3n,&nbsp;<strong><em>Buenas Noches<\/em><\/strong>, un disco que est\u00e1 reventando plataformas con 18 temas y m\u00e1s de 50 minutos de puro fuego. Canciones como \u201cGran V\u00eda\u201d y \u201cKassandra\u201d, ya est\u00e1n entre las favoritas del p\u00fablico, confirmando que este artista no vino a jugar.<\/p>\n\n\n\n<p><strong> M\u00e1s de 26 millones de oyentes respaldan al cantante, con canciones llenas de puro flow hipe.<\/strong><\/p>\n\n\n\n<p>Pedro Luis Dom\u00ednguez Quevedo, nacido en Madrid, pero con ra\u00edces de Brasil y las Islas Canarias, se abri\u00f3 camino en el freestyle antes de lanzarse de lleno a la m\u00fasica en 2020. Su tono vocal profundo y su capacidad para moverse entre trap y reggaet\u00f3n, lo convirtieron en una estrella en ascenso.<\/p>\n\n\n\n<p>Desde el boom de \u201cCay\u00f3 la Noche (Remix)\u201d,&nbsp;<strong>Quevedo<\/strong>&nbsp;demostr\u00f3 que su voz y estilo eran inconfundibles. En 2022, rompi\u00f3 r\u00e9cords con \u201cQuevedo: Bzrp Music Sessions, Vol. 52\u201d, coloc\u00e1ndose en la cima de las listas internacionales. Luego vinieron hits imparables como \u201cPunto G\u201d, \u201cPlaya del Ingl\u00e9s\u201d (junto a Myke Towers) y \u201cColumbia\u201d, consolid\u00e1ndolo como uno de los grandes nombres del g\u00e9nero.<\/p>\n\n\n\n<p>Si eres fan de\u00a0<strong>Quevedo<\/strong>, sabes que estos shows van a ser un antes y un despu\u00e9s. No te quedes fuera de esta experiencia \u00fanica. Los boletos estar\u00e1n en\u00a0<strong>preventa Banamex el 13 de febrero,<\/strong>\u00a0y un d\u00eda despu\u00e9s los podr\u00e1s adquirir en las taquillas del inmueble o a trav\u00e9s de\u00a0<a href=\"http:\/\/www.ticketmaster.com.mx\/\">www.ticketmaster.com.mx<\/a>.<\/p>\n\n\n\n<p><a href=\"https:\/\/www.facebook.com\/hashtag\/quevedo?__eep__=6&amp;__cft__[0]=AZXNxGsvsI3Y6LvBqQEb856l80qrrgHPVc7x0eb5-dX4zw-FZTPmEd3SrS-A4K65Q-7lEJTpUH2o9-Zvc2LqenshUDEGl8oMaW89Miw5ZQu2QlMWcTlYE9zD74Y-hUJHG2nc66NDje1PE09ujB6oEFS6G-sa5P6le3Ok4pTkZ6jz7Q&amp;__tn__=*NK-R\">#Quevedo<\/a><\/p>\n\n\n\n<p><a href=\"https:\/\/www.facebook.com\/hashtag\/palaciodelosdeportes?__eep__=6&amp;__cft__[0]=AZXNxGsvsI3Y6LvBqQEb856l80qrrgHPVc7x0eb5-dX4zw-FZTPmEd3SrS-A4K65Q-7lEJTpUH2o9-Zvc2LqenshUDEGl8oMaW89Miw5ZQu2QlMWcTlYE9zD74Y-hUJHG2nc66NDje1PE09ujB6oEFS6G-sa5P6le3Ok4pTkZ6jz7Q&amp;__tn__=*NK-R\">#palaciodelosdeportes<\/a><\/p>\n\n\n\n<p><a href=\"https:\/\/www.facebook.com\/hashtag\/ocesa?__eep__=6&amp;__cft__[0]=AZXNxGsvsI3Y6LvBqQEb856l80qrrgHPVc7x0eb5-dX4zw-FZTPmEd3SrS-A4K65Q-7lEJTpUH2o9-Zvc2LqenshUDEGl8oMaW89Miw5ZQu2QlMWcTlYE9zD74Y-hUJHG2nc66NDje1PE09ujB6oEFS6G-sa5P6le3Ok4pTkZ6jz7Q&amp;__tn__=*NK-R\">#OCESA<\/a><\/p>\n\n\n\n<p><a href=\"https:\/\/www.facebook.com\/hashtag\/ticketmaster?__eep__=6&amp;__cft__[0]=AZXNxGsvsI3Y6LvBqQEb856l80qrrgHPVc7x0eb5-dX4zw-FZTPmEd3SrS-A4K65Q-7lEJTpUH2o9-Zvc2LqenshUDEGl8oMaW89Miw5ZQu2QlMWcTlYE9zD74Y-hUJHG2nc66NDje1PE09ujB6oEFS6G-sa5P6le3Ok4pTkZ6jz7Q&amp;__tn__=*NK-R\">#ticketmaster<\/a><\/p>\n\n\n\n<p><a href=\"https:\/\/www.facebook.com\/hashtag\/bitacoracdmx?__eep__=6&amp;__cft__[0]=AZXNxGsvsI3Y6LvBqQEb856l80qrrgHPVc7x0eb5-dX4zw-FZTPmEd3SrS-A4K65Q-7lEJTpUH2o9-Zvc2LqenshUDEGl8oMaW89Miw5ZQu2QlMWcTlYE9zD74Y-hUJHG2nc66NDje1PE09ujB6oEFS6G-sa5P6le3Ok4pTkZ6jz7Q&amp;__tn__=*NK-R\">#bitacoracdmx<\/a><\/p>\n\n\n\n<p><a href=\"https:\/\/www.facebook.com\/hashtag\/cdmx?__eep__=6&amp;__cft__[0]=AZXNxGsvsI3Y6LvBqQEb856l80qrrgHPVc7x0eb5-dX4zw-FZTPmEd3SrS-A4K65Q-7lEJTpUH2o9-Zvc2LqenshUDEGl8oMaW89Miw5ZQu2QlMWcTlYE9zD74Y-hUJHG2nc66NDje1PE09ujB6oEFS6G-sa5P6le3Ok4pTkZ6jz7Q&amp;__tn__=*NK-R\">#CDMX<\/a><\/p>\n","protected":false},"excerpt":{"rendered":"<p>REDACCI\u00d3N Har\u00e1 temblar de nuevo los escenarios de nuestro pa\u00eds CIUDAD DE M\u00c9XICO, GUADALAJARA Y MONTERREY Preventa Banamex: 13 de febrero, 11:00 a.m. Desde Madrid hasta tierras mexicanas, el reggaet\u00f3n y el trap tienen un nombre que suena con fuerza:&nbsp;Quevedo.&nbsp;La estrella del momento est\u00e1 lista para poner a vibrar a los mexas con su flow en tres presentaciones que prometen ser legendarias. 23 de abril \u2013 Palacio de los Deportes \u2013 Ciudad de M\u00e9xico 25 de abril \u2013 Auditorio Telmex \u2013 Guadalajara 27 de abril \u2013 Auditorio Banamex \u2013 Monterrey Buenas Noches: El disco que arrasa en todos lados Quevedo&nbsp;llega [&hellip;]<\/p>\n","protected":false},"author":1,"featured_media":60173,"comment_status":"closed","ping_status":"closed","sticky":false,"template":"","format":"standard","meta":{"footnotes":""},"categories":[9,11],"tags":[],"_links":{"self":[{"href":"https:\/\/www.bitacoracdmx.com\/index.php?rest_route=\/wp\/v2\/posts\/60172"}],"collection":[{"href":"https:\/\/www.bitacoracdmx.com\/index.php?rest_route=\/wp\/v2\/posts"}],"about":[{"href":"https:\/\/www.bitacoracdmx.com\/index.php?rest_route=\/wp\/v2\/types\/post"}],"author":[{"embeddable":true,"href":"https:\/\/www.bitacoracdmx.com\/index.php?rest_route=\/wp\/v2\/users\/1"}],"replies":[{"embeddable":true,"href":"https:\/\/www.bitacoracdmx.com\/index.php?rest_route=%2Fwp%2Fv2%2Fcomments&post=60172"}],"version-history":[{"count":1,"href":"https:\/\/www.bitacoracdmx.com\/index.php?rest_route=\/wp\/v2\/posts\/60172\/revisions"}],"predecessor-version":[{"id":60174,"href":"https:\/\/www.bitacoracdmx.com\/index.php?rest_route=\/wp\/v2\/posts\/60172\/revisions\/60174"}],"wp:featuredmedia":[{"embeddable":true,"href":"https:\/\/www.bitacoracdmx.com\/index.php?rest_route=\/wp\/v2\/media\/60173"}],"wp:attachment":[{"href":"https:\/\/www.bitacoracdmx.com\/index.php?rest_route=%2Fwp%2Fv2%2Fmedia&parent=60172"}],"wp:term":[{"taxonomy":"category","embeddable":true,"href":"https:\/\/www.bitacoracdmx.com\/index.php?rest_route=%2Fwp%2Fv2%2Fcategories&post=60172"},{"taxonomy":"post_tag","embeddable":true,"href":"https:\/\/www.bitacoracdmx.com\/index.php?rest_route=%2Fwp%2Fv2%2Ftags&post=60172"}],"curies":[{"name":"wp","href":"https:\/\/api.w.org\/{rel}","templated":true}]}}