{"id":60184,"date":"2025-02-11T04:33:37","date_gmt":"2025-02-11T04:33:37","guid":{"rendered":"https:\/\/www.bitacoracdmx.com\/?p=60184"},"modified":"2025-02-11T04:33:41","modified_gmt":"2025-02-11T04:33:41","slug":"angeles-de-ciudad-de-mexico-anuncia-fichaje-bomba-para-la-temporada-2025-gael-bonilla-se-une-al-equipo","status":"publish","type":"post","link":"https:\/\/www.bitacoracdmx.com\/?p=60184","title":{"rendered":"\u00c1ngeles de Ciudad de M\u00e9xico anuncia fichaje bomba para la temporada 2025: \u00a1Gael Bonilla se une al equipo!"},"content":{"rendered":"\n<p><\/p>\n\n\n\n<p>REDACCI\u00d3N<\/p>\n\n\n\n<p>\u00c1ngeles de Ciudad de M\u00e9xico est\u00e1 listo para sorprender a todos con un fichaje espectacular para la temporada 2025. El equipo capitalino anuncia la llegada del mexicano Gael Bonilla.<\/p>\n\n\n\n<p>En los \u00faltimos a\u00f1os, Gael Bonilla, se ha consolidado como uno de los jugadores m\u00e1s completos y talentosos del pa\u00eds, y su incorporaci\u00f3n a \u00c1ngeles de Ciudad de M\u00e9xico sin duda eleva las expectativas del equipo para la temporada 2025, en su participaci\u00f3n en la Liga Chevron CIBACOPA, Liga Mexicana de Basquetbol.<\/p>\n\n\n\n<p>Gael con su paso por el equipo de baloncesto m\u00e1s antiguo de la Liga ACB de Espa\u00f1a y una de las instituciones m\u00e1s prestigiosas de Europa, el FC Barcelona, perfeccion\u00f3 su juego y acumul\u00f3 una valiosa experiencia internacional. En esta temporada promedio 2.0 puntos, 1.8 rebotes y 0.5 asistencias.<\/p>\n\n\n\n<p>En la ciudad de M\u00e9xico fue parte del roster de los Capitanes de Ciudad de M\u00e9xico en la G League, donde disput\u00f3 20 juegos y promedi\u00f3 de 2.6 puntos, 2.6 rebotes y 0.4 rebotes.<\/p>\n\n\n\n<p>Su \u00faltima aparici\u00f3n fue representando a uno de los equipos de la Ciudad de M\u00e9xico en su temporada 2024, en donde fue parte fundamental desde los inicios del equipo, logrando el campeonato y siendo la Revelaci\u00f3n del A\u00f1o de la liga.<\/p>\n\n\n\n<p>Bonilla se encuentra listo para su llegada al Gimnasio Ol\u00edmpico Juan de la Barrera y defender su casa con los colores de los \u00c1ngeles de Ciudad de M\u00e9xico.<\/p>\n\n\n\n<p>Adri\u00e1n Villalobos, gerente general.<\/p>\n\n\n\n<p>\u201cEstamos extremadamente emocionados de anunciar la incorporaci\u00f3n de Gael Bonilla a nuestra familia de \u00c1ngeles. Gael es un jugador excepcional, no solo por su talento indiscutible, sino tambi\u00e9n por la experiencia y liderazgo que trae consigo. Su historia, con un campeonato y su paso por el FC Barcelona, es prueba de su nivel de competitividad y dedicaci\u00f3n. Sabemos que su llegada fortalecer\u00e1 nuestro equipo tanto en el aspecto t\u00e9cnico como en el mental.<\/p>\n\n\n\n<p><a href=\"https:\/\/www.facebook.com\/hashtag\/angelescdmx?__eep__=6&amp;__cft__[0]=AZWEeRlPwJcry79MAh8-BEilXrhVNJqR1Ns8EsL3xCaFIbqbnxelxAFESXJObKHNGH4Jg6eMDt_mqHAh-E0OL0vY5_jMPIg1jNN_TEi1WKIJdCmxQh3AbaXcCMSdxGXc70lk60Ua62e4O7ftDayU7k8vUAmrLPzReWAAPn_TPc_MTg&amp;__tn__=*NK-R\">#angelescdmx<\/a><\/p>\n\n\n\n<p><a href=\"https:\/\/www.facebook.com\/hashtag\/gaelbonilla?__eep__=6&amp;__cft__[0]=AZWEeRlPwJcry79MAh8-BEilXrhVNJqR1Ns8EsL3xCaFIbqbnxelxAFESXJObKHNGH4Jg6eMDt_mqHAh-E0OL0vY5_jMPIg1jNN_TEi1WKIJdCmxQh3AbaXcCMSdxGXc70lk60Ua62e4O7ftDayU7k8vUAmrLPzReWAAPn_TPc_MTg&amp;__tn__=*NK-R\">#GaelBonilla<\/a><\/p>\n\n\n\n<p><a href=\"https:\/\/www.facebook.com\/hashtag\/cibacopa?__eep__=6&amp;__cft__[0]=AZWEeRlPwJcry79MAh8-BEilXrhVNJqR1Ns8EsL3xCaFIbqbnxelxAFESXJObKHNGH4Jg6eMDt_mqHAh-E0OL0vY5_jMPIg1jNN_TEi1WKIJdCmxQh3AbaXcCMSdxGXc70lk60Ua62e4O7ftDayU7k8vUAmrLPzReWAAPn_TPc_MTg&amp;__tn__=*NK-R\">#CIBACOPA<\/a><\/p>\n\n\n\n<p><a href=\"https:\/\/www.facebook.com\/hashtag\/gimnasioolimpicojuandelabarrera?__eep__=6&amp;__cft__[0]=AZWEeRlPwJcry79MAh8-BEilXrhVNJqR1Ns8EsL3xCaFIbqbnxelxAFESXJObKHNGH4Jg6eMDt_mqHAh-E0OL0vY5_jMPIg1jNN_TEi1WKIJdCmxQh3AbaXcCMSdxGXc70lk60Ua62e4O7ftDayU7k8vUAmrLPzReWAAPn_TPc_MTg&amp;__tn__=*NK-R\">#gimnasioolimpicojuandelabarrera<\/a><\/p>\n\n\n\n<p><a href=\"https:\/\/www.facebook.com\/hashtag\/bitacoracdmx?__eep__=6&amp;__cft__[0]=AZWEeRlPwJcry79MAh8-BEilXrhVNJqR1Ns8EsL3xCaFIbqbnxelxAFESXJObKHNGH4Jg6eMDt_mqHAh-E0OL0vY5_jMPIg1jNN_TEi1WKIJdCmxQh3AbaXcCMSdxGXc70lk60Ua62e4O7ftDayU7k8vUAmrLPzReWAAPn_TPc_MTg&amp;__tn__=*NK-R\">#bitacoracdmx<\/a><\/p>\n\n\n\n<p><a href=\"https:\/\/www.facebook.com\/hashtag\/cdmx?__eep__=6&amp;__cft__[0]=AZWEeRlPwJcry79MAh8-BEilXrhVNJqR1Ns8EsL3xCaFIbqbnxelxAFESXJObKHNGH4Jg6eMDt_mqHAh-E0OL0vY5_jMPIg1jNN_TEi1WKIJdCmxQh3AbaXcCMSdxGXc70lk60Ua62e4O7ftDayU7k8vUAmrLPzReWAAPn_TPc_MTg&amp;__tn__=*NK-R\">#CDMX<\/a><\/p>\n","protected":false},"excerpt":{"rendered":"<p>REDACCI\u00d3N \u00c1ngeles de Ciudad de M\u00e9xico est\u00e1 listo para sorprender a todos con un fichaje espectacular para la temporada 2025. El equipo capitalino anuncia la llegada del mexicano Gael Bonilla. En los \u00faltimos a\u00f1os, Gael Bonilla, se ha consolidado como uno de los jugadores m\u00e1s completos y talentosos del pa\u00eds, y su incorporaci\u00f3n a \u00c1ngeles de Ciudad de M\u00e9xico sin duda eleva las expectativas del equipo para la temporada 2025, en su participaci\u00f3n en la Liga Chevron CIBACOPA, Liga Mexicana de Basquetbol. Gael con su paso por el equipo de baloncesto m\u00e1s antiguo de la Liga ACB de Espa\u00f1a y [&hellip;]<\/p>\n","protected":false},"author":1,"featured_media":60185,"comment_status":"closed","ping_status":"closed","sticky":false,"template":"","format":"standard","meta":{"footnotes":""},"categories":[6,9],"tags":[],"_links":{"self":[{"href":"https:\/\/www.bitacoracdmx.com\/index.php?rest_route=\/wp\/v2\/posts\/60184"}],"collection":[{"href":"https:\/\/www.bitacoracdmx.com\/index.php?rest_route=\/wp\/v2\/posts"}],"about":[{"href":"https:\/\/www.bitacoracdmx.com\/index.php?rest_route=\/wp\/v2\/types\/post"}],"author":[{"embeddable":true,"href":"https:\/\/www.bitacoracdmx.com\/index.php?rest_route=\/wp\/v2\/users\/1"}],"replies":[{"embeddable":true,"href":"https:\/\/www.bitacoracdmx.com\/index.php?rest_route=%2Fwp%2Fv2%2Fcomments&post=60184"}],"version-history":[{"count":1,"href":"https:\/\/www.bitacoracdmx.com\/index.php?rest_route=\/wp\/v2\/posts\/60184\/revisions"}],"predecessor-version":[{"id":60186,"href":"https:\/\/www.bitacoracdmx.com\/index.php?rest_route=\/wp\/v2\/posts\/60184\/revisions\/60186"}],"wp:featuredmedia":[{"embeddable":true,"href":"https:\/\/www.bitacoracdmx.com\/index.php?rest_route=\/wp\/v2\/media\/60185"}],"wp:attachment":[{"href":"https:\/\/www.bitacoracdmx.com\/index.php?rest_route=%2Fwp%2Fv2%2Fmedia&parent=60184"}],"wp:term":[{"taxonomy":"category","embeddable":true,"href":"https:\/\/www.bitacoracdmx.com\/index.php?rest_route=%2Fwp%2Fv2%2Fcategories&post=60184"},{"taxonomy":"post_tag","embeddable":true,"href":"https:\/\/www.bitacoracdmx.com\/index.php?rest_route=%2Fwp%2Fv2%2Ftags&post=60184"}],"curies":[{"name":"wp","href":"https:\/\/api.w.org\/{rel}","templated":true}]}}