{"id":60388,"date":"2025-02-15T07:12:39","date_gmt":"2025-02-15T07:12:39","guid":{"rendered":"https:\/\/www.bitacoracdmx.com\/?p=60388"},"modified":"2025-02-15T07:12:42","modified_gmt":"2025-02-15T07:12:42","slug":"elefante-desata-una-tormenta-de-nostalgia-y-amor-en-el-auditorio-nacional","status":"publish","type":"post","link":"https:\/\/www.bitacoracdmx.com\/?p=60388","title":{"rendered":"Elefante desata una tormenta de nostalgia y amor en el Auditorio Nacional"},"content":{"rendered":"\n<p><\/p>\n\n\n\n<p>Por: <strong>Jorge Yeicatl\/ <\/strong><a href=\"https:\/\/twitter.com\/Jorge_Yeicatl\"><strong>@Jorge_Yeicatl <\/strong><\/a><strong>\/ <\/strong><a href=\"https:\/\/www.instagram.com\/desconocido_tour\/?hl=es-la\"><strong>@desconocido_tour<\/strong><\/a><\/p>\n\n\n\n<p>Fotos: <strong>\u00a0Denisse Ure\u00f1a \/ <\/strong><a href=\"https:\/\/x.com\/denisseure_\"><strong>@denisseure_<\/strong><\/a><\/p>\n\n\n\n<p>El Auditorio Nacional fue testigo de una noche inolvidable al recibir a una de las bandas m\u00e1s emblem\u00e1ticas del pop rock mexicano. La agrupaci\u00f3n, conformada por Javier Ortega (vocalista), Ahis (teclados y guitarra), Iguana (bater\u00eda), Rafa Loar (guitarra) y Tracks (bajo), ofreci\u00f3 una actuaci\u00f3n \u00fanica, llevando al p\u00fablico en un viaje a trav\u00e9s del tiempo con el prop\u00f3sito de celebrar el amor y la amistad.<\/p>\n\n\n\n<p>Con 25 a\u00f1os de trayectoria, la banda originaria de la Ciudad de M\u00e9xico hizo vibrar el Auditorio Nacional con sus m\u00e1s grandes \u00e9xitos, como: <em>&#8220;As\u00ed es la vida&#8221;<\/em>, <em>&#8220;\u00c1ngel&#8221;<\/em>, <em>&#8220;Sabor a chocolate&#8221;<\/em>, <em>&#8220;Mentirosa&#8221;<\/em>, <em>&#8220;Mariposas en el cielo&#8221;<\/em>, adem\u00e1s del estreno de su versi\u00f3n del tema <em>&#8220;El color de tus ojos&#8221;<\/em>, entre otros hits que han marcado a sus fans m\u00e1s fieles y han conquistado a nuevas generaciones.<\/p>\n\n\n\n<figure class=\"wp-block-image size-full\"><img loading=\"lazy\" decoding=\"async\" width=\"1024\" height=\"683\" src=\"https:\/\/www.bitacoracdmx.com\/wp-content\/uploads\/2025\/02\/1739568109827_processed.jpg\" alt=\"\" class=\"wp-image-60390\"\/><\/figure>\n\n\n\n<p><em>&#8220;\u00c1ngel&#8221;<\/em> fue uno de los temas m\u00e1s solicitados de la noche, y su interpretaci\u00f3n dio paso a un momento de reflexi\u00f3n y nostalgia. La banda realiz\u00f3 una emotiva transici\u00f3n hacia <em>&#8220;Durmiendo con la luna&#8221;<\/em>, donde Javier invit\u00f3 a los asistentes a encender las luces de sus celulares y dedicar ese instante a quienes ya no est\u00e1n en este plano terrenal.<\/p>\n\n\n\n<p>Otro momento destacado de la velada fue la interpretaci\u00f3n ac\u00fastica de <em>&#8220;La que se fue&#8221;<\/em> y <em>&#8220;Contigo&#8221;<\/em>, en un esfuerzo por complacer a sus seguidores. Posteriormente, presentaron su nuevo sencillo titulado <em>&#8220;Qu\u00e9 noche la de anoche&#8221;<\/em>.<\/p>\n\n\n\n<figure class=\"wp-block-image size-full is-resized\"><img loading=\"lazy\" decoding=\"async\" width=\"683\" height=\"1024\" src=\"https:\/\/www.bitacoracdmx.com\/wp-content\/uploads\/2025\/02\/1739563281414_processed.jpg\" alt=\"\" class=\"wp-image-60391\" style=\"width:850px;height:auto\"\/><\/figure>\n\n\n\n<p>Para cerrar la noche con broche de oro, los integrantes agradecieron al p\u00fablico por su entrega y comenzaron a abandonar el escenario. Sin embargo, los asistentes no tardaron en hacerse escuchar con el cl\u00e1sico grito de <em>&#8220;\u00a1otra, otra!&#8221;<\/em>, logrando que la banda regresara para interpretar nuevamente <em>&#8220;Sabor a chocolate&#8221;<\/em> y <em>&#8220;Mentirosa&#8221;<\/em>, convirtiendo el Auditorio en una aut\u00e9ntica fiesta.<\/p>\n\n\n\n<p>Tras esta magistral presentaci\u00f3n, la agrupaci\u00f3n chilanga se prepara para llevar su m\u00fasica a Sudam\u00e9rica, con paradas en Colombia, Ecuador y Per\u00fa. En mes y medio, la banda tambi\u00e9n viajar\u00e1 a Europa para continuar su gira internacional.<\/p>\n\n\n\n<p><a href=\"https:\/\/www.facebook.com\/hashtag\/elefante?__eep__=6&amp;__cft__[0]=AZXPwBzHybeEfXsmKECOM2NoJMqZWuS0wNlh208RR2RZUz4GwEwV81K52bwE2bGsSevk9gO0PcQiQiqJlPhJn6W8QQYV_oE4b8a_1LRB5ycogtnZT69crexmcR3vVEvpkt2SL3nCY8T66_9NJCWtw_7H&amp;__tn__=*NK-R\">#elefante<\/a><\/p>\n\n\n\n<p><a href=\"https:\/\/www.facebook.com\/hashtag\/auditorionacional?__eep__=6&amp;__cft__[0]=AZXPwBzHybeEfXsmKECOM2NoJMqZWuS0wNlh208RR2RZUz4GwEwV81K52bwE2bGsSevk9gO0PcQiQiqJlPhJn6W8QQYV_oE4b8a_1LRB5ycogtnZT69crexmcR3vVEvpkt2SL3nCY8T66_9NJCWtw_7H&amp;__tn__=*NK-R\">#AuditorioNacional<\/a><\/p>\n\n\n\n<p><a href=\"https:\/\/www.facebook.com\/hashtag\/bitacoracdmx?__eep__=6&amp;__cft__[0]=AZXPwBzHybeEfXsmKECOM2NoJMqZWuS0wNlh208RR2RZUz4GwEwV81K52bwE2bGsSevk9gO0PcQiQiqJlPhJn6W8QQYV_oE4b8a_1LRB5ycogtnZT69crexmcR3vVEvpkt2SL3nCY8T66_9NJCWtw_7H&amp;__tn__=*NK-R\">#bitacoracdmx<\/a><\/p>\n\n\n\n<p><a href=\"https:\/\/www.facebook.com\/hashtag\/cdmx?__eep__=6&amp;__cft__[0]=AZXPwBzHybeEfXsmKECOM2NoJMqZWuS0wNlh208RR2RZUz4GwEwV81K52bwE2bGsSevk9gO0PcQiQiqJlPhJn6W8QQYV_oE4b8a_1LRB5ycogtnZT69crexmcR3vVEvpkt2SL3nCY8T66_9NJCWtw_7H&amp;__tn__=*NK-R\">#CDMX<\/a><\/p>\n","protected":false},"excerpt":{"rendered":"<p>Por: Jorge Yeicatl\/ @Jorge_Yeicatl \/ @desconocido_tour Fotos: \u00a0Denisse Ure\u00f1a \/ @denisseure_ El Auditorio Nacional fue testigo de una noche inolvidable al recibir a una de las bandas m\u00e1s emblem\u00e1ticas del pop rock mexicano. La agrupaci\u00f3n, conformada por Javier Ortega (vocalista), Ahis (teclados y guitarra), Iguana (bater\u00eda), Rafa Loar (guitarra) y Tracks (bajo), ofreci\u00f3 una actuaci\u00f3n \u00fanica, llevando al p\u00fablico en un viaje a trav\u00e9s del tiempo con el prop\u00f3sito de celebrar el amor y la amistad. Con 25 a\u00f1os de trayectoria, la banda originaria de la Ciudad de M\u00e9xico hizo vibrar el Auditorio Nacional con sus m\u00e1s grandes \u00e9xitos, como: [&hellip;]<\/p>\n","protected":false},"author":1,"featured_media":60389,"comment_status":"closed","ping_status":"closed","sticky":false,"template":"","format":"standard","meta":{"footnotes":""},"categories":[9,11],"tags":[],"_links":{"self":[{"href":"https:\/\/www.bitacoracdmx.com\/index.php?rest_route=\/wp\/v2\/posts\/60388"}],"collection":[{"href":"https:\/\/www.bitacoracdmx.com\/index.php?rest_route=\/wp\/v2\/posts"}],"about":[{"href":"https:\/\/www.bitacoracdmx.com\/index.php?rest_route=\/wp\/v2\/types\/post"}],"author":[{"embeddable":true,"href":"https:\/\/www.bitacoracdmx.com\/index.php?rest_route=\/wp\/v2\/users\/1"}],"replies":[{"embeddable":true,"href":"https:\/\/www.bitacoracdmx.com\/index.php?rest_route=%2Fwp%2Fv2%2Fcomments&post=60388"}],"version-history":[{"count":1,"href":"https:\/\/www.bitacoracdmx.com\/index.php?rest_route=\/wp\/v2\/posts\/60388\/revisions"}],"predecessor-version":[{"id":60392,"href":"https:\/\/www.bitacoracdmx.com\/index.php?rest_route=\/wp\/v2\/posts\/60388\/revisions\/60392"}],"wp:featuredmedia":[{"embeddable":true,"href":"https:\/\/www.bitacoracdmx.com\/index.php?rest_route=\/wp\/v2\/media\/60389"}],"wp:attachment":[{"href":"https:\/\/www.bitacoracdmx.com\/index.php?rest_route=%2Fwp%2Fv2%2Fmedia&parent=60388"}],"wp:term":[{"taxonomy":"category","embeddable":true,"href":"https:\/\/www.bitacoracdmx.com\/index.php?rest_route=%2Fwp%2Fv2%2Fcategories&post=60388"},{"taxonomy":"post_tag","embeddable":true,"href":"https:\/\/www.bitacoracdmx.com\/index.php?rest_route=%2Fwp%2Fv2%2Ftags&post=60388"}],"curies":[{"name":"wp","href":"https:\/\/api.w.org\/{rel}","templated":true}]}}