{"id":60420,"date":"2025-02-18T04:58:32","date_gmt":"2025-02-18T04:58:32","guid":{"rendered":"https:\/\/www.bitacoracdmx.com\/?p=60420"},"modified":"2025-02-18T04:58:34","modified_gmt":"2025-02-18T04:58:34","slug":"silverio-pondra-de-cabeza-la-cdmx","status":"publish","type":"post","link":"https:\/\/www.bitacoracdmx.com\/?p=60420","title":{"rendered":"\u00a1Silverio pondr\u00e1 de cabeza la CDMX!"},"content":{"rendered":"\n<p><\/p>\n\n\n\n<p>REDACCI\u00d3N<\/p>\n\n\n\n<h3 class=\"wp-block-heading\">27 DE JUNIO \u2013 FORO PUEBLA \u2013 CDMX<\/h3>\n\n\n\n<h3 class=\"wp-block-heading\">PREVENTA BANAMEX: 17 DE FEBRERO<\/h3>\n\n\n\n<p><strong>Silverio<\/strong>, el amo del misterio, vuelve a los escenarios de la Ciudad de M\u00e9xico con un potente concierto, el pr\u00f3ximo&nbsp;<strong>27 de junio<\/strong>&nbsp;en el&nbsp;<strong>Foro Puebla<\/strong>. Este show promete sumergirte en su m\u00fasica electr\u00f3nica de las cavernas nasales.<\/p>\n\n\n\n<p>Silverio, tambi\u00e9n conocido como \u201cSu Majestad Imperial\u201d, es una de las figuras m\u00e1s emblem\u00e1ticas en la escena de la m\u00fasica de las \u00faltimas dos d\u00e9cadas. Con un estilo peculiar y carism\u00e1tica presencia, ha dejado una huella imborrable en la historia de la m\u00fasica nacional, contribuyendo al sonido distintivo y poderoso que lo caracteriza.<\/p>\n\n\n\n<p>Su talento y dedicaci\u00f3n lo han convertido en un referente indiscutible, tanto para los seguidores de la industria como para los amantes del g\u00e9nero, consolidando su legado como verdadera leyenda de la electr\u00f3nica ejidal.<\/p>\n\n\n\n<p><strong>Silverio innov\u00f3 en la m\u00fasica con una edici\u00f3n limitada de 200 copias de\u00a0<em>El Disco de Corcho<\/em>, el contiene la m\u00fasica que cre\u00f3 junto a Laura Le\u00f3n. Un hito por su originalidad.<\/strong><\/p>\n\n\n\n<p>Silverio comenz\u00f3 en el a\u00f1o 2001, emergiendo con un estilo innovador que fusiona la m\u00fasica electr\u00f3nica con sutiles toques de la cultura popular. Desde sus inicios, logr\u00f3 capturar la atenci\u00f3n del p\u00fablico al combinar sonidos modernos con elementos tradicionales, creando una propuesta fresca y \u00fanica. Sin embargo, fue su ic\u00f3nico sencillo \u201cYepa Yepa Yepa\u201d, el que lo catapult\u00f3 al \u00e9xito.<\/p>\n\n\n\n<p>Escucha en vivo rolas como \u201cPerro\u201d, \u201cEl Baile del Diablo\u201d, entre otras, y p\u00e1sala como nunca al lado de Silverio. Los boletos estar\u00e1n disponibles en preventa Banamex a partir del 17 de febrero y un d\u00eda despu\u00e9s en las taquillas del inmueble o a trav\u00e9s de Ticketmaster.<\/p>\n\n\n\n<p><a href=\"https:\/\/www.facebook.com\/hashtag\/silverio?__eep__=6&amp;__cft__[0]=AZVxX8hzHj64tIVGw_KpCwxpu9Jzu5RbkA1785hFZz2tKCjcXKlwfrKYRFOWSTftZkBB2OYJfg5CSPgD9ScwsD1L8e8LSnhrYZgbYIxvFmGn-J7wFOJ9SKoxGzkmq5BrJVR4Z6tC0VRGmeXqKfOLsq-KdNL0kJqWy2wSLjMzmz1yEw&amp;__tn__=*NK-R\">#Silverio<\/a><\/p>\n\n\n\n<p><a href=\"https:\/\/www.facebook.com\/hashtag\/foropuebla?__eep__=6&amp;__cft__[0]=AZVxX8hzHj64tIVGw_KpCwxpu9Jzu5RbkA1785hFZz2tKCjcXKlwfrKYRFOWSTftZkBB2OYJfg5CSPgD9ScwsD1L8e8LSnhrYZgbYIxvFmGn-J7wFOJ9SKoxGzkmq5BrJVR4Z6tC0VRGmeXqKfOLsq-KdNL0kJqWy2wSLjMzmz1yEw&amp;__tn__=*NK-R\">#ForoPuebla<\/a><\/p>\n\n\n\n<p><a href=\"https:\/\/www.facebook.com\/hashtag\/ocesa?__eep__=6&amp;__cft__[0]=AZVxX8hzHj64tIVGw_KpCwxpu9Jzu5RbkA1785hFZz2tKCjcXKlwfrKYRFOWSTftZkBB2OYJfg5CSPgD9ScwsD1L8e8LSnhrYZgbYIxvFmGn-J7wFOJ9SKoxGzkmq5BrJVR4Z6tC0VRGmeXqKfOLsq-KdNL0kJqWy2wSLjMzmz1yEw&amp;__tn__=*NK-R\">#OCESA<\/a><\/p>\n\n\n\n<p><a href=\"https:\/\/www.facebook.com\/hashtag\/ticketmaster?__eep__=6&amp;__cft__[0]=AZVxX8hzHj64tIVGw_KpCwxpu9Jzu5RbkA1785hFZz2tKCjcXKlwfrKYRFOWSTftZkBB2OYJfg5CSPgD9ScwsD1L8e8LSnhrYZgbYIxvFmGn-J7wFOJ9SKoxGzkmq5BrJVR4Z6tC0VRGmeXqKfOLsq-KdNL0kJqWy2wSLjMzmz1yEw&amp;__tn__=*NK-R\">#Ticketmaster<\/a><\/p>\n\n\n\n<p><a href=\"https:\/\/www.facebook.com\/hashtag\/bitacoracdmx?__eep__=6&amp;__cft__[0]=AZVxX8hzHj64tIVGw_KpCwxpu9Jzu5RbkA1785hFZz2tKCjcXKlwfrKYRFOWSTftZkBB2OYJfg5CSPgD9ScwsD1L8e8LSnhrYZgbYIxvFmGn-J7wFOJ9SKoxGzkmq5BrJVR4Z6tC0VRGmeXqKfOLsq-KdNL0kJqWy2wSLjMzmz1yEw&amp;__tn__=*NK-R\">#bitacoracdmx<\/a><\/p>\n\n\n\n<p><a href=\"https:\/\/www.facebook.com\/hashtag\/cdmx?__eep__=6&amp;__cft__[0]=AZVxX8hzHj64tIVGw_KpCwxpu9Jzu5RbkA1785hFZz2tKCjcXKlwfrKYRFOWSTftZkBB2OYJfg5CSPgD9ScwsD1L8e8LSnhrYZgbYIxvFmGn-J7wFOJ9SKoxGzkmq5BrJVR4Z6tC0VRGmeXqKfOLsq-KdNL0kJqWy2wSLjMzmz1yEw&amp;__tn__=*NK-R\">#CDMX<\/a><\/p>\n","protected":false},"excerpt":{"rendered":"<p>REDACCI\u00d3N 27 DE JUNIO \u2013 FORO PUEBLA \u2013 CDMX PREVENTA BANAMEX: 17 DE FEBRERO Silverio, el amo del misterio, vuelve a los escenarios de la Ciudad de M\u00e9xico con un potente concierto, el pr\u00f3ximo&nbsp;27 de junio&nbsp;en el&nbsp;Foro Puebla. Este show promete sumergirte en su m\u00fasica electr\u00f3nica de las cavernas nasales. Silverio, tambi\u00e9n conocido como \u201cSu Majestad Imperial\u201d, es una de las figuras m\u00e1s emblem\u00e1ticas en la escena de la m\u00fasica de las \u00faltimas dos d\u00e9cadas. Con un estilo peculiar y carism\u00e1tica presencia, ha dejado una huella imborrable en la historia de la m\u00fasica nacional, contribuyendo al sonido distintivo y poderoso [&hellip;]<\/p>\n","protected":false},"author":1,"featured_media":60421,"comment_status":"closed","ping_status":"closed","sticky":false,"template":"","format":"standard","meta":{"footnotes":""},"categories":[9,11],"tags":[],"_links":{"self":[{"href":"https:\/\/www.bitacoracdmx.com\/index.php?rest_route=\/wp\/v2\/posts\/60420"}],"collection":[{"href":"https:\/\/www.bitacoracdmx.com\/index.php?rest_route=\/wp\/v2\/posts"}],"about":[{"href":"https:\/\/www.bitacoracdmx.com\/index.php?rest_route=\/wp\/v2\/types\/post"}],"author":[{"embeddable":true,"href":"https:\/\/www.bitacoracdmx.com\/index.php?rest_route=\/wp\/v2\/users\/1"}],"replies":[{"embeddable":true,"href":"https:\/\/www.bitacoracdmx.com\/index.php?rest_route=%2Fwp%2Fv2%2Fcomments&post=60420"}],"version-history":[{"count":1,"href":"https:\/\/www.bitacoracdmx.com\/index.php?rest_route=\/wp\/v2\/posts\/60420\/revisions"}],"predecessor-version":[{"id":60422,"href":"https:\/\/www.bitacoracdmx.com\/index.php?rest_route=\/wp\/v2\/posts\/60420\/revisions\/60422"}],"wp:featuredmedia":[{"embeddable":true,"href":"https:\/\/www.bitacoracdmx.com\/index.php?rest_route=\/wp\/v2\/media\/60421"}],"wp:attachment":[{"href":"https:\/\/www.bitacoracdmx.com\/index.php?rest_route=%2Fwp%2Fv2%2Fmedia&parent=60420"}],"wp:term":[{"taxonomy":"category","embeddable":true,"href":"https:\/\/www.bitacoracdmx.com\/index.php?rest_route=%2Fwp%2Fv2%2Fcategories&post=60420"},{"taxonomy":"post_tag","embeddable":true,"href":"https:\/\/www.bitacoracdmx.com\/index.php?rest_route=%2Fwp%2Fv2%2Ftags&post=60420"}],"curies":[{"name":"wp","href":"https:\/\/api.w.org\/{rel}","templated":true}]}}