{"id":60570,"date":"2025-02-24T04:22:09","date_gmt":"2025-02-24T04:22:09","guid":{"rendered":"https:\/\/www.bitacoracdmx.com\/?p=60570"},"modified":"2025-02-24T04:22:11","modified_gmt":"2025-02-24T04:22:11","slug":"la-banda-argentina-triada-comparte-rompi","status":"publish","type":"post","link":"https:\/\/www.bitacoracdmx.com\/?p=60570","title":{"rendered":"La banda argentina TR\u00cdADA comparte \u201cROMP\u00cd\u201d"},"content":{"rendered":"\n<p><\/p>\n\n\n\n<p>REDACCI\u00d3N<\/p>\n\n\n\n<p><strong>EL EP DEBUT&nbsp;<em>DE VERSIONES<\/em>&nbsp;<em>Y ALMA<\/em>&nbsp;EST\u00c1 PROGRAMADO PARA EL 21 DE MARZO<\/strong><\/p>\n\n\n\n<p><strong>EN VERVE RECORDS \/ MERCURY RECORDS<\/strong><\/p>\n\n\n\n<p>La banda argentina&nbsp;<strong>TR\u00cdADA<\/strong>, integrada por Diamela Spina (percusi\u00f3n, voz), Aylen Reynoso (guitarra) y Julia Percowicz (voz), comparte&nbsp;<strong>\u201cRomp\u00ed\u201d,<\/strong>&nbsp;una versi\u00f3n alegre pero vulnerable de la canci\u00f3n de amor de la cantautora uruguaya Sof\u00eda Alvez. Con una vibrante percusi\u00f3n y la din\u00e1mica interpretaci\u00f3n en la guitarra de Aylen, la banda relata la angustia que supone decir adi\u00f3s.<\/p>\n\n\n\n<p>\u201c<em>Y est\u00e1 bien, mi amor, vos siempre fuiste el Sol y fui yo quien fall\u00f3.\u201d<\/em><\/p>\n\n\n\n<p>Escucha el sencillo \u201cRomp\u00ed,\u201d&nbsp;<a rel=\"noreferrer noopener\" target=\"_blank\" href=\"https:\/\/triada-band.lnk.to\/DeVersionesyAlma\">aqu\u00ed<\/a>, mira el video<a rel=\"noreferrer noopener\" target=\"_blank\" href=\"https:\/\/triada-band.lnk.to\/SaleLaLunaVideo\">&nbsp;<\/a><a rel=\"noreferrer noopener\" target=\"_blank\" href=\"https:\/\/triada-band.lnk.to\/RompiVideoMB\">aqu\u00ed<\/a>, and pre-ordena el EP<a rel=\"noreferrer noopener\" target=\"_blank\" href=\"https:\/\/triada-band.lnk.to\/DeVersionesyAlma\">&nbsp;<\/a><a rel=\"noreferrer noopener\" target=\"_blank\" href=\"https:\/\/triada-band.lnk.to\/DeVersionesyAlma\">aqu\u00ed<\/a>.<\/p>\n\n\n\n<p>La banda de Buenos Aires se form\u00f3 en la escuela de artes esc\u00e9nicas a la que asist\u00edan juntas. Las chicas hac\u00edan videos despu\u00e9s de clase, grabando versiones de cl\u00e1sicos de bossa nova como \u201cO Pato\u201d de Jo\u00e3o Gilberto, que obtuvo m\u00e1s de&nbsp;<a rel=\"noreferrer noopener\" target=\"_blank\" href=\"https:\/\/www.instagram.com\/reel\/C23HloHP8AS\/?igsh=cDB5NzZpb216ZGRz\">2 millones de vistas<\/a>&nbsp;en Instagram Reels. Finalmente, \u201cO Pato\u201d se convirti\u00f3 en su&nbsp;<a rel=\"noreferrer noopener\" target=\"_blank\" href=\"https:\/\/www.youtube.com\/watch?v=dyvTKQbOevM\">primer<\/a>&nbsp;lanzamiento propiamente dicho, consolidando su sonido de gran alcance y su audiencia global. Junto con el anuncio de&nbsp;<em>De Versiones<\/em>&nbsp;y&nbsp;<em>Alma<\/em>, lleg\u00f3 su reciente sencillo \u201cSale La Luna\u201d, que recibi\u00f3 elogios de&nbsp;<a rel=\"noreferrer noopener\" target=\"_blank\" href=\"https:\/\/www.hola.com\/us\/entertainment\/20250117762922\/new-music-friday-january-17\/\">HOLA!<\/a>&nbsp;y&nbsp;<a rel=\"noreferrer noopener\" target=\"_blank\" href=\"https:\/\/remezcla.com\/lists\/music\/20-new-songs-to-listen-to-this-week-from-fabio-capri-to-ela-minus\/\">Remezcla<\/a>.&nbsp;<em>De Versiones<\/em>&nbsp;<em>y Alma<\/em>, su EP debut, ofrece a los oyentes la oportunidad de adentrarse en su sesi\u00f3n de improvisaci\u00f3n, envueltos en sus voces reconfortantes y su sonido fraternal. A trav\u00e9s de sus versiones rom\u00e1nticas, TR\u00cdADA abraza la percusi\u00f3n y la guitarra, transformando canciones de todo el mundo con un fresco toque argentino.<\/p>\n\n\n\n<p>En un principio, las tres amigas se adentraron en el rock progresivo y experimentaron con un estilo post-punk, para luego sumergirse libremente en los sonidos que las formaron: folclore, jazz, bossanova y m\u00fasica ac\u00fastica de cantautores como Jorge Drexler, Los Panchos, Gustavo Pe\u00f1a, Zoe Gotusso y muchos m\u00e1s. Ahora, el tr\u00edo est\u00e1 llevando su amor m\u00e1s all\u00e1 de las fronteras y barreras idiom\u00e1ticas con un EP que convoca a artistas de Uruguay, Brasil, el Reino Unido y, por supuesto, Argentina. TR\u00cdADA, un grupo de amigas que mezcla g\u00e9neros y reinventa sus canciones favoritas con su propia voz. \u201cNo sabemos qu\u00e9 nos depara el futuro; a\u00fan no hemos producido nuestro \u00e1lbum\u201d, eval\u00faan, \u201cpero tenemos muy claro que nuestras ra\u00edces argentinas, y m\u00e1s ampliamente nuestras ra\u00edces latinas, estar\u00e1n all\u00ed\u201d.<\/p>\n\n\n\n<p>A sus 19 a\u00f1os, Diamela, Aylen y Julia son j\u00f3venes, pero tienen almas viejas, que infunden nueva vida y el esp\u00edritu de Buenos Aires a canciones cl\u00e1sicas para el p\u00fablico de la Generaci\u00f3n Z y la Generaci\u00f3n Alfa. Su nombre, TR\u00cdADA, hace referencia al t\u00e9rmino musical que designa a tres notas que forman un solo acorde, ya que las tres chicas se transforman en una hermandad sonora.<\/p>\n\n\n\n<p><strong><em>De Versiones y Alma\u00a0<\/em>se lanzar\u00e1 el 21 de marzo en Verve Records y Mercury Records.<\/strong><\/p>\n\n\n\n<p><a href=\"https:\/\/www.facebook.com\/hashtag\/triada?__eep__=6&amp;__cft__[0]=AZVhKt7spxDjxsu_eZ7ou_5Vth2FyE2fJc_qztOaCetZ4MFwRoM2Uikjoaz9uhjkgzK39mc0IGbQ3FTPbm0NWn64IYDpgUIMivVFcKCQ4Qap5AZkBsXd0o0WRZRVOHo3Rk3OFPNRcaLiD7hazMD0Sh7DxExZF7RyBMx37l6AwDAvzw&amp;__tn__=*NK-R\">#triada<\/a><\/p>\n\n\n\n<p><a href=\"https:\/\/www.facebook.com\/hashtag\/lanzamientomusical?__eep__=6&amp;__cft__[0]=AZVhKt7spxDjxsu_eZ7ou_5Vth2FyE2fJc_qztOaCetZ4MFwRoM2Uikjoaz9uhjkgzK39mc0IGbQ3FTPbm0NWn64IYDpgUIMivVFcKCQ4Qap5AZkBsXd0o0WRZRVOHo3Rk3OFPNRcaLiD7hazMD0Sh7DxExZF7RyBMx37l6AwDAvzw&amp;__tn__=*NK-R\">#lanzamientomusical<\/a><\/p>\n\n\n\n<p><a href=\"https:\/\/www.facebook.com\/hashtag\/bitacoracdmx?__eep__=6&amp;__cft__[0]=AZVhKt7spxDjxsu_eZ7ou_5Vth2FyE2fJc_qztOaCetZ4MFwRoM2Uikjoaz9uhjkgzK39mc0IGbQ3FTPbm0NWn64IYDpgUIMivVFcKCQ4Qap5AZkBsXd0o0WRZRVOHo3Rk3OFPNRcaLiD7hazMD0Sh7DxExZF7RyBMx37l6AwDAvzw&amp;__tn__=*NK-R\">#bitacoracdmx<\/a><\/p>\n\n\n\n<p><a href=\"https:\/\/www.facebook.com\/photo\/?fbid=1264772425041987&amp;set=pcb.1264772638375299&amp;__cft__[0]=AZVhKt7spxDjxsu_eZ7ou_5Vth2FyE2fJc_qztOaCetZ4MFwRoM2Uikjoaz9uhjkgzK39mc0IGbQ3FTPbm0NWn64IYDpgUIMivVFcKCQ4Qap5AZkBsXd0o0WRZRVOHo3Rk3OFPNRcaLiD7hazMD0Sh7DxExZF7RyBMx37l6AwDAvzw&amp;__tn__=*bH-R\"><\/a><\/p>\n\n\n\n<p><a href=\"https:\/\/www.facebook.com\/photo\/?fbid=1264772611708635&amp;set=pcb.1264772638375299&amp;__cft__[0]=AZVhKt7spxDjxsu_eZ7ou_5Vth2FyE2fJc_qztOaCetZ4MFwRoM2Uikjoaz9uhjkgzK39mc0IGbQ3FTPbm0NWn64IYDpgUIMivVFcKCQ4Qap5AZkBsXd0o0WRZRVOHo3Rk3OFPNRcaLiD7hazMD0Sh7DxExZF7RyBMx37l6AwDAvzw&amp;__tn__=*bH-R\"><\/a><\/p>\n","protected":false},"excerpt":{"rendered":"<p>REDACCI\u00d3N EL EP DEBUT&nbsp;DE VERSIONES&nbsp;Y ALMA&nbsp;EST\u00c1 PROGRAMADO PARA EL 21 DE MARZO EN VERVE RECORDS \/ MERCURY RECORDS La banda argentina&nbsp;TR\u00cdADA, integrada por Diamela Spina (percusi\u00f3n, voz), Aylen Reynoso (guitarra) y Julia Percowicz (voz), comparte&nbsp;\u201cRomp\u00ed\u201d,&nbsp;una versi\u00f3n alegre pero vulnerable de la canci\u00f3n de amor de la cantautora uruguaya Sof\u00eda Alvez. Con una vibrante percusi\u00f3n y la din\u00e1mica interpretaci\u00f3n en la guitarra de Aylen, la banda relata la angustia que supone decir adi\u00f3s. \u201cY est\u00e1 bien, mi amor, vos siempre fuiste el Sol y fui yo quien fall\u00f3.\u201d Escucha el sencillo \u201cRomp\u00ed,\u201d&nbsp;aqu\u00ed, mira el video&nbsp;aqu\u00ed, and pre-ordena el EP&nbsp;aqu\u00ed. La banda [&hellip;]<\/p>\n","protected":false},"author":1,"featured_media":60571,"comment_status":"closed","ping_status":"closed","sticky":false,"template":"","format":"standard","meta":{"footnotes":""},"categories":[9,11],"tags":[],"_links":{"self":[{"href":"https:\/\/www.bitacoracdmx.com\/index.php?rest_route=\/wp\/v2\/posts\/60570"}],"collection":[{"href":"https:\/\/www.bitacoracdmx.com\/index.php?rest_route=\/wp\/v2\/posts"}],"about":[{"href":"https:\/\/www.bitacoracdmx.com\/index.php?rest_route=\/wp\/v2\/types\/post"}],"author":[{"embeddable":true,"href":"https:\/\/www.bitacoracdmx.com\/index.php?rest_route=\/wp\/v2\/users\/1"}],"replies":[{"embeddable":true,"href":"https:\/\/www.bitacoracdmx.com\/index.php?rest_route=%2Fwp%2Fv2%2Fcomments&post=60570"}],"version-history":[{"count":1,"href":"https:\/\/www.bitacoracdmx.com\/index.php?rest_route=\/wp\/v2\/posts\/60570\/revisions"}],"predecessor-version":[{"id":60572,"href":"https:\/\/www.bitacoracdmx.com\/index.php?rest_route=\/wp\/v2\/posts\/60570\/revisions\/60572"}],"wp:featuredmedia":[{"embeddable":true,"href":"https:\/\/www.bitacoracdmx.com\/index.php?rest_route=\/wp\/v2\/media\/60571"}],"wp:attachment":[{"href":"https:\/\/www.bitacoracdmx.com\/index.php?rest_route=%2Fwp%2Fv2%2Fmedia&parent=60570"}],"wp:term":[{"taxonomy":"category","embeddable":true,"href":"https:\/\/www.bitacoracdmx.com\/index.php?rest_route=%2Fwp%2Fv2%2Fcategories&post=60570"},{"taxonomy":"post_tag","embeddable":true,"href":"https:\/\/www.bitacoracdmx.com\/index.php?rest_route=%2Fwp%2Fv2%2Ftags&post=60570"}],"curies":[{"name":"wp","href":"https:\/\/api.w.org\/{rel}","templated":true}]}}