{"id":60573,"date":"2025-02-24T04:31:30","date_gmt":"2025-02-24T04:31:30","guid":{"rendered":"https:\/\/www.bitacoracdmx.com\/?p=60573"},"modified":"2025-02-24T04:31:34","modified_gmt":"2025-02-24T04:31:34","slug":"the-guapos-una-fraternidad-de-llega-al-vive-latino-2025","status":"publish","type":"post","link":"https:\/\/www.bitacoracdmx.com\/?p=60573","title":{"rendered":"The Guapos una fraternidad de llega al Vive Latino 2025"},"content":{"rendered":"\n<p><\/p>\n\n\n\n<p>Por: <strong><em>Jorge Yeicatl\/ <\/em><\/strong><a href=\"https:\/\/twitter.com\/Jorge_Yeicatl\"><strong><em>@Jorge_Yeicatl <\/em><\/strong><\/a><strong><em>\/ <\/em><\/strong><a href=\"https:\/\/www.instagram.com\/desconocido_tour\/?hl=es-la\"><strong><em>@desconocido_tour<\/em><\/strong><\/a><\/p>\n\n\n\n<p>Foto: <strong><em>Jorge Yeicatl\/ <\/em><\/strong><a href=\"https:\/\/twitter.com\/Jorge_Yeicatl\"><strong><em>@Jorge_Yeicatl <\/em><\/strong><\/a><strong><em>\/ <\/em><\/strong><a href=\"https:\/\/www.instagram.com\/desconocido_tour\/?hl=es-la\"><strong><em>@desconocido_tour<\/em><\/strong><\/a><\/p>\n\n\n\n<p>El Festival Vive Latino 2025, que celebrar\u00e1 su 25\u00aa edici\u00f3n los d\u00edas 15 y 16 de marzo en el Estadio GNP Seguros de la Ciudad de M\u00e9xico, contar\u00e1 con la participaci\u00f3n de &#8220;The Guapos&#8221;, una super banda que ha generado gran expectaci\u00f3n en la escena musical actual. Su participaci\u00f3n es especialmente significativa, ya que el festival combina leyendas de la m\u00fasica y nuevas propuestas, compartiendo escenario con artistas de la talla de Scorpions, Caifanes, Zo\u00e9 y Molotov.<\/p>\n\n\n\n<p>El pasado 21 de febrero, la agrupaci\u00f3n conformada por Jay de la Cueva, Adanowsky, Leiva y David Aguilar, comparti\u00f3 detalles sobre c\u00f3mo se sienten rumbo al 25 aniversario del Vive Latino. En palabras de Jay de la Cueva, ellos no se consideran una banda retro: &#8220;En nuestro ADN tenemos la m\u00fasica, y para nosotros las buenas canciones son atemporales&#8221;.<\/p>\n\n\n\n<p>A su vez, la agrupaci\u00f3n destaca que su esencia radica en la amistad y el amor por la m\u00fasica. &#8220;Somos cuatro m\u00fasicos que antes de ser m\u00fasicos somos grandes amigos, somos hermanos. Hicimos una fraternidad de rock and roll, un lugar donde encontramos el tiempo para compartir la m\u00fasica entre nosotros y como consecuencia queremos amplificarlo y llevarlo a otros corazones&#8221;.<\/p>\n\n\n\n<p>Tras una intensa gira en Espa\u00f1a hace un a\u00f1o y medio, The Guapos ahora se reencuentran para presentarse en M\u00e9xico en el escenario del Vive Latino, un festival que celebra la diversidad de g\u00e9neros. &#8220;Nos ilusiona mucho volvernos a encontrar y tocar en un festival donde se puede comulgar con distintos estilos musicales. Creemos que la m\u00fasica y el arte se conectan con los corazones sin necesidad de etiquetas&#8221;.<\/p>\n\n\n\n<p>Los fan\u00e1ticos pueden esperar una actuaci\u00f3n llena de energ\u00eda, sorpresas y, por supuesto, mucho &#8220;guapeo&#8221;. La presentaci\u00f3n de &#8220;The Guapos&#8221; en el Vive Latino 2025 promete ser una experiencia inolvidable, consolidando a la banda como una de las agrupaciones m\u00e1s emocionantes de la escena musical actual.<\/p>\n\n\n\n<p><a href=\"https:\/\/www.facebook.com\/hashtag\/theguapos?__eep__=6&amp;__cft__[0]=AZXrEAWBpUIgBG_s6NIZGFQdk7V6fRVqGf6UZscxHx1Y1DosiQea8TEALa7LJgmYsmKyQlmMVUeFaV9UynMDcSXzi-e5Q6AkZ3YFnerJ5aOMV1NJkOyOe72Zs7-6xH0AZvtsc9l-m77rfVlKFkJMQ7ZL&amp;__tn__=*NK-R\">#TheGuapos<\/a><\/p>\n\n\n\n<p><a href=\"https:\/\/www.facebook.com\/hashtag\/jaydelacueva?__eep__=6&amp;__cft__[0]=AZXrEAWBpUIgBG_s6NIZGFQdk7V6fRVqGf6UZscxHx1Y1DosiQea8TEALa7LJgmYsmKyQlmMVUeFaV9UynMDcSXzi-e5Q6AkZ3YFnerJ5aOMV1NJkOyOe72Zs7-6xH0AZvtsc9l-m77rfVlKFkJMQ7ZL&amp;__tn__=*NK-R\">#jaydelacueva<\/a><\/p>\n\n\n\n<p><a href=\"https:\/\/www.facebook.com\/hashtag\/vivelatino?__eep__=6&amp;__cft__[0]=AZXrEAWBpUIgBG_s6NIZGFQdk7V6fRVqGf6UZscxHx1Y1DosiQea8TEALa7LJgmYsmKyQlmMVUeFaV9UynMDcSXzi-e5Q6AkZ3YFnerJ5aOMV1NJkOyOe72Zs7-6xH0AZvtsc9l-m77rfVlKFkJMQ7ZL&amp;__tn__=*NK-R\">#ViveLatino<\/a><\/p>\n\n\n\n<p><a href=\"https:\/\/www.facebook.com\/hashtag\/vivelatino2025?__eep__=6&amp;__cft__[0]=AZXrEAWBpUIgBG_s6NIZGFQdk7V6fRVqGf6UZscxHx1Y1DosiQea8TEALa7LJgmYsmKyQlmMVUeFaV9UynMDcSXzi-e5Q6AkZ3YFnerJ5aOMV1NJkOyOe72Zs7-6xH0AZvtsc9l-m77rfVlKFkJMQ7ZL&amp;__tn__=*NK-R\">#ViveLatino2025<\/a><\/p>\n\n\n\n<p><a href=\"https:\/\/www.facebook.com\/hashtag\/estadiognpseguros?__eep__=6&amp;__cft__[0]=AZXrEAWBpUIgBG_s6NIZGFQdk7V6fRVqGf6UZscxHx1Y1DosiQea8TEALa7LJgmYsmKyQlmMVUeFaV9UynMDcSXzi-e5Q6AkZ3YFnerJ5aOMV1NJkOyOe72Zs7-6xH0AZvtsc9l-m77rfVlKFkJMQ7ZL&amp;__tn__=*NK-R\">#EstadioGNPSeguros<\/a><\/p>\n\n\n\n<p><a href=\"https:\/\/www.facebook.com\/hashtag\/ocesa?__eep__=6&amp;__cft__[0]=AZXrEAWBpUIgBG_s6NIZGFQdk7V6fRVqGf6UZscxHx1Y1DosiQea8TEALa7LJgmYsmKyQlmMVUeFaV9UynMDcSXzi-e5Q6AkZ3YFnerJ5aOMV1NJkOyOe72Zs7-6xH0AZvtsc9l-m77rfVlKFkJMQ7ZL&amp;__tn__=*NK-R\">#OCESA<\/a><\/p>\n\n\n\n<p><a href=\"https:\/\/www.facebook.com\/hashtag\/ticketmaster?__eep__=6&amp;__cft__[0]=AZXrEAWBpUIgBG_s6NIZGFQdk7V6fRVqGf6UZscxHx1Y1DosiQea8TEALa7LJgmYsmKyQlmMVUeFaV9UynMDcSXzi-e5Q6AkZ3YFnerJ5aOMV1NJkOyOe72Zs7-6xH0AZvtsc9l-m77rfVlKFkJMQ7ZL&amp;__tn__=*NK-R\">#ticketmaster<\/a><\/p>\n\n\n\n<p><a href=\"https:\/\/www.facebook.com\/hashtag\/bitacoracdmx?__eep__=6&amp;__cft__[0]=AZXrEAWBpUIgBG_s6NIZGFQdk7V6fRVqGf6UZscxHx1Y1DosiQea8TEALa7LJgmYsmKyQlmMVUeFaV9UynMDcSXzi-e5Q6AkZ3YFnerJ5aOMV1NJkOyOe72Zs7-6xH0AZvtsc9l-m77rfVlKFkJMQ7ZL&amp;__tn__=*NK-R\">#bitacoracdmx<\/a><\/p>\n\n\n\n<p><a href=\"https:\/\/www.facebook.com\/hashtag\/cdmx?__eep__=6&amp;__cft__[0]=AZXrEAWBpUIgBG_s6NIZGFQdk7V6fRVqGf6UZscxHx1Y1DosiQea8TEALa7LJgmYsmKyQlmMVUeFaV9UynMDcSXzi-e5Q6AkZ3YFnerJ5aOMV1NJkOyOe72Zs7-6xH0AZvtsc9l-m77rfVlKFkJMQ7ZL&amp;__tn__=*NK-R\">#CDMX<\/a><\/p>\n","protected":false},"excerpt":{"rendered":"<p>Por: Jorge Yeicatl\/ @Jorge_Yeicatl \/ @desconocido_tour Foto: Jorge Yeicatl\/ @Jorge_Yeicatl \/ @desconocido_tour El Festival Vive Latino 2025, que celebrar\u00e1 su 25\u00aa edici\u00f3n los d\u00edas 15 y 16 de marzo en el Estadio GNP Seguros de la Ciudad de M\u00e9xico, contar\u00e1 con la participaci\u00f3n de &#8220;The Guapos&#8221;, una super banda que ha generado gran expectaci\u00f3n en la escena musical actual. Su participaci\u00f3n es especialmente significativa, ya que el festival combina leyendas de la m\u00fasica y nuevas propuestas, compartiendo escenario con artistas de la talla de Scorpions, Caifanes, Zo\u00e9 y Molotov. El pasado 21 de febrero, la agrupaci\u00f3n conformada por Jay de [&hellip;]<\/p>\n","protected":false},"author":1,"featured_media":60574,"comment_status":"closed","ping_status":"closed","sticky":false,"template":"","format":"standard","meta":{"footnotes":""},"categories":[9,11],"tags":[],"_links":{"self":[{"href":"https:\/\/www.bitacoracdmx.com\/index.php?rest_route=\/wp\/v2\/posts\/60573"}],"collection":[{"href":"https:\/\/www.bitacoracdmx.com\/index.php?rest_route=\/wp\/v2\/posts"}],"about":[{"href":"https:\/\/www.bitacoracdmx.com\/index.php?rest_route=\/wp\/v2\/types\/post"}],"author":[{"embeddable":true,"href":"https:\/\/www.bitacoracdmx.com\/index.php?rest_route=\/wp\/v2\/users\/1"}],"replies":[{"embeddable":true,"href":"https:\/\/www.bitacoracdmx.com\/index.php?rest_route=%2Fwp%2Fv2%2Fcomments&post=60573"}],"version-history":[{"count":1,"href":"https:\/\/www.bitacoracdmx.com\/index.php?rest_route=\/wp\/v2\/posts\/60573\/revisions"}],"predecessor-version":[{"id":60575,"href":"https:\/\/www.bitacoracdmx.com\/index.php?rest_route=\/wp\/v2\/posts\/60573\/revisions\/60575"}],"wp:featuredmedia":[{"embeddable":true,"href":"https:\/\/www.bitacoracdmx.com\/index.php?rest_route=\/wp\/v2\/media\/60574"}],"wp:attachment":[{"href":"https:\/\/www.bitacoracdmx.com\/index.php?rest_route=%2Fwp%2Fv2%2Fmedia&parent=60573"}],"wp:term":[{"taxonomy":"category","embeddable":true,"href":"https:\/\/www.bitacoracdmx.com\/index.php?rest_route=%2Fwp%2Fv2%2Fcategories&post=60573"},{"taxonomy":"post_tag","embeddable":true,"href":"https:\/\/www.bitacoracdmx.com\/index.php?rest_route=%2Fwp%2Fv2%2Ftags&post=60573"}],"curies":[{"name":"wp","href":"https:\/\/api.w.org\/{rel}","templated":true}]}}