{"id":60579,"date":"2025-02-24T04:53:08","date_gmt":"2025-02-24T04:53:08","guid":{"rendered":"https:\/\/www.bitacoracdmx.com\/?p=60579"},"modified":"2025-02-24T04:53:12","modified_gmt":"2025-02-24T04:53:12","slug":"la-fonoteca-nacional-integra-a-su-acervo-la-discografia-completa-de-troker","status":"publish","type":"post","link":"https:\/\/www.bitacoracdmx.com\/?p=60579","title":{"rendered":"La FONOTECA NACIONAL integra a su acervo la DISCOGRAF\u00cdA COMPLETA de TROKER\u00a0\u00a0"},"content":{"rendered":"\n<p><\/p>\n\n\n\n<p>REDACCI\u00d3N<\/p>\n\n\n\n<ul>\n<li><strong>Para celebrar la trayectoria de la banda, dedicada al jazz y el rock<\/strong><strong>, <\/strong><strong>se organiz\u00f3 una sesi\u00f3n especial de escucha&nbsp;<\/strong>&nbsp;<\/li>\n<\/ul>\n\n\n\n<ul>\n<li><strong>Con nueve \u00e1lbumes, la agrupaci\u00f3n se ha presentado en importantes escenarios a nivel nacional e internacional como Festival Wassermusik, \u00a1Jazzahead!, Festival SXSW, Vive Latino y Glastonbury<\/strong>&nbsp;<\/li>\n<\/ul>\n\n\n\n<p>La Fonoteca Nacional, instituci\u00f3n de la Secretar\u00eda de Cultura del Gobierno de M\u00e9xico, integr\u00f3 a su acervo la discograf\u00eda completa de la banda tapat\u00eda Troker, que hace la donaci\u00f3n como parte de las celebraciones por sus 20 a\u00f1os de trayectoria y como un compromiso con la preservaci\u00f3n del patrimonio sonoro de nuestro pa\u00eds.&nbsp;<\/p>\n\n\n\n<p>Fue durante \u201cTroker XX a\u00f1os\u201d, una sesi\u00f3n de escucha organizada por la Fonoteca Nacional en colaboraci\u00f3n con el Festival M Jazz, la noche del jueves 20 de febrero de 2025, que los integrantes fundadores \u2013Samo Gonz\u00e1lez y Frankie Mares\u2013 formalizaron la donaci\u00f3n de sus \u00e1lbumes \u201cJazz Vinil\u201d, \u201cEl rey del camino\u201d, \u201cCrimen Sonoro\u201d, \u201c1919 M\u00fasica para cine\u201d e \u201cImperfecto\u201d, entre otros.&nbsp;<\/p>\n\n\n\n<p>Para el director de la Fonoteca Nacional, Francisco\u202fJavier\u202fRivas\u202fMesa, las sesiones de escucha son importantes porque permiten hablar y conocer m\u00e1s de lo que llamamos la cultura sonora en M\u00e9xico. \u201cSon todas esas expresiones que a trav\u00e9s del sonido forman objetos culturales y en ellos podemos identificar lo que conocemos como patrimonio, como herencia\u201d, expres\u00f3 Rivas.&nbsp;<\/p>\n\n\n\n<p>Sobre la donaci\u00f3n de Troker y la sesi\u00f3n de escucha \u2013que ahora resguarda la Fonoteca Nacional, junto a otras de artistas como Agust\u00edn Lara y \u00d3scar Ch\u00e1vez\u2013 coment\u00f3: \u201cLa manera en que lo hacemos es a trav\u00e9s de coleccionar grabaciones que dan registro de esas expresiones vivas y ef\u00edmeras que quedan congeladas. Permiten que muchos a\u00f1os despu\u00e9s, en otras latitudes puedan volverse a escuchar\u201d.&nbsp;<\/p>\n\n\n\n<p>En la mesa moderada por Omar Morales y \u00d3scar Adad, los integrantes fundadores de Troker hablaron, entre muchos otros temas, de sus inicios en la m\u00fasica, su primera grabaci\u00f3n de la mano de Azul Violeta, su origen como banda junto a la concepci\u00f3n de un estilo siempre marcado por la constante exploraci\u00f3n e innovaci\u00f3n musical a trav\u00e9s del jazz y el rock.&nbsp;&nbsp;<\/p>\n\n\n\n<p>\u201cNos va a gustar mucho que en a\u00f1os m\u00e1s adelante la gente logre escucharlo y catar un poco de esa esencia del sue\u00f1o de unas personas de hacer m\u00fasica a contracorriente\u201d, confi\u00f3 Frankie sobre el poder que pueden tener estas sesiones en generaciones futuras.&nbsp;<\/p>\n\n\n\n<p>A su vez, Samo, dijo: \u201cHicimos lo que nos sal\u00eda del alma, mucho jazz y muchos blues\u2026 Hemos hecho la m\u00fasica pensando en nosotros, en lo que nos gusta, en lo que nos emociona y lo que nos mueve. Esperemos que los amigos que escuchen esto en 2125 puedan conectar tambi\u00e9n con la m\u00fasica que se hac\u00eda en esta \u00e9poca en M\u00e9xico\u201d.&nbsp;&nbsp;<\/p>\n\n\n\n<p>Troker ha trascendido fronteras pues se ha presentado en los escenarios m\u00e1s importantes de rock, jazz y m\u00fasica independiente a nivel internacional como el Festival Wassermusik, Jazzahead!, Festival SXSW, WOMEX, Festival Jazz al Parque, Festival 212, Vive Latino, el Festival Glastonbury, en dos ocasiones, y una serie de conciertos Tiny Desk de National Public Record (NPR), adem\u00e1s de ser merecedores de diversos galardones como el Premio Minervas de Trayectoria 2022 y el Indie-O Music Awards (IMAS).\u00a0<\/p>\n\n\n\n<p><a href=\"https:\/\/www.facebook.com\/hashtag\/troker?__eep__=6&amp;__cft__[0]=AZWMs6jEbUFNb8tBl5d-vhgrQGClj3Ue4dkq1qn0ZlMyR-Vk_NqxbaNShb6PoRbfdhJhaDgzd_2C3dHibVXgmkkT_XXBnQMBbx7YSDx84p8lWhvBwtJ8oqr_TKhu5NxraOmGAiZw1Yfru2s0P3UvY9hJ&amp;__tn__=*NK-R\">#troker<\/a><\/p>\n\n\n\n<p><a href=\"https:\/\/www.facebook.com\/hashtag\/fonotecanacional?__eep__=6&amp;__cft__[0]=AZWMs6jEbUFNb8tBl5d-vhgrQGClj3Ue4dkq1qn0ZlMyR-Vk_NqxbaNShb6PoRbfdhJhaDgzd_2C3dHibVXgmkkT_XXBnQMBbx7YSDx84p8lWhvBwtJ8oqr_TKhu5NxraOmGAiZw1Yfru2s0P3UvY9hJ&amp;__tn__=*NK-R\">#FonotecaNacional<\/a><\/p>\n\n\n\n<p><a href=\"https:\/\/www.facebook.com\/hashtag\/secretariadecultura?__eep__=6&amp;__cft__[0]=AZWMs6jEbUFNb8tBl5d-vhgrQGClj3Ue4dkq1qn0ZlMyR-Vk_NqxbaNShb6PoRbfdhJhaDgzd_2C3dHibVXgmkkT_XXBnQMBbx7YSDx84p8lWhvBwtJ8oqr_TKhu5NxraOmGAiZw1Yfru2s0P3UvY9hJ&amp;__tn__=*NK-R\">#secretariadecultura<\/a><\/p>\n\n\n\n<p><a href=\"https:\/\/www.facebook.com\/hashtag\/gobiernodemexico?__eep__=6&amp;__cft__[0]=AZWMs6jEbUFNb8tBl5d-vhgrQGClj3Ue4dkq1qn0ZlMyR-Vk_NqxbaNShb6PoRbfdhJhaDgzd_2C3dHibVXgmkkT_XXBnQMBbx7YSDx84p8lWhvBwtJ8oqr_TKhu5NxraOmGAiZw1Yfru2s0P3UvY9hJ&amp;__tn__=*NK-R\">#GobiernodeMexico<\/a><\/p>\n\n\n\n<p><a href=\"https:\/\/www.facebook.com\/hashtag\/bitacoracdmx?__eep__=6&amp;__cft__[0]=AZWMs6jEbUFNb8tBl5d-vhgrQGClj3Ue4dkq1qn0ZlMyR-Vk_NqxbaNShb6PoRbfdhJhaDgzd_2C3dHibVXgmkkT_XXBnQMBbx7YSDx84p8lWhvBwtJ8oqr_TKhu5NxraOmGAiZw1Yfru2s0P3UvY9hJ&amp;__tn__=*NK-R\">#bitacoracdmx<\/a><\/p>\n","protected":false},"excerpt":{"rendered":"<p>REDACCI\u00d3N La Fonoteca Nacional, instituci\u00f3n de la Secretar\u00eda de Cultura del Gobierno de M\u00e9xico, integr\u00f3 a su acervo la discograf\u00eda completa de la banda tapat\u00eda Troker, que hace la donaci\u00f3n como parte de las celebraciones por sus 20 a\u00f1os de trayectoria y como un compromiso con la preservaci\u00f3n del patrimonio sonoro de nuestro pa\u00eds.&nbsp; Fue durante \u201cTroker XX a\u00f1os\u201d, una sesi\u00f3n de escucha organizada por la Fonoteca Nacional en colaboraci\u00f3n con el Festival M Jazz, la noche del jueves 20 de febrero de 2025, que los integrantes fundadores \u2013Samo Gonz\u00e1lez y Frankie Mares\u2013 formalizaron la donaci\u00f3n de sus \u00e1lbumes \u201cJazz [&hellip;]<\/p>\n","protected":false},"author":1,"featured_media":60580,"comment_status":"closed","ping_status":"closed","sticky":false,"template":"","format":"standard","meta":{"footnotes":""},"categories":[9,11],"tags":[],"_links":{"self":[{"href":"https:\/\/www.bitacoracdmx.com\/index.php?rest_route=\/wp\/v2\/posts\/60579"}],"collection":[{"href":"https:\/\/www.bitacoracdmx.com\/index.php?rest_route=\/wp\/v2\/posts"}],"about":[{"href":"https:\/\/www.bitacoracdmx.com\/index.php?rest_route=\/wp\/v2\/types\/post"}],"author":[{"embeddable":true,"href":"https:\/\/www.bitacoracdmx.com\/index.php?rest_route=\/wp\/v2\/users\/1"}],"replies":[{"embeddable":true,"href":"https:\/\/www.bitacoracdmx.com\/index.php?rest_route=%2Fwp%2Fv2%2Fcomments&post=60579"}],"version-history":[{"count":1,"href":"https:\/\/www.bitacoracdmx.com\/index.php?rest_route=\/wp\/v2\/posts\/60579\/revisions"}],"predecessor-version":[{"id":60581,"href":"https:\/\/www.bitacoracdmx.com\/index.php?rest_route=\/wp\/v2\/posts\/60579\/revisions\/60581"}],"wp:featuredmedia":[{"embeddable":true,"href":"https:\/\/www.bitacoracdmx.com\/index.php?rest_route=\/wp\/v2\/media\/60580"}],"wp:attachment":[{"href":"https:\/\/www.bitacoracdmx.com\/index.php?rest_route=%2Fwp%2Fv2%2Fmedia&parent=60579"}],"wp:term":[{"taxonomy":"category","embeddable":true,"href":"https:\/\/www.bitacoracdmx.com\/index.php?rest_route=%2Fwp%2Fv2%2Fcategories&post=60579"},{"taxonomy":"post_tag","embeddable":true,"href":"https:\/\/www.bitacoracdmx.com\/index.php?rest_route=%2Fwp%2Fv2%2Ftags&post=60579"}],"curies":[{"name":"wp","href":"https:\/\/api.w.org\/{rel}","templated":true}]}}