{"id":60582,"date":"2025-02-24T05:02:09","date_gmt":"2025-02-24T05:02:09","guid":{"rendered":"https:\/\/www.bitacoracdmx.com\/?p=60582"},"modified":"2025-02-24T05:02:13","modified_gmt":"2025-02-24T05:02:13","slug":"la-ira-de-narciso-thriller-teatral-que-desafia-la-realidad-y-la-identidad","status":"publish","type":"post","link":"https:\/\/www.bitacoracdmx.com\/?p=60582","title":{"rendered":"La IRA DE NARCISO, THRILLER TEATRAL que DESAF\u00cdA la REALIDAD y la IDENTIDAD\u00a0"},"content":{"rendered":"\n<p><\/p>\n\n\n\n<p>REDACCI\u00d3N<\/p>\n\n\n\n<ul>\n<li><strong>Autor\u00eda de Sergio Blanco, direcci\u00f3n de Boris Schoemann y actuaci\u00f3n de Cristian Magaloni, la propuesta combina autoficci\u00f3n, humor negro y profundidad filos\u00f3fica<\/strong>&nbsp;<\/li>\n<\/ul>\n\n\n\n<ul>\n<li><strong>Se presenta hasta el 9 de marzo de 2025 en el Teatro El Granero Xavier Rojas<\/strong>&nbsp;<\/li>\n<\/ul>\n\n\n\n<p>La Secretar\u00eda de Cultura del Gobierno de M\u00e9xico y el Instituto Nacional de Bellas Artes y Literatura (INBAL), a trav\u00e9s de la Coordinaci\u00f3n Nacional de Teatro, presentan <em>La ira de Narciso<\/em>, una puesta en escena del dramaturgo franco-uruguayo Sergio Blanco, que regresa a los escenarios bajo la direcci\u00f3n de Boris Schoemann y la actuaci\u00f3n de Cristian Magaloni.&nbsp;&nbsp;<\/p>\n\n\n\n<p>El montaje invita a adentrarse en un universo en el que la realidad y la ficci\u00f3n se entrelazan a trav\u00e9s de un mon\u00f3logo que combina suspenso, humor negro y reflexiones filos\u00f3ficas que desaf\u00edan la percepci\u00f3n del p\u00fablico.&nbsp;&nbsp;<\/p>\n\n\n\n<p>La historia, que se presenta hasta el 9 de marzo de 2025 en el\u202fTeatro El Granero Xavier Rojas del Centro Cultural del Bosque, recorre la experiencia de un escritor invitado a dar una conferencia en la ciudad de Liubliana, Eslovenia, titulada\u202f&#8221;La mirada po\u00e9tica en Narciso y la transformaci\u00f3n de lo real&#8221;.&nbsp;&nbsp;<\/p>\n\n\n\n<p>Sin embargo, su estancia en la habitaci\u00f3n 228 de un hotel se ve trastornada por una espiral de obsesi\u00f3n y misterio, derivada de la aparici\u00f3n de manchas de sangre, que sugieren la escena de un crimen, as\u00ed como de su relaci\u00f3n apasionada con un joven esloveno cuya presencia se vuelve cada vez m\u00e1s intrigante, sumergi\u00e9ndolo en un estado de paranoia creciente.&nbsp;<\/p>\n\n\n\n<p>Conforme avanza la trama, la l\u00ednea entre la realidad y la ficci\u00f3n se desdibuja, el&nbsp; protagonista y el p\u00fablico quedan atrapados en un juego de espejos narrativos.&nbsp;<\/p>\n\n\n\n<p>El director Boris Schoemann comparte su visi\u00f3n sobre la puesta en escena: \u201cEn un espacio sencillo, un actor se pone en la piel de Sergio Blanco, y es tan bello poder trabajar un texto as\u00ed, donde todo va, poquito a poquito, arm\u00e1ndose dentro de este <em>thriller<\/em> que es a la vez \u2018intelectualoide\u2019, pornogr\u00e1fico y de todo un poco, lo cual es bastante seductor. Esto permite atrapar al p\u00fablico y sostener un texto de hora y media de duraci\u00f3n\u201d.&nbsp;<\/p>\n\n\n\n<p><strong>Un montaje hipn\u00f3tico y desafiante<\/strong>&nbsp;<\/p>\n\n\n\n<p>Bajo la producci\u00f3n de Alejandra Ramos, con asesor\u00eda en vestuario de Pilar Boliver y la participaci\u00f3n de las compa\u00f1\u00edas\u202fLos Endebles\u202fy<em>\u202f<\/em>Teatro en una C\u00e1scara de Nuez<em>,\u202fLa ira de Narciso\u202f<\/em>se distingue por su est\u00e9tica minimalista, que permite al actor que se apropie por completo del escenario con su presencia y su narraci\u00f3n.&nbsp;&nbsp;<\/p>\n\n\n\n<p>La m\u00fasica desempe\u00f1a un papel fundamental en la atm\u00f3sfera de la pieza, que incluye algunas <em>suites<\/em> para violonchelo, de Johann Sebastian Bach, as\u00ed como canciones de Raphael y David Bowie, que potencian la sensaci\u00f3n de misterio y deseo que impregna la trama.&nbsp;&nbsp;<\/p>\n\n\n\n<p>Schoemann destaca la riqueza del texto y el desaf\u00edo de llevarlo a escena:&nbsp;<br>\u201cEl mayor reto en la direcci\u00f3n es justamente crear la relaci\u00f3n con el actor, que no solo est\u00e9 narrando o comentando, sino que cada momento tenga su fuerza dram\u00e1tica, sensible, divertida, porque hay muchas cosas muy distintas.&nbsp;&nbsp;<\/p>\n\n\n\n<p>\u201cEs toda una reflexi\u00f3n sobre el ser humano, trascender en el arte, miles de cosas que nos ata\u00f1en a todos, no \u00fanicamente a los sesudos como el personaje. Eso creo que es lo m\u00e1s dif\u00edcil: encontrar esta justa progresi\u00f3n para que todo est\u00e9 en su lugar, aunque hay que ir adaptando en funci\u00f3n de lo que pasa en escena y de la relaci\u00f3n con el p\u00fablico\u201d,<em>\u202f<\/em>concluye el director.&nbsp;<\/p>\n\n\n\n<p>La propuesta es un <em>thriller<\/em> teatral, as\u00ed como un juego intelectual, una exploraci\u00f3n de los deseos m\u00e1s profundos y una reflexi\u00f3n sobre c\u00f3mo construimos nuestra propia realidad.&nbsp;&nbsp;<\/p>\n\n\n\n<p><em>La ira de Narciso<\/em> se presenta hasta el 9 de marzo\u202fde 2025 en el<strong>\u202f<\/strong>Teatro El Granero Xavier Rojas del Centro Cultural del Bosque.\u00a0<\/p>\n\n\n\n<p><a href=\"https:\/\/www.facebook.com\/hashtag\/lairadenarciso?__eep__=6&amp;__cft__[0]=AZUGIiU9fJEKtT_hLaNpJSyap3KKiL-BTy0WY3Mtt_8K6b5I-JT2_VXsufLqzib93HG5vEPX0Hjn8PnkFW0yrcUl6svf5VuJ9FjJTBfMbL9IaM33VAFDsn_Ro7BP1u299nsvsTO8dZmBblXdK5vsFjfp&amp;__tn__=*NK-R\">#lairadeNarciso<\/a><\/p>\n\n\n\n<p><a href=\"https:\/\/www.facebook.com\/hashtag\/teatroelgranero?__eep__=6&amp;__cft__[0]=AZUGIiU9fJEKtT_hLaNpJSyap3KKiL-BTy0WY3Mtt_8K6b5I-JT2_VXsufLqzib93HG5vEPX0Hjn8PnkFW0yrcUl6svf5VuJ9FjJTBfMbL9IaM33VAFDsn_Ro7BP1u299nsvsTO8dZmBblXdK5vsFjfp&amp;__tn__=*NK-R\">#TeatroElGranero<\/a><\/p>\n\n\n\n<p><a href=\"https:\/\/www.facebook.com\/hashtag\/centroculturaldelbosque?__eep__=6&amp;__cft__[0]=AZUGIiU9fJEKtT_hLaNpJSyap3KKiL-BTy0WY3Mtt_8K6b5I-JT2_VXsufLqzib93HG5vEPX0Hjn8PnkFW0yrcUl6svf5VuJ9FjJTBfMbL9IaM33VAFDsn_Ro7BP1u299nsvsTO8dZmBblXdK5vsFjfp&amp;__tn__=*NK-R\">#CentroCulturalDelBosque<\/a><\/p>\n\n\n\n<p><a href=\"https:\/\/www.facebook.com\/hashtag\/bitacoracdmx?__eep__=6&amp;__cft__[0]=AZUGIiU9fJEKtT_hLaNpJSyap3KKiL-BTy0WY3Mtt_8K6b5I-JT2_VXsufLqzib93HG5vEPX0Hjn8PnkFW0yrcUl6svf5VuJ9FjJTBfMbL9IaM33VAFDsn_Ro7BP1u299nsvsTO8dZmBblXdK5vsFjfp&amp;__tn__=*NK-R\">#bitacoracdmx<\/a><\/p>\n\n\n\n<p><a href=\"https:\/\/www.facebook.com\/hashtag\/cdmx?__eep__=6&amp;__cft__[0]=AZUGIiU9fJEKtT_hLaNpJSyap3KKiL-BTy0WY3Mtt_8K6b5I-JT2_VXsufLqzib93HG5vEPX0Hjn8PnkFW0yrcUl6svf5VuJ9FjJTBfMbL9IaM33VAFDsn_Ro7BP1u299nsvsTO8dZmBblXdK5vsFjfp&amp;__tn__=*NK-R\">#CDMX<\/a><\/p>\n","protected":false},"excerpt":{"rendered":"<p>REDACCI\u00d3N La Secretar\u00eda de Cultura del Gobierno de M\u00e9xico y el Instituto Nacional de Bellas Artes y Literatura (INBAL), a trav\u00e9s de la Coordinaci\u00f3n Nacional de Teatro, presentan La ira de Narciso, una puesta en escena del dramaturgo franco-uruguayo Sergio Blanco, que regresa a los escenarios bajo la direcci\u00f3n de Boris Schoemann y la actuaci\u00f3n de Cristian Magaloni.&nbsp;&nbsp; El montaje invita a adentrarse en un universo en el que la realidad y la ficci\u00f3n se entrelazan a trav\u00e9s de un mon\u00f3logo que combina suspenso, humor negro y reflexiones filos\u00f3ficas que desaf\u00edan la percepci\u00f3n del p\u00fablico.&nbsp;&nbsp; La historia, que se presenta [&hellip;]<\/p>\n","protected":false},"author":1,"featured_media":60583,"comment_status":"closed","ping_status":"closed","sticky":false,"template":"","format":"standard","meta":{"footnotes":""},"categories":[9,14],"tags":[],"_links":{"self":[{"href":"https:\/\/www.bitacoracdmx.com\/index.php?rest_route=\/wp\/v2\/posts\/60582"}],"collection":[{"href":"https:\/\/www.bitacoracdmx.com\/index.php?rest_route=\/wp\/v2\/posts"}],"about":[{"href":"https:\/\/www.bitacoracdmx.com\/index.php?rest_route=\/wp\/v2\/types\/post"}],"author":[{"embeddable":true,"href":"https:\/\/www.bitacoracdmx.com\/index.php?rest_route=\/wp\/v2\/users\/1"}],"replies":[{"embeddable":true,"href":"https:\/\/www.bitacoracdmx.com\/index.php?rest_route=%2Fwp%2Fv2%2Fcomments&post=60582"}],"version-history":[{"count":1,"href":"https:\/\/www.bitacoracdmx.com\/index.php?rest_route=\/wp\/v2\/posts\/60582\/revisions"}],"predecessor-version":[{"id":60584,"href":"https:\/\/www.bitacoracdmx.com\/index.php?rest_route=\/wp\/v2\/posts\/60582\/revisions\/60584"}],"wp:featuredmedia":[{"embeddable":true,"href":"https:\/\/www.bitacoracdmx.com\/index.php?rest_route=\/wp\/v2\/media\/60583"}],"wp:attachment":[{"href":"https:\/\/www.bitacoracdmx.com\/index.php?rest_route=%2Fwp%2Fv2%2Fmedia&parent=60582"}],"wp:term":[{"taxonomy":"category","embeddable":true,"href":"https:\/\/www.bitacoracdmx.com\/index.php?rest_route=%2Fwp%2Fv2%2Fcategories&post=60582"},{"taxonomy":"post_tag","embeddable":true,"href":"https:\/\/www.bitacoracdmx.com\/index.php?rest_route=%2Fwp%2Fv2%2Ftags&post=60582"}],"curies":[{"name":"wp","href":"https:\/\/api.w.org\/{rel}","templated":true}]}}