{"id":60585,"date":"2025-02-24T05:15:37","date_gmt":"2025-02-24T05:15:37","guid":{"rendered":"https:\/\/www.bitacoracdmx.com\/?p=60585"},"modified":"2025-02-24T05:15:39","modified_gmt":"2025-02-24T05:15:39","slug":"radio-educacion-lanza-la-convocatoria-nimbee","status":"publish","type":"post","link":"https:\/\/www.bitacoracdmx.com\/?p=60585","title":{"rendered":"RADIO EDUCACI\u00d3N lanza la convocatoria NIMBE\u00cb\u00a0"},"content":{"rendered":"\n<p><\/p>\n\n\n\n<p>REDACCI\u00d3N<\/p>\n\n\n\n<ul>\n<li><strong>La iniciativa tiene como finalidad apoyar a m\u00fasicos y agrupaciones con la grabaci\u00f3n de sus producciones discogr\u00e1ficas<\/strong>&nbsp;<\/li>\n<\/ul>\n\n\n\n<ul>\n<li><strong>El presente a\u00f1o se incluye una categor\u00eda especial: \u201cUn rock por Marcial\u201d<\/strong>&nbsp;<\/li>\n<\/ul>\n\n\n\n<ul>\n<li><strong>En la conmemoraci\u00f3n se relanz\u00f3 el disco \u201cCreaci\u00f3n musical en lenguas originarias\u201d, que la radiodifusora hizo en colaboraci\u00f3n con el CIESAS<\/strong>&nbsp;<\/li>\n<\/ul>\n\n\n\n<p>Radio Educaci\u00f3n, instituci\u00f3n de la Secretar\u00eda del Gobierno de M\u00e9xico, celebr\u00f3 hoy, viernes 21 de febrero de 2025, el D\u00eda Internacional de la Lengua Materna con el lanzamiento de la Convocatoria Nimbe\u00eb 2025, la presentaci\u00f3n de la reedici\u00f3n del disco \u201cCreaci\u00f3n Musical en Lenguas Originarias\u201d y un especial recital por parte de Julio Vallejo, quien interpret\u00f3 en lengua diidxaz\u00e1 (tambi\u00e9n conocido como idioma nube), piezas de Marcial Alejandro, y la participaci\u00f3n de C\u00e9sar Ant\u00fanez <em>\u201cMixe Represent\u201d<\/em>, un m\u00fasico de rap en lengua ayuujk y el Tr\u00edo Eyix\u00f3chitl, int\u00e9rpretes de son huasteco en n\u00e1huatl.&nbsp;<\/p>\n\n\n\n<p>En el acto, se dio la apertura de la Convocatoria Nimbe\u00eb, que ofrece de manera gratuita la grabaci\u00f3n de audio, edici\u00f3n y mezcla de producciones discogr\u00e1ficas a proyectos originales, solistas o agrupaciones, con la aportaci\u00f3n del uso de los estudios y equipo t\u00e9cnico de Radio Educaci\u00f3n.&nbsp;<\/p>\n\n\n\n<p>\u201cMucha de esta m\u00fasica no es comercial, no tiene cabida en otros espacios, que si no fuera por apoyos como este no se podr\u00eda grabar ni materializar. Lo que genera un impulso a los proyectos musicales, a la cultura de este pa\u00eds y a los grupos musicales\u201d, asegur\u00f3 el coordinador de Nimbe\u00eb, Luis Felipe Oropeza.&nbsp;<\/p>\n\n\n\n<p>Indic\u00f3 que el certamen est\u00e1 abierto para todo el crisol de g\u00e9neros que se desarrollan en el pa\u00eds e invit\u00f3 a escuchar la discograf\u00eda que se ha grabado gracias a Nimbe\u00eb y que se encuentra en la p\u00e1gina de Radio Educaci\u00f3n; hay rock, reggae, soundpainting, poes\u00eda musicalizada, free jazz, m\u00fasica infantil y m\u00e1s.&nbsp;<\/p>\n\n\n\n<p>\u201cEl beneficio real es para las audiencias, para la gente que puede acceder a estas m\u00fasicas que son diferentes y que tienen algo que decirle\u201d, afirm\u00f3 Oropeza.&nbsp;<\/p>\n\n\n\n<p>A su vez, el presidente de la Iniciativa Marcial Alejandro e hijo del compositor, Marcial Romo, inform\u00f3 que el presente a\u00f1o Nimbe\u00eb contar\u00e1 con la categor\u00eda especial \u201cUn rock por Marcial\u201d.&nbsp;<\/p>\n\n\n\n<p>\u201cEs un concurso en el que la m\u00fasica y la pasi\u00f3n por el rock se unen en una propuesta emocionante, \u2018Un rock por Marcial\u2019 es la oportunidad para que bandas y grupos de rock de todos los rincones participen en una competencia especial en la que tendr\u00e1n que interpretar una de las canciones de Marcial Alejandro, pero con un toque \u00fanico\u201d, expres\u00f3 Romo.&nbsp;&nbsp;<\/p>\n\n\n\n<p>Adelant\u00f3 que el primer lugar del concurso se ganar\u00e1 la grabaci\u00f3n de un \u00e1lbum que contar\u00e1 con distribuci\u00f3n de una disquera, el segundo lugar grabar\u00e1 tres sencillos y el tercer lugar lo podr\u00e1 hacer con dos canciones.&nbsp;&nbsp;<\/p>\n\n\n\n<p>La directora general de Radio Educaci\u00f3n, Fernanda Tapia Canovi, se\u00f1al\u00f3 que el merecido homenaje a Marcial Alejandro tambi\u00e9n se enmarca en el centenario de la radiodifusora, a la que el compositor perteneci\u00f3 como programador musical, locutor y creador de temas para diferentes programas.&nbsp;<\/p>\n\n\n\n<p>Sobre la convocatoria Nimbe\u00eb, Tapia resalt\u00f3 que los proyectos que ser\u00e1n grabados \u201clos va a elegir un jurado integrado por personal de Radio Educaci\u00f3n y m\u00fasicos notables que aceptan participar solidariamente y que nos han expresado la gran calidad de proyectos que se inscriben.&nbsp;&nbsp;<\/p>\n\n\n\n<p>\u201cInvitamos a todas las personas a que hagan m\u00fasica y a todos estos talentos que requieren apoyo para grabar profesionalmente a que participen. Esta radio es p\u00fablica, es de la ciudadan\u00eda, es de todas, de todos, de todes, y una forma de habitarla es hacerla propia, hacerla muy de nosotros\u201d, expres\u00f3 Fernanda Tapia.&nbsp;&nbsp;<\/p>\n\n\n\n<p><strong>Bases&nbsp;<\/strong>&nbsp;<\/p>\n\n\n\n<p>Las y los m\u00fasicos interesados deber\u00e1n ser de nacionalidad mexicana, en caso de ser una agrupaci\u00f3n 80 por ciento de sus integrantes deben ser mexicanos; \u00fanicamente se podr\u00e1 presentar un proyecto por solista o agrupaci\u00f3n, en este \u00faltimo caso se deber\u00e1 elegir a una persona responsable del registro y otros tr\u00e1mites.&nbsp;&nbsp;<\/p>\n\n\n\n<p>En la categor\u00eda principal solo participar\u00e1n proyectos de m\u00fasica original, es decir, con la calidad de autor, mientras que para la categor\u00eda \u201cUn rock por Marcial\u201d se aceptar\u00e1n \u00fanicamente <em>covers<\/em> de Marcial Alejandro.&nbsp;&nbsp;<\/p>\n\n\n\n<p>Las bases generales de participaci\u00f3n en el proyecto Nimbe\u00eb y el Convenio de Participaci\u00f3n se pueden consultar en la p\u00e1gina de Radio Educaci\u00f3n <a href=\"https:\/\/radioeducacion.edu.mx\/nimbee\" target=\"_blank\" rel=\"noreferrer noopener\">radioeducacion.edu.mx\/nimbee<\/a>.&nbsp;<\/p>\n\n\n\n<p>El periodo para el registro y recepci\u00f3n de proyectos es a partir de hoy, viernes 21 de febrero de 2025, y hasta el mi\u00e9rcoles 30 de abril del a\u00f1o en curso, tiempo que tendr\u00e1n las y los aspirantes para enviar toda la documentaci\u00f3n y materiales requeridos al correo electr\u00f3nico <a href=\"mailto:nimbee@cultura.gob.mx\" target=\"_blank\" rel=\"noreferrer noopener\">nimbee@cultura.gob.mx<\/a>&nbsp;&nbsp;<\/p>\n\n\n\n<p><strong>Lanzamiento de \u201cCreaci\u00f3n musical en lenguas originarias\u201d<\/strong>&nbsp;<\/p>\n\n\n\n<p>Adem\u00e1s de la presentaci\u00f3n de la Convocatoria Nimbe\u00eb 2025, hoy, D\u00eda Internacional de la Lengua Materna, se present\u00f3 la reedici\u00f3n del disco \u201cCreaci\u00f3n musical en lenguas originarias\u201d, que realiz\u00f3 Radio Educaci\u00f3n en colaboraci\u00f3n con Centro de Investigaciones y Estudios Superiores en Antropolog\u00eda Social (CIESAS).&nbsp;&nbsp;<\/p>\n\n\n\n<p>En compa\u00f1\u00eda del coordinador del Laboratorio de Lengua y Cultura del CIESAS, Jos\u00e9 Antonio Flores, Luis Oropeza y Fernanda Tapia invitaron a las y los radioescuchas a consultar el disco en la p\u00e1gina de Radio Educaci\u00f3n <a href=\"https:\/\/radioeducacion.edu.mx\/nimbee\" target=\"_blank\" rel=\"noreferrer noopener\">radioeducacion.edu.mx<\/a>, en el que participaron artistas como C\u00e9sar Ant\u00fanez <em>\u201cMixe Represent\u201d,<\/em> Celerina S\u00e1nchez, V\u00edctor Gali y el Tr\u00edo Eyix\u00f3chitl, el M\u00e1gico Mart\u00edn y Mar\u00eda Reyna, entre otros.&nbsp;&nbsp;<\/p>\n\n\n\n<p>Finalmente, con la presentaci\u00f3n musical de C\u00e9sar Ant\u00fanez <em>\u201cMixe Represent\u201d<\/em>, que interpret\u00f3 rap en la lengua ayuujk, acompa\u00f1ado por V\u00edctor Gally e integrantes de la Escuela de M\u00fasica Euterpe; y el Tr\u00edo Eyix\u00f3chil con son huasteco en n\u00e1huatl, concluy\u00f3 la conmemoraci\u00f3n del D\u00eda Internacional de la Lengua Materna por parte de Radio Educaci\u00f3n.\u00a0\u00a0<\/p>\n\n\n\n<p><a href=\"https:\/\/www.facebook.com\/hashtag\/radioeducacio%CC%81n?__eep__=6&amp;__cft__[0]=AZUVVsKTcaw7GA89hrPEgEoJK7Or87gooDZ9hMLQkgzB4_ZjK8jWwH9IHnK4XnTR6aSLzdv4CiMpYCMEuEPdlxSIhRjByOn_JLSzAdF3e0qmrdb8h5uXEdjQoMi0oM6cobStKHZT0BjFDGYcvdFLFl2X&amp;__tn__=*NK-R\">#radioeducaci\u00f3n<\/a><\/p>\n\n\n\n<p><a href=\"https:\/\/www.facebook.com\/hashtag\/ninbee?__eep__=6&amp;__cft__[0]=AZUVVsKTcaw7GA89hrPEgEoJK7Or87gooDZ9hMLQkgzB4_ZjK8jWwH9IHnK4XnTR6aSLzdv4CiMpYCMEuEPdlxSIhRjByOn_JLSzAdF3e0qmrdb8h5uXEdjQoMi0oM6cobStKHZT0BjFDGYcvdFLFl2X&amp;__tn__=*NK-R\">#ninbee<\/a><\/p>\n\n\n\n<p><a href=\"https:\/\/www.facebook.com\/hashtag\/secretariadecultura?__eep__=6&amp;__cft__[0]=AZUVVsKTcaw7GA89hrPEgEoJK7Or87gooDZ9hMLQkgzB4_ZjK8jWwH9IHnK4XnTR6aSLzdv4CiMpYCMEuEPdlxSIhRjByOn_JLSzAdF3e0qmrdb8h5uXEdjQoMi0oM6cobStKHZT0BjFDGYcvdFLFl2X&amp;__tn__=*NK-R\">#secretariadecultura<\/a><\/p>\n\n\n\n<p><a href=\"https:\/\/www.facebook.com\/hashtag\/gobiernodemexico?__eep__=6&amp;__cft__[0]=AZUVVsKTcaw7GA89hrPEgEoJK7Or87gooDZ9hMLQkgzB4_ZjK8jWwH9IHnK4XnTR6aSLzdv4CiMpYCMEuEPdlxSIhRjByOn_JLSzAdF3e0qmrdb8h5uXEdjQoMi0oM6cobStKHZT0BjFDGYcvdFLFl2X&amp;__tn__=*NK-R\">#GobiernodeMexico<\/a><\/p>\n\n\n\n<p><a href=\"https:\/\/www.facebook.com\/hashtag\/bitacoracdmx?__eep__=6&amp;__cft__[0]=AZUVVsKTcaw7GA89hrPEgEoJK7Or87gooDZ9hMLQkgzB4_ZjK8jWwH9IHnK4XnTR6aSLzdv4CiMpYCMEuEPdlxSIhRjByOn_JLSzAdF3e0qmrdb8h5uXEdjQoMi0oM6cobStKHZT0BjFDGYcvdFLFl2X&amp;__tn__=*NK-R\">#bitacoracdmx<\/a><\/p>\n","protected":false},"excerpt":{"rendered":"<p>REDACCI\u00d3N Radio Educaci\u00f3n, instituci\u00f3n de la Secretar\u00eda del Gobierno de M\u00e9xico, celebr\u00f3 hoy, viernes 21 de febrero de 2025, el D\u00eda Internacional de la Lengua Materna con el lanzamiento de la Convocatoria Nimbe\u00eb 2025, la presentaci\u00f3n de la reedici\u00f3n del disco \u201cCreaci\u00f3n Musical en Lenguas Originarias\u201d y un especial recital por parte de Julio Vallejo, quien interpret\u00f3 en lengua diidxaz\u00e1 (tambi\u00e9n conocido como idioma nube), piezas de Marcial Alejandro, y la participaci\u00f3n de C\u00e9sar Ant\u00fanez \u201cMixe Represent\u201d, un m\u00fasico de rap en lengua ayuujk y el Tr\u00edo Eyix\u00f3chitl, int\u00e9rpretes de son huasteco en n\u00e1huatl.&nbsp; En el acto, se dio la [&hellip;]<\/p>\n","protected":false},"author":1,"featured_media":60586,"comment_status":"closed","ping_status":"closed","sticky":false,"template":"","format":"standard","meta":{"footnotes":""},"categories":[9],"tags":[],"_links":{"self":[{"href":"https:\/\/www.bitacoracdmx.com\/index.php?rest_route=\/wp\/v2\/posts\/60585"}],"collection":[{"href":"https:\/\/www.bitacoracdmx.com\/index.php?rest_route=\/wp\/v2\/posts"}],"about":[{"href":"https:\/\/www.bitacoracdmx.com\/index.php?rest_route=\/wp\/v2\/types\/post"}],"author":[{"embeddable":true,"href":"https:\/\/www.bitacoracdmx.com\/index.php?rest_route=\/wp\/v2\/users\/1"}],"replies":[{"embeddable":true,"href":"https:\/\/www.bitacoracdmx.com\/index.php?rest_route=%2Fwp%2Fv2%2Fcomments&post=60585"}],"version-history":[{"count":1,"href":"https:\/\/www.bitacoracdmx.com\/index.php?rest_route=\/wp\/v2\/posts\/60585\/revisions"}],"predecessor-version":[{"id":60587,"href":"https:\/\/www.bitacoracdmx.com\/index.php?rest_route=\/wp\/v2\/posts\/60585\/revisions\/60587"}],"wp:featuredmedia":[{"embeddable":true,"href":"https:\/\/www.bitacoracdmx.com\/index.php?rest_route=\/wp\/v2\/media\/60586"}],"wp:attachment":[{"href":"https:\/\/www.bitacoracdmx.com\/index.php?rest_route=%2Fwp%2Fv2%2Fmedia&parent=60585"}],"wp:term":[{"taxonomy":"category","embeddable":true,"href":"https:\/\/www.bitacoracdmx.com\/index.php?rest_route=%2Fwp%2Fv2%2Fcategories&post=60585"},{"taxonomy":"post_tag","embeddable":true,"href":"https:\/\/www.bitacoracdmx.com\/index.php?rest_route=%2Fwp%2Fv2%2Ftags&post=60585"}],"curies":[{"name":"wp","href":"https:\/\/api.w.org\/{rel}","templated":true}]}}