{"id":60636,"date":"2025-02-27T03:37:32","date_gmt":"2025-02-27T03:37:32","guid":{"rendered":"https:\/\/www.bitacoracdmx.com\/?p=60636"},"modified":"2025-02-27T03:37:35","modified_gmt":"2025-02-27T03:37:35","slug":"kany-garcia-se-prepara-para-conquistar-el-vive-latino-y-el-pal-norte","status":"publish","type":"post","link":"https:\/\/www.bitacoracdmx.com\/?p=60636","title":{"rendered":"Kany Garc\u00eda se prepara para conquistar el Vive Latino y el Pa&#8217;l Norte"},"content":{"rendered":"\n<p><\/p>\n\n\n\n<p>REDACCI\u00d3N<\/p>\n\n\n\n<p>La cantante puertorrique\u00f1a Kany Garc\u00eda se encuentra lista para su participaci\u00f3n en dos de los festivales de m\u00fasica m\u00e1s importantes de M\u00e9xico: el Vive Latino y el Pa&#8217;l Norte.En conferencia de prensa v\u00eda Zoom, la artista comparti\u00f3 su emoci\u00f3n por formar parte de estos eventos y resalt\u00f3 la importancia de cada presentaci\u00f3n en su carrera.<\/p>\n\n\n\n<p>&#8220;Los festivales son algo en lo que no tengo control, es una invitaci\u00f3n, y por eso siento que es un reconocimiento al trabajo que hemos hecho. No hay unos festivales m\u00e1s grandes que otros, cada uno tiene su esencia, pero para m\u00ed es un lujo ser parte de estos dos que son tan esperados en M\u00e9xico&#8221;, coment\u00f3.<\/p>\n\n\n\n<p>Garc\u00eda tambi\u00e9n destac\u00f3 el cari\u00f1o y la conexi\u00f3n que tiene con el p\u00fablico mexicano, asegurando que cada visita al pa\u00eds es motivo de alegr\u00eda y que, gracias a la respuesta de sus seguidores, cada vez suma m\u00e1s fechas a sus giras. En esta ocasi\u00f3n, su tour incluir\u00e1 16 presentaciones, lo que reafirma la gran acogida que tiene su m\u00fasica en M\u00e9xico.<\/p>\n\n\n\n<p>Durante la conversaci\u00f3n, la cantante abord\u00f3 la universalidad de sus canciones y c\u00f3mo hombres y mujeres se identifican con sus letras. &#8220;Me encanta que la gente haga suyas mis canciones, sin importar el g\u00e9nero. Muchas veces se piensa que, por ser mujer, escribo solo para mujeres, pero la realidad es que he compuesto muchas m\u00e1s canciones para hombres despechados. La m\u00fasica es para todos, y es hermoso ver c\u00f3mo cada quien le da su propio significado a mis letras&#8221;.<\/p>\n\n\n\n<p>Sobre su proceso creativo, Garc\u00eda explic\u00f3 que se deja guiar por la intuici\u00f3n y las experiencias personales. &#8220;Intento sentir m\u00e1s de lo que pienso. No planeo sobre qu\u00e9 quiero escribir, simplemente dejo que las historias lleguen a m\u00ed. Canciones como &#8216;Garc\u00eda&#8217; fueron creadas en momentos de introspecci\u00f3n y, con el tiempo, han tomado nuevos significados&#8221;, dijo.<\/p>\n\n\n\n<p>En cuanto a su participaci\u00f3n en festivales, Kany mencion\u00f3 que disfruta tanto los conciertos en solitario como los retos de presentarse ante un p\u00fablico nuevo. &#8220;Es un reto muy bonito, porque muchas personas pueden no conocerme y eso me motiva a conquistarlos con mi m\u00fasica. Pero tambi\u00e9n disfruto mucho cuando ya tengo a mi p\u00fablico ganado, porque es una experiencia m\u00e1s c\u00e1lida y cercana&#8221;.<\/p>\n\n\n\n<p>Finalmente, la artista habl\u00f3 sobre su inmersi\u00f3n en el g\u00e9nero regional mexicano y c\u00f3mo ha influenciado su manera de componer. &#8220;Ha sido un antes y un despu\u00e9s para m\u00ed. Me he dedicado a estudiar compositores ic\u00f3nicos como Jos\u00e9 Alfredo Jim\u00e9nez y Chavela Vargas, porque hay una forma muy especial de contar historias en este g\u00e9nero&#8221;.<\/p>\n\n\n\n<p>Con una carrera en constante crecimiento y un p\u00fablico cada vez m\u00e1s fiel, Kany Garc\u00eda est\u00e1 lista para conquistar a los asistentes del Vive Latino y el Pa&#8217;l Norte, demostrando una vez m\u00e1s que su m\u00fasica no conoce fronteras.<\/p>\n\n\n\n<p><a href=\"https:\/\/www.facebook.com\/hashtag\/kanygarcia?__eep__=6&amp;__cft__[0]=AZV-Yy9WdnOxJlPcfz0ar_kyJqWxN2FPNbHga3cVLezcaGT-JkoGv0DvkpFEirb9ZjozhSD605l9uQrlxn7q51qwycC0_k3Y6Hl4lG51HfGilJg2Mexv-LSXer-va8WNBYyC5bWdb9mQwMYZVfJ3JBT_&amp;__tn__=*NK-R\">#KanyGarcia<\/a><\/p>\n\n\n\n<p><a href=\"https:\/\/www.facebook.com\/hashtag\/estadiognpseguros?__eep__=6&amp;__cft__[0]=AZV-Yy9WdnOxJlPcfz0ar_kyJqWxN2FPNbHga3cVLezcaGT-JkoGv0DvkpFEirb9ZjozhSD605l9uQrlxn7q51qwycC0_k3Y6Hl4lG51HfGilJg2Mexv-LSXer-va8WNBYyC5bWdb9mQwMYZVfJ3JBT_&amp;__tn__=*NK-R\">#EstadioGNPSeguros<\/a><\/p>\n\n\n\n<p><a href=\"https:\/\/www.facebook.com\/hashtag\/vivelatino?__eep__=6&amp;__cft__[0]=AZV-Yy9WdnOxJlPcfz0ar_kyJqWxN2FPNbHga3cVLezcaGT-JkoGv0DvkpFEirb9ZjozhSD605l9uQrlxn7q51qwycC0_k3Y6Hl4lG51HfGilJg2Mexv-LSXer-va8WNBYyC5bWdb9mQwMYZVfJ3JBT_&amp;__tn__=*NK-R\">#ViveLatino<\/a><\/p>\n\n\n\n<p><a href=\"https:\/\/www.facebook.com\/hashtag\/vivelatino2025?__eep__=6&amp;__cft__[0]=AZV-Yy9WdnOxJlPcfz0ar_kyJqWxN2FPNbHga3cVLezcaGT-JkoGv0DvkpFEirb9ZjozhSD605l9uQrlxn7q51qwycC0_k3Y6Hl4lG51HfGilJg2Mexv-LSXer-va8WNBYyC5bWdb9mQwMYZVfJ3JBT_&amp;__tn__=*NK-R\">#ViveLatino2025<\/a><\/p>\n\n\n\n<p><a href=\"https:\/\/www.facebook.com\/hashtag\/palnorte?__eep__=6&amp;__cft__[0]=AZV-Yy9WdnOxJlPcfz0ar_kyJqWxN2FPNbHga3cVLezcaGT-JkoGv0DvkpFEirb9ZjozhSD605l9uQrlxn7q51qwycC0_k3Y6Hl4lG51HfGilJg2Mexv-LSXer-va8WNBYyC5bWdb9mQwMYZVfJ3JBT_&amp;__tn__=*NK-R\">#palnorte<\/a><\/p>\n\n\n\n<p><a href=\"https:\/\/www.facebook.com\/hashtag\/palnorte2025?__eep__=6&amp;__cft__[0]=AZV-Yy9WdnOxJlPcfz0ar_kyJqWxN2FPNbHga3cVLezcaGT-JkoGv0DvkpFEirb9ZjozhSD605l9uQrlxn7q51qwycC0_k3Y6Hl4lG51HfGilJg2Mexv-LSXer-va8WNBYyC5bWdb9mQwMYZVfJ3JBT_&amp;__tn__=*NK-R\">#PalNorte2025<\/a><\/p>\n\n\n\n<p><a href=\"https:\/\/www.facebook.com\/hashtag\/ocesa?__eep__=6&amp;__cft__[0]=AZV-Yy9WdnOxJlPcfz0ar_kyJqWxN2FPNbHga3cVLezcaGT-JkoGv0DvkpFEirb9ZjozhSD605l9uQrlxn7q51qwycC0_k3Y6Hl4lG51HfGilJg2Mexv-LSXer-va8WNBYyC5bWdb9mQwMYZVfJ3JBT_&amp;__tn__=*NK-R\">#OCESA<\/a><\/p>\n\n\n\n<p><a href=\"https:\/\/www.facebook.com\/hashtag\/ticketmaster?__eep__=6&amp;__cft__[0]=AZV-Yy9WdnOxJlPcfz0ar_kyJqWxN2FPNbHga3cVLezcaGT-JkoGv0DvkpFEirb9ZjozhSD605l9uQrlxn7q51qwycC0_k3Y6Hl4lG51HfGilJg2Mexv-LSXer-va8WNBYyC5bWdb9mQwMYZVfJ3JBT_&amp;__tn__=*NK-R\">#ticketmaster<\/a><\/p>\n\n\n\n<p><a href=\"https:\/\/www.facebook.com\/hashtag\/bitacoracdmx?__eep__=6&amp;__cft__[0]=AZV-Yy9WdnOxJlPcfz0ar_kyJqWxN2FPNbHga3cVLezcaGT-JkoGv0DvkpFEirb9ZjozhSD605l9uQrlxn7q51qwycC0_k3Y6Hl4lG51HfGilJg2Mexv-LSXer-va8WNBYyC5bWdb9mQwMYZVfJ3JBT_&amp;__tn__=*NK-R\">#bitacoracdmx<\/a><\/p>\n","protected":false},"excerpt":{"rendered":"<p>REDACCI\u00d3N La cantante puertorrique\u00f1a Kany Garc\u00eda se encuentra lista para su participaci\u00f3n en dos de los festivales de m\u00fasica m\u00e1s importantes de M\u00e9xico: el Vive Latino y el Pa&#8217;l Norte.En conferencia de prensa v\u00eda Zoom, la artista comparti\u00f3 su emoci\u00f3n por formar parte de estos eventos y resalt\u00f3 la importancia de cada presentaci\u00f3n en su carrera. &#8220;Los festivales son algo en lo que no tengo control, es una invitaci\u00f3n, y por eso siento que es un reconocimiento al trabajo que hemos hecho. No hay unos festivales m\u00e1s grandes que otros, cada uno tiene su esencia, pero para m\u00ed es un [&hellip;]<\/p>\n","protected":false},"author":1,"featured_media":60637,"comment_status":"closed","ping_status":"closed","sticky":false,"template":"","format":"standard","meta":{"footnotes":""},"categories":[9,11],"tags":[],"_links":{"self":[{"href":"https:\/\/www.bitacoracdmx.com\/index.php?rest_route=\/wp\/v2\/posts\/60636"}],"collection":[{"href":"https:\/\/www.bitacoracdmx.com\/index.php?rest_route=\/wp\/v2\/posts"}],"about":[{"href":"https:\/\/www.bitacoracdmx.com\/index.php?rest_route=\/wp\/v2\/types\/post"}],"author":[{"embeddable":true,"href":"https:\/\/www.bitacoracdmx.com\/index.php?rest_route=\/wp\/v2\/users\/1"}],"replies":[{"embeddable":true,"href":"https:\/\/www.bitacoracdmx.com\/index.php?rest_route=%2Fwp%2Fv2%2Fcomments&post=60636"}],"version-history":[{"count":1,"href":"https:\/\/www.bitacoracdmx.com\/index.php?rest_route=\/wp\/v2\/posts\/60636\/revisions"}],"predecessor-version":[{"id":60638,"href":"https:\/\/www.bitacoracdmx.com\/index.php?rest_route=\/wp\/v2\/posts\/60636\/revisions\/60638"}],"wp:featuredmedia":[{"embeddable":true,"href":"https:\/\/www.bitacoracdmx.com\/index.php?rest_route=\/wp\/v2\/media\/60637"}],"wp:attachment":[{"href":"https:\/\/www.bitacoracdmx.com\/index.php?rest_route=%2Fwp%2Fv2%2Fmedia&parent=60636"}],"wp:term":[{"taxonomy":"category","embeddable":true,"href":"https:\/\/www.bitacoracdmx.com\/index.php?rest_route=%2Fwp%2Fv2%2Fcategories&post=60636"},{"taxonomy":"post_tag","embeddable":true,"href":"https:\/\/www.bitacoracdmx.com\/index.php?rest_route=%2Fwp%2Fv2%2Ftags&post=60636"}],"curies":[{"name":"wp","href":"https:\/\/api.w.org\/{rel}","templated":true}]}}