{"id":60736,"date":"2025-03-03T02:11:48","date_gmt":"2025-03-03T02:11:48","guid":{"rendered":"https:\/\/www.bitacoracdmx.com\/?p=60736"},"modified":"2025-03-03T02:11:51","modified_gmt":"2025-03-03T02:11:51","slug":"los-angeles-negros-presentan-colaboracion-con-rey-ruiz-y-llegan-al-auditorio-nacional","status":"publish","type":"post","link":"https:\/\/www.bitacoracdmx.com\/?p=60736","title":{"rendered":"LOS \u00c1NGELES NEGROS presentan colaboraci\u00f3n con REY RUIZ y llegan al AUDITORIO NACIONAL"},"content":{"rendered":"\n<p><\/p>\n\n\n\n<p>REDACCI\u00d3N<\/p>\n\n\n\n<p><em>*Los \u00c1ngeles Negros regresar\u00e1n al Auditorio Nacional el pr\u00f3ximo domingo 9 de marzo de 2025 a partir de las siete de la noche<\/em><\/p>\n\n\n\n<p><em>*Boletos a la venta en el Sistema Ticketmaster y en taquillas del inmueble<\/em><\/p>\n\n\n\n<p><strong>Los \u00c1ngeles Negros<\/strong>, una de las bandas m\u00e1s ic\u00f3nicas de la m\u00fasica latinoamericana, contin\u00faa escribiendo su historia con el lanzamiento de su nuevo sencillo,&nbsp;<strong>&#8220;Muri\u00f3 la Flor&#8221;<\/strong>, en colaboraci\u00f3n con el reconocido salsero cubano&nbsp;<strong>Rey Ruiz<\/strong>. Este tema forma parte de su m\u00e1s reciente \u00e1lbum sinf\u00f3nico,&nbsp;<strong>&#8220;Guitarra Suena Otra Vez&#8221;<\/strong>, un proyecto que reafirma la vigencia y el legado de la agrupaci\u00f3n tras m\u00e1s de cinco d\u00e9cadas de trayectoria. Adem\u00e1s, la banda anunci\u00f3 su regreso al&nbsp;<strong>Auditorio Nacional<\/strong>, uno de los recintos m\u00e1s emblem\u00e1ticos de Am\u00e9rica Latina, donde se presentar\u00e1n este domingo 9 de marzo a partir de las 7:00 PM.<\/p>\n\n\n\n<p><strong>&#8220;Muri\u00f3 la Flor&#8221;<\/strong>, uno de los cl\u00e1sicos m\u00e1s queridos del repertorio de Los \u00c1ngeles Negros, recibe una nueva vida en esta versi\u00f3n sinf\u00f3nica que combina la esencia rom\u00e1ntica y melanc\u00f3lica del original con el carisma y la potente voz de Rey Ruiz. Esta colaboraci\u00f3n no solo rinde homenaje a&nbsp;<strong>Mario Guti\u00e9rrez<\/strong>, fundador de la banda, sino que tambi\u00e9n simboliza la capacidad de la agrupaci\u00f3n para reinventarse y conectar con nuevas generaciones. La canci\u00f3n, que ya est\u00e1 disponible en todas las plataformas digitales, promete convertirse en un \u00e9xito que trasciende fronteras y \u00e9pocas.<\/p>\n\n\n\n<p>El&nbsp;<strong>Auditorio Nacional<\/strong>&nbsp;ser\u00e1 testigo de un momento \u00fanico en la carrera de Los \u00c1ngeles Negros. Este recinto, conocido por albergar a los artistas m\u00e1s importantes del mundo, recibir\u00e1 a la banda chilena en un concierto que promete ser un viaje por su extraordinaria trayectoria musical. El evento, programado para el domingo 9 de marzo a las 7:00 PM, incluir\u00e1 un repertorio que abarca desde sus \u00e9xitos m\u00e1s emblem\u00e1ticos hasta las nuevas propuestas de su \u00e1lbum sinf\u00f3nico.<\/p>\n\n\n\n<p>Los boletos para este concierto ya est\u00e1n a la venta a trav\u00e9s del&nbsp;<strong>Sistema Ticketmaster<\/strong>&nbsp;y en las taquillas del inmueble. Se espera que el p\u00fablico responda con entusiasmo a esta oportunidad de presenciar un espect\u00e1culo que celebra m\u00e1s de 57 a\u00f1os de m\u00fasica, emociones y legado.<\/p>\n\n\n\n<p>El \u00e1lbum&nbsp;<strong>&#8220;Guitarra Suena Otra Vez&#8221;<\/strong>, grabado en vivo en el Auditorio Nacional, representa un hito en la historia de Los \u00c1ngeles Negros. Este proyecto no solo captura la magia de una presentaci\u00f3n en vivo, sino que tambi\u00e9n incluye colaboraciones con artistas de diversos g\u00e9neros, fusionando sonidos y estilos que enriquecen la propuesta musical de la banda. Con este disco, Los \u00c1ngeles Negros buscan acercar su m\u00fasica a nuevas generaciones, consolid\u00e1ndose como un puente entre el pasado y el presente de la m\u00fasica latinoamericana.<\/p>\n\n\n\n<p>Con m\u00e1s de 37 \u00e1lbumes en su haber y \u00e9xitos como&nbsp;<strong>&#8220;El Rey y Yo&#8221;<\/strong>,&nbsp;<strong>&#8220;Debut y Despedida&#8221;<\/strong>&nbsp;y&nbsp;<strong>&#8220;Y Volver\u00e9&#8221;<\/strong>, Los \u00c1ngeles Negros han dejado una huella imborrable en la m\u00fasica popular. Su influencia se extiende m\u00e1s all\u00e1 de las fronteras de su natal Chile, donde incluso cuentan con una plaza en su honor en la ciudad de San Carlos. Adem\u00e1s, la banda planea inaugurar el&nbsp;<strong>Museo de Los \u00c1ngeles Negros<\/strong>, un espacio dedicado a preservar y compartir su historia con las generaciones futuras.<\/p>\n\n\n\n<p>La participaci\u00f3n de&nbsp;<strong>Rey Ruiz<\/strong>&nbsp;en&nbsp;<strong>&#8220;Muri\u00f3 la Flor&#8221;<\/strong>&nbsp;a\u00f1ade un matiz fresco y contempor\u00e1neo al cl\u00e1sico de Los \u00c1ngeles Negros. El salsero cubano, conocido por \u00e9xitos como&nbsp;<strong>&#8220;Mi Media Mitad&#8221;<\/strong>&nbsp;y&nbsp;<strong>&#8220;Cuando el Amor Se Da\u00f1a&#8221;<\/strong>, aporta su voz potente y su estilo \u00fanico a esta colaboraci\u00f3n, creando una fusi\u00f3n que promete conquistar a los amantes de la salsa y la balada por igual.<\/p>\n\n\n\n<p>Con&nbsp;<strong>&#8220;Muri\u00f3 la Flor&#8221;<\/strong>&nbsp;y su concierto en el Auditorio Nacional, Los \u00c1ngeles Negros reafirman su posici\u00f3n como uno de los pilares de la m\u00fasica latinoamericana. Su capacidad para reinventarse y mantener vivo su legado es un testimonio de su pasi\u00f3n por la m\u00fasica y su compromiso con su p\u00fablico. Este nuevo cap\u00edtulo en su carrera no solo celebra su historia, sino que tambi\u00e9n mira hacia el futuro con optimismo y creatividad.<\/p>\n\n\n\n<p>El concierto de Los \u00c1ngeles Negros en el&nbsp;<strong>Auditorio Nacional<\/strong>&nbsp;este 9 de marzo de 2025 es una oportunidad \u00fanica para revivir los grandes \u00e9xitos de la banda y disfrutar de su nueva propuesta musical. Los boletos est\u00e1n disponibles en&nbsp;<strong>Ticketmaster<\/strong>&nbsp;y en las taquillas del recinto. Para m\u00e1s informaci\u00f3n, visita sus redes sociales oficiales:<\/p>\n\n\n\n<p><strong>Facebook<\/strong>: @langelesnegros<\/p>\n\n\n\n<p><strong>Instagram<\/strong>: @angelesnegros_oficial<\/p>\n\n\n\n<p><strong>Twitter<\/strong>: @langelesnegros<\/p>\n\n\n\n<p><strong>Sitio web<\/strong>:&nbsp;<a rel=\"noreferrer noopener\" target=\"_blank\" href=\"http:\/\/www.losangelesnegros.mx\/\">www.losangelesnegros.mx<\/a><\/p>\n\n\n\n<p>No dejes pasar la oportunidad de ser parte de este momento hist\u00f3rico en la carrera de\u00a0<strong>Los \u00c1ngeles Negros<\/strong>, una banda que ha marcado generaciones y que sigue brillando con luz propia.<\/p>\n\n\n\n<p><a href=\"https:\/\/www.facebook.com\/hashtag\/losangelesnegros?__eep__=6&amp;__cft__[0]=AZXKgktGyuvJOuQ_7EoRjcJvPMi-TYu50LR2Jl1_Plny-TA2lhseQAYiPfnOY5a18Uu3V6Tojs37X3po6GOLIjDAuniOH0bf_CRQ7CD4jdGmUNErKZCPAf-frkX8jejpfU0eMMsUXqm-DCn9VY0ocM7bHGq2wnnifatoM1pESIc0Gw&amp;__tn__=*NK-R\">#LosAngelesNegros<\/a><\/p>\n\n\n\n<p><a href=\"https:\/\/www.facebook.com\/hashtag\/reyruiz?__eep__=6&amp;__cft__[0]=AZXKgktGyuvJOuQ_7EoRjcJvPMi-TYu50LR2Jl1_Plny-TA2lhseQAYiPfnOY5a18Uu3V6Tojs37X3po6GOLIjDAuniOH0bf_CRQ7CD4jdGmUNErKZCPAf-frkX8jejpfU0eMMsUXqm-DCn9VY0ocM7bHGq2wnnifatoM1pESIc0Gw&amp;__tn__=*NK-R\">#ReyRuiz<\/a><\/p>\n\n\n\n<p><a href=\"https:\/\/www.facebook.com\/hashtag\/auditorionacional?__eep__=6&amp;__cft__[0]=AZXKgktGyuvJOuQ_7EoRjcJvPMi-TYu50LR2Jl1_Plny-TA2lhseQAYiPfnOY5a18Uu3V6Tojs37X3po6GOLIjDAuniOH0bf_CRQ7CD4jdGmUNErKZCPAf-frkX8jejpfU0eMMsUXqm-DCn9VY0ocM7bHGq2wnnifatoM1pESIc0Gw&amp;__tn__=*NK-R\">#AuditorioNacional<\/a><\/p>\n\n\n\n<p><a href=\"https:\/\/www.facebook.com\/hashtag\/ticketmaster?__eep__=6&amp;__cft__[0]=AZXKgktGyuvJOuQ_7EoRjcJvPMi-TYu50LR2Jl1_Plny-TA2lhseQAYiPfnOY5a18Uu3V6Tojs37X3po6GOLIjDAuniOH0bf_CRQ7CD4jdGmUNErKZCPAf-frkX8jejpfU0eMMsUXqm-DCn9VY0ocM7bHGq2wnnifatoM1pESIc0Gw&amp;__tn__=*NK-R\">#ticketmaster<\/a><\/p>\n\n\n\n<p><a href=\"https:\/\/www.facebook.com\/hashtag\/bitacoracdmx?__eep__=6&amp;__cft__[0]=AZXKgktGyuvJOuQ_7EoRjcJvPMi-TYu50LR2Jl1_Plny-TA2lhseQAYiPfnOY5a18Uu3V6Tojs37X3po6GOLIjDAuniOH0bf_CRQ7CD4jdGmUNErKZCPAf-frkX8jejpfU0eMMsUXqm-DCn9VY0ocM7bHGq2wnnifatoM1pESIc0Gw&amp;__tn__=*NK-R\">#bitacoracdmx<\/a><\/p>\n\n\n\n<p><a href=\"https:\/\/www.facebook.com\/hashtag\/cdmx?__eep__=6&amp;__cft__[0]=AZXKgktGyuvJOuQ_7EoRjcJvPMi-TYu50LR2Jl1_Plny-TA2lhseQAYiPfnOY5a18Uu3V6Tojs37X3po6GOLIjDAuniOH0bf_CRQ7CD4jdGmUNErKZCPAf-frkX8jejpfU0eMMsUXqm-DCn9VY0ocM7bHGq2wnnifatoM1pESIc0Gw&amp;__tn__=*NK-R\">#CDMX<\/a><\/p>\n","protected":false},"excerpt":{"rendered":"<p>REDACCI\u00d3N *Los \u00c1ngeles Negros regresar\u00e1n al Auditorio Nacional el pr\u00f3ximo domingo 9 de marzo de 2025 a partir de las siete de la noche *Boletos a la venta en el Sistema Ticketmaster y en taquillas del inmueble Los \u00c1ngeles Negros, una de las bandas m\u00e1s ic\u00f3nicas de la m\u00fasica latinoamericana, contin\u00faa escribiendo su historia con el lanzamiento de su nuevo sencillo,&nbsp;&#8220;Muri\u00f3 la Flor&#8221;, en colaboraci\u00f3n con el reconocido salsero cubano&nbsp;Rey Ruiz. Este tema forma parte de su m\u00e1s reciente \u00e1lbum sinf\u00f3nico,&nbsp;&#8220;Guitarra Suena Otra Vez&#8221;, un proyecto que reafirma la vigencia y el legado de la agrupaci\u00f3n tras m\u00e1s de cinco [&hellip;]<\/p>\n","protected":false},"author":1,"featured_media":60737,"comment_status":"closed","ping_status":"closed","sticky":false,"template":"","format":"standard","meta":{"footnotes":""},"categories":[9,11],"tags":[],"_links":{"self":[{"href":"https:\/\/www.bitacoracdmx.com\/index.php?rest_route=\/wp\/v2\/posts\/60736"}],"collection":[{"href":"https:\/\/www.bitacoracdmx.com\/index.php?rest_route=\/wp\/v2\/posts"}],"about":[{"href":"https:\/\/www.bitacoracdmx.com\/index.php?rest_route=\/wp\/v2\/types\/post"}],"author":[{"embeddable":true,"href":"https:\/\/www.bitacoracdmx.com\/index.php?rest_route=\/wp\/v2\/users\/1"}],"replies":[{"embeddable":true,"href":"https:\/\/www.bitacoracdmx.com\/index.php?rest_route=%2Fwp%2Fv2%2Fcomments&post=60736"}],"version-history":[{"count":1,"href":"https:\/\/www.bitacoracdmx.com\/index.php?rest_route=\/wp\/v2\/posts\/60736\/revisions"}],"predecessor-version":[{"id":60738,"href":"https:\/\/www.bitacoracdmx.com\/index.php?rest_route=\/wp\/v2\/posts\/60736\/revisions\/60738"}],"wp:featuredmedia":[{"embeddable":true,"href":"https:\/\/www.bitacoracdmx.com\/index.php?rest_route=\/wp\/v2\/media\/60737"}],"wp:attachment":[{"href":"https:\/\/www.bitacoracdmx.com\/index.php?rest_route=%2Fwp%2Fv2%2Fmedia&parent=60736"}],"wp:term":[{"taxonomy":"category","embeddable":true,"href":"https:\/\/www.bitacoracdmx.com\/index.php?rest_route=%2Fwp%2Fv2%2Fcategories&post=60736"},{"taxonomy":"post_tag","embeddable":true,"href":"https:\/\/www.bitacoracdmx.com\/index.php?rest_route=%2Fwp%2Fv2%2Ftags&post=60736"}],"curies":[{"name":"wp","href":"https:\/\/api.w.org\/{rel}","templated":true}]}}