{"id":60742,"date":"2025-03-03T02:27:05","date_gmt":"2025-03-03T02:27:05","guid":{"rendered":"https:\/\/www.bitacoracdmx.com\/?p=60742"},"modified":"2025-03-03T02:27:08","modified_gmt":"2025-03-03T02:27:08","slug":"miki-llega-al-vive-latino-2025","status":"publish","type":"post","link":"https:\/\/www.bitacoracdmx.com\/?p=60742","title":{"rendered":"\u00a1MIKI\u00a0llega al VIVE LATINO 2025!"},"content":{"rendered":"\n<p><\/p>\n\n\n\n<p>REDACCI\u00d3N<\/p>\n\n\n\n<figure class=\"wp-block-table\"><table><tbody><tr><td><strong>Miki<\/strong>, el artista emergente que ha capturado la atenci\u00f3n de la escena musical, ha sido confirmado como el \u00faltimo invitado especial para la edici\u00f3n 2025 del ic\u00f3nico festival&nbsp;<strong>Vive Latino<\/strong>, que celebra su 25 aniversario.<\/td><\/tr><tr><td>Miki se presentar\u00e1&nbsp;<strong>el domingo 16 de marzo a las 2:00 pm en la Carpa Intolerante<\/strong>, compartiendo cartel con artistas de renombre como&nbsp;<strong>Divisi\u00f3n Min\u00fascula<\/strong>&nbsp;y&nbsp;<strong>Keane<\/strong>. Adem\u00e1s, Miki ha sido seleccionado como el&nbsp;<strong>Artista Rompe de Amazon Music<\/strong>&nbsp;de esta edici\u00f3n del Vive Latino. \u00a1Un reconocimiento a su talento y a su creciente impacto en la escena musical!<\/td><\/tr><\/tbody><\/table><\/figure>\n\n\n\n<p>Actualmente,&nbsp;<strong>Miki<\/strong>&nbsp;se encuentra en la fase final de producci\u00f3n de su nuevo \u00e1lbum, del cual se desprende el sencillo&nbsp;<strong>&#8220;Empastillado&#8221;<\/strong>, el cual estar\u00e1 disponible el 13 de Marzo. Previo a su presentaci\u00f3n en el Vive Latino, Miki acompa\u00f1ar\u00e1 a&nbsp;<strong>Thermo<\/strong>&nbsp;en dos conciertos: el 6 de Marzo en Quer\u00e9taro y el 7 de Marzo en Le\u00f3n.<\/p>\n\n\n\n<p>Escucha la m\u00fasica de Miki en Amazon Music.<\/p>\n\n\n\n<p><a href=\"https:\/\/www.facebook.com\/hashtag\/miki?__eep__=6&amp;__cft__[0]=AZUrt3mowX9C4ohQaW1_7lfAF84mm5BqyeXh4ckg3MnmNCxXN5OXoUUXA0Hzm7_FATJVUvnrDBPNbhkfGOArC6Cp2C9qEDCPgc-HgzFHw1kxUHOwyEFtRKvtGlrIaT90xumscjcwbeDqVr-rPMoLRd0uYUAPMIjyidna5I7f-0mnSQ&amp;__tn__=*NK-R\">#miki<\/a><\/p>\n\n\n\n<p><a href=\"https:\/\/www.facebook.com\/hashtag\/vivelatino?__eep__=6&amp;__cft__[0]=AZUrt3mowX9C4ohQaW1_7lfAF84mm5BqyeXh4ckg3MnmNCxXN5OXoUUXA0Hzm7_FATJVUvnrDBPNbhkfGOArC6Cp2C9qEDCPgc-HgzFHw1kxUHOwyEFtRKvtGlrIaT90xumscjcwbeDqVr-rPMoLRd0uYUAPMIjyidna5I7f-0mnSQ&amp;__tn__=*NK-R\">#ViveLatino<\/a><\/p>\n\n\n\n<p><a href=\"https:\/\/www.facebook.com\/hashtag\/vivelatino2025?__eep__=6&amp;__cft__[0]=AZUrt3mowX9C4ohQaW1_7lfAF84mm5BqyeXh4ckg3MnmNCxXN5OXoUUXA0Hzm7_FATJVUvnrDBPNbhkfGOArC6Cp2C9qEDCPgc-HgzFHw1kxUHOwyEFtRKvtGlrIaT90xumscjcwbeDqVr-rPMoLRd0uYUAPMIjyidna5I7f-0mnSQ&amp;__tn__=*NK-R\">#ViveLatino2025<\/a><\/p>\n\n\n\n<p><a href=\"https:\/\/www.facebook.com\/hashtag\/estadiognpseguros?__eep__=6&amp;__cft__[0]=AZUrt3mowX9C4ohQaW1_7lfAF84mm5BqyeXh4ckg3MnmNCxXN5OXoUUXA0Hzm7_FATJVUvnrDBPNbhkfGOArC6Cp2C9qEDCPgc-HgzFHw1kxUHOwyEFtRKvtGlrIaT90xumscjcwbeDqVr-rPMoLRd0uYUAPMIjyidna5I7f-0mnSQ&amp;__tn__=*NK-R\">#EstadioGNPSeguros<\/a><\/p>\n\n\n\n<p><a href=\"https:\/\/www.facebook.com\/hashtag\/ocesa?__eep__=6&amp;__cft__[0]=AZUrt3mowX9C4ohQaW1_7lfAF84mm5BqyeXh4ckg3MnmNCxXN5OXoUUXA0Hzm7_FATJVUvnrDBPNbhkfGOArC6Cp2C9qEDCPgc-HgzFHw1kxUHOwyEFtRKvtGlrIaT90xumscjcwbeDqVr-rPMoLRd0uYUAPMIjyidna5I7f-0mnSQ&amp;__tn__=*NK-R\">#OCESA<\/a><\/p>\n\n\n\n<p><a href=\"https:\/\/www.facebook.com\/hashtag\/ticketmaster?__eep__=6&amp;__cft__[0]=AZUrt3mowX9C4ohQaW1_7lfAF84mm5BqyeXh4ckg3MnmNCxXN5OXoUUXA0Hzm7_FATJVUvnrDBPNbhkfGOArC6Cp2C9qEDCPgc-HgzFHw1kxUHOwyEFtRKvtGlrIaT90xumscjcwbeDqVr-rPMoLRd0uYUAPMIjyidna5I7f-0mnSQ&amp;__tn__=*NK-R\">#ticketmaster<\/a><\/p>\n\n\n\n<p><a href=\"https:\/\/www.facebook.com\/hashtag\/bitacoracdmx?__eep__=6&amp;__cft__[0]=AZUrt3mowX9C4ohQaW1_7lfAF84mm5BqyeXh4ckg3MnmNCxXN5OXoUUXA0Hzm7_FATJVUvnrDBPNbhkfGOArC6Cp2C9qEDCPgc-HgzFHw1kxUHOwyEFtRKvtGlrIaT90xumscjcwbeDqVr-rPMoLRd0uYUAPMIjyidna5I7f-0mnSQ&amp;__tn__=*NK-R\">#bitacoracdmx<\/a><\/p>\n\n\n\n<p><a href=\"https:\/\/www.facebook.com\/hashtag\/cdmx?__eep__=6&amp;__cft__[0]=AZUrt3mowX9C4ohQaW1_7lfAF84mm5BqyeXh4ckg3MnmNCxXN5OXoUUXA0Hzm7_FATJVUvnrDBPNbhkfGOArC6Cp2C9qEDCPgc-HgzFHw1kxUHOwyEFtRKvtGlrIaT90xumscjcwbeDqVr-rPMoLRd0uYUAPMIjyidna5I7f-0mnSQ&amp;__tn__=*NK-R\">#CDMX<\/a><\/p>\n","protected":false},"excerpt":{"rendered":"<p>REDACCI\u00d3N Miki, el artista emergente que ha capturado la atenci\u00f3n de la escena musical, ha sido confirmado como el \u00faltimo invitado especial para la edici\u00f3n 2025 del ic\u00f3nico festival&nbsp;Vive Latino, que celebra su 25 aniversario. Miki se presentar\u00e1&nbsp;el domingo 16 de marzo a las 2:00 pm en la Carpa Intolerante, compartiendo cartel con artistas de renombre como&nbsp;Divisi\u00f3n Min\u00fascula&nbsp;y&nbsp;Keane. Adem\u00e1s, Miki ha sido seleccionado como el&nbsp;Artista Rompe de Amazon Music&nbsp;de esta edici\u00f3n del Vive Latino. \u00a1Un reconocimiento a su talento y a su creciente impacto en la escena musical! Actualmente,&nbsp;Miki&nbsp;se encuentra en la fase final de producci\u00f3n de su nuevo \u00e1lbum, [&hellip;]<\/p>\n","protected":false},"author":1,"featured_media":60743,"comment_status":"closed","ping_status":"closed","sticky":false,"template":"","format":"standard","meta":{"footnotes":""},"categories":[9,11],"tags":[],"_links":{"self":[{"href":"https:\/\/www.bitacoracdmx.com\/index.php?rest_route=\/wp\/v2\/posts\/60742"}],"collection":[{"href":"https:\/\/www.bitacoracdmx.com\/index.php?rest_route=\/wp\/v2\/posts"}],"about":[{"href":"https:\/\/www.bitacoracdmx.com\/index.php?rest_route=\/wp\/v2\/types\/post"}],"author":[{"embeddable":true,"href":"https:\/\/www.bitacoracdmx.com\/index.php?rest_route=\/wp\/v2\/users\/1"}],"replies":[{"embeddable":true,"href":"https:\/\/www.bitacoracdmx.com\/index.php?rest_route=%2Fwp%2Fv2%2Fcomments&post=60742"}],"version-history":[{"count":1,"href":"https:\/\/www.bitacoracdmx.com\/index.php?rest_route=\/wp\/v2\/posts\/60742\/revisions"}],"predecessor-version":[{"id":60744,"href":"https:\/\/www.bitacoracdmx.com\/index.php?rest_route=\/wp\/v2\/posts\/60742\/revisions\/60744"}],"wp:featuredmedia":[{"embeddable":true,"href":"https:\/\/www.bitacoracdmx.com\/index.php?rest_route=\/wp\/v2\/media\/60743"}],"wp:attachment":[{"href":"https:\/\/www.bitacoracdmx.com\/index.php?rest_route=%2Fwp%2Fv2%2Fmedia&parent=60742"}],"wp:term":[{"taxonomy":"category","embeddable":true,"href":"https:\/\/www.bitacoracdmx.com\/index.php?rest_route=%2Fwp%2Fv2%2Fcategories&post=60742"},{"taxonomy":"post_tag","embeddable":true,"href":"https:\/\/www.bitacoracdmx.com\/index.php?rest_route=%2Fwp%2Fv2%2Ftags&post=60742"}],"curies":[{"name":"wp","href":"https:\/\/api.w.org\/{rel}","templated":true}]}}