{"id":60750,"date":"2025-03-04T00:23:16","date_gmt":"2025-03-04T00:23:16","guid":{"rendered":"https:\/\/www.bitacoracdmx.com\/?p=60750"},"modified":"2025-03-04T00:23:18","modified_gmt":"2025-03-04T00:23:18","slug":"la-secretaria-de-cultura-del-gobierno-de-mexico-publica-la-convocatoria-del-profest-2025","status":"publish","type":"post","link":"https:\/\/www.bitacoracdmx.com\/?p=60750","title":{"rendered":"La SECRETAR\u00cdA DE CULTURA del GOBIERNO de M\u00c9XICO publica la convocatoria del PROFEST 2025\u00a0"},"content":{"rendered":"\n<p><\/p>\n\n\n\n<p>REDACCI\u00d3N<\/p>\n\n\n\n<ul>\n<li><strong>A partir del d\u00eda de hoy, lunes 3 de marzo de 2025, abre el registro<\/strong>&nbsp;<\/li>\n<\/ul>\n\n\n\n<ul>\n<li><strong>Podr\u00e1n participar festivales a realizarse entre el 9 de mayo y el 31 de diciembre<\/strong>&nbsp;<\/li>\n<\/ul>\n\n\n\n<p>Con el objetivo de contribuir al enriquecimiento de la oferta art\u00edstica y cultural, adem\u00e1s de facilitar el acceso de la poblaci\u00f3n por medio de la realizaci\u00f3n y profesionalizaci\u00f3n de festivales culturales y art\u00edsticos, la Secretar\u00eda de Cultura del Gobierno de M\u00e9xico, a trav\u00e9s de la Direcci\u00f3n General de Promoci\u00f3n y Festivales Culturales (DGPFC), publica la convocatoria Apoyo a Festivales Culturales y Art\u00edsticos (PROFEST) 2025.&nbsp;<\/p>\n\n\n\n<p>La convocatoria est\u00e1 vigente a partir de hoy, 3 de marzo y hasta las 18:00 h (tiempo del centro del pa\u00eds) del 24 de marzo. Podr\u00e1n solicitar apoyo las instituciones estatales de las 32 entidades federativas, instituciones municipales de cultura, municipios y alcald\u00edas de la Ciudad de M\u00e9xico, universidades p\u00fablicas estatales y organizaciones de la sociedad civil sin fines de lucro, que se dediquen a la promoci\u00f3n y fomento de la cultura y las artes.&nbsp;<\/p>\n\n\n\n<p>Deber\u00e1n contar con una programaci\u00f3n de actividades en algunas de las siguientes disciplinas: Artes esc\u00e9nicas, Artes visuales, Cinematogr\u00e1ficas, Dise\u00f1o, Arquitectura, Literatura, y Cultura alimentaria, con la intenci\u00f3n de captar proyectos con mayor promoci\u00f3n y fortalecimiento de los conocimientos relaciones con la alimentaci\u00f3n tradicional.&nbsp;<\/p>\n\n\n\n<p>Podr\u00e1n participar festivales que se desarrollen entre el 9 de mayo y hasta el 31 de diciembre de 2025, que contribuyan al impulso y desarrollo de la creatividad personal y colectiva, que promuevan el fortalecimiento de la identidad y proporcionen un acceso a la cultura para la poblaci\u00f3n; en formato digital, mixto o presencial para p\u00fablico en general y en lugares p\u00fablicos y deber\u00e1n ser de acceso libre y gratuito.&nbsp;<\/p>\n\n\n\n<p>Las personas interesadas podr\u00e1n registrar sus propuestas hasta el 24 de marzo del 2025, a trav\u00e9s de la Plataforma PROFEST, disponible en la p\u00e1gina de Internet: <a href=\"https:\/\/profest.cultura.gob.mx\/\" target=\"_blank\" rel=\"noreferrer noopener\">profest.cultura.gob.mx<\/a>&nbsp;<\/p>\n\n\n\n<p>Por primera ocasi\u00f3n, la DGPFC realizar\u00e1 una serie de m\u00f3dulos informativos para la mejora continua de proyectos de festivales culturales, a trav\u00e9s de sesiones en l\u00ednea que abordar\u00e1n aspectos como: programaci\u00f3n art\u00edstica, producci\u00f3n, difusi\u00f3n, relaciones p\u00fablicas, y circuitos culturales de un festival, mismos que se a\u00f1aden a las capacitaciones en torno a las etapas del PROFEST, que cada a\u00f1o se llevan a cabo. Las y los interesados en inscribirse en los m\u00f3dulos podr\u00e1n hacerlo a m\u00e1s tardar el 10 de marzo, previo registro en: <a href=\"https:\/\/forms.office.com\/r\/T3AT7CxAWc\" target=\"_blank\" rel=\"noreferrer noopener\">forms.office.com\/r\/T3AT7CxAWc<\/a>&nbsp;<\/p>\n\n\n\n<p>Los proyectos dictaminados como favorables se dar\u00e1n a conocer a m\u00e1s tardar el 30 de abril de 2025 a trav\u00e9s de la p\u00e1gina <a href=\"https:\/\/www.cultura.gob.mx\/gobmx\/convocatorias\/resultados\" target=\"_blank\" rel=\"noreferrer noopener\">cultura.gob.mx\/gobmx\/convocatorias\/resultados<\/a>&nbsp;<\/p>\n\n\n\n<p>Las bases completas de participaci\u00f3n se pueden consultar en: <a href=\"https:\/\/convocatorias.cultura.gob.mx\/vigentes\/detalle\/3871\/apoyo-a-festivales-culturales-y-artisticos-profest-2025\" target=\"_blank\" rel=\"noreferrer noopener\">https:\/\/convocatorias.cultura.gob.mx\/vigentes\/detalle\/3871\/apoyo-a-festivales-culturales-y-artisticos-profest-2025<\/a>&nbsp;&nbsp;<\/p>\n","protected":false},"excerpt":{"rendered":"<p>REDACCI\u00d3N Con el objetivo de contribuir al enriquecimiento de la oferta art\u00edstica y cultural, adem\u00e1s de facilitar el acceso de la poblaci\u00f3n por medio de la realizaci\u00f3n y profesionalizaci\u00f3n de festivales culturales y art\u00edsticos, la Secretar\u00eda de Cultura del Gobierno de M\u00e9xico, a trav\u00e9s de la Direcci\u00f3n General de Promoci\u00f3n y Festivales Culturales (DGPFC), publica la convocatoria Apoyo a Festivales Culturales y Art\u00edsticos (PROFEST) 2025.&nbsp; La convocatoria est\u00e1 vigente a partir de hoy, 3 de marzo y hasta las 18:00 h (tiempo del centro del pa\u00eds) del 24 de marzo. Podr\u00e1n solicitar apoyo las instituciones estatales de las 32 entidades [&hellip;]<\/p>\n","protected":false},"author":1,"featured_media":60751,"comment_status":"closed","ping_status":"closed","sticky":false,"template":"","format":"standard","meta":{"footnotes":""},"categories":[5,9],"tags":[],"_links":{"self":[{"href":"https:\/\/www.bitacoracdmx.com\/index.php?rest_route=\/wp\/v2\/posts\/60750"}],"collection":[{"href":"https:\/\/www.bitacoracdmx.com\/index.php?rest_route=\/wp\/v2\/posts"}],"about":[{"href":"https:\/\/www.bitacoracdmx.com\/index.php?rest_route=\/wp\/v2\/types\/post"}],"author":[{"embeddable":true,"href":"https:\/\/www.bitacoracdmx.com\/index.php?rest_route=\/wp\/v2\/users\/1"}],"replies":[{"embeddable":true,"href":"https:\/\/www.bitacoracdmx.com\/index.php?rest_route=%2Fwp%2Fv2%2Fcomments&post=60750"}],"version-history":[{"count":1,"href":"https:\/\/www.bitacoracdmx.com\/index.php?rest_route=\/wp\/v2\/posts\/60750\/revisions"}],"predecessor-version":[{"id":60752,"href":"https:\/\/www.bitacoracdmx.com\/index.php?rest_route=\/wp\/v2\/posts\/60750\/revisions\/60752"}],"wp:featuredmedia":[{"embeddable":true,"href":"https:\/\/www.bitacoracdmx.com\/index.php?rest_route=\/wp\/v2\/media\/60751"}],"wp:attachment":[{"href":"https:\/\/www.bitacoracdmx.com\/index.php?rest_route=%2Fwp%2Fv2%2Fmedia&parent=60750"}],"wp:term":[{"taxonomy":"category","embeddable":true,"href":"https:\/\/www.bitacoracdmx.com\/index.php?rest_route=%2Fwp%2Fv2%2Fcategories&post=60750"},{"taxonomy":"post_tag","embeddable":true,"href":"https:\/\/www.bitacoracdmx.com\/index.php?rest_route=%2Fwp%2Fv2%2Ftags&post=60750"}],"curies":[{"name":"wp","href":"https:\/\/api.w.org\/{rel}","templated":true}]}}