{"id":60753,"date":"2025-03-04T00:34:29","date_gmt":"2025-03-04T00:34:29","guid":{"rendered":"https:\/\/www.bitacoracdmx.com\/?p=60753"},"modified":"2025-03-04T00:34:30","modified_gmt":"2025-03-04T00:34:30","slug":"viktor-najarro-lanza-the-tv-liars","status":"publish","type":"post","link":"https:\/\/www.bitacoracdmx.com\/?p=60753","title":{"rendered":"Viktor Najarro\u00a0lanza\u00a0&#8220;The TV Liars&#8221;"},"content":{"rendered":"\n<p><\/p>\n\n\n\n<p>REDACCI\u00d3N<\/p>\n\n\n\n<p><strong>&#8211; The TV Liars,&nbsp;<\/strong>un sencillo que fusiona rock alternativo y grunge.&nbsp;<\/p>\n\n\n\n<p>&#8211; La canci\u00f3n critica la desinformaci\u00f3n medi\u00e1tica y est\u00e1 disponible el<strong>&nbsp;17 de febrero&nbsp;<\/strong>en plataformas digitales y su videoclip en su canal de&nbsp;<a rel=\"noreferrer noopener\" target=\"_blank\" href=\"https:\/\/facebook.us3.list-manage.com\/track\/click?u=565fa1dfc00aa3eb339f656f7&amp;id=72ae42c31b&amp;e=b2bceb8dd3\">Youtube.<\/a><\/p>\n\n\n\n<p>&#8211; En 2025 lanzar\u00e1 su nuevo \u00e1lbum y durante el primer semestre de este a\u00f1o visitar\u00e1 M\u00e9xico para una serie de conciertos.<\/p>\n\n\n\n<figure class=\"wp-block-table\"><table><tbody><tr><td>El m\u00fasico y activista\u00a0<strong>Viktor\u00a0Najarro\u00a0<\/strong>presenta<strong>\u00a0The TV Liars,\u00a0<\/strong>el segundo sencillo de su pr\u00f3ximo \u00e1lbum, programado para 2025. La canci\u00f3n llega a plataformas digitales a mediados de febrero, el lanzamiento marca una nueva etapa en su carrera, consolidando su sonido alternativo con tintes de grunge y rock contempor\u00e1neo.<br><br>Con una trayectoria musical forjada en la intersecci\u00f3n del arte y la lucha social,<strong>\u00a0Viktor Najarro\u00a0<\/strong>ha convertido su m\u00fasica en un veh\u00edculo de cambio y resistencia. Criado en Los \u00c1ngeles, con ra\u00edces en las luchas hist\u00f3ricas de Am\u00e9rica Latina, su propuesta se distingue por una l\u00edrica profunda que cuestiona el statu quo y da voz a problem\u00e1ticas sociales que a menudo son ignoradas.<br><br><strong>The TV Liars\u00a0<\/strong>es una cr\u00edtica mordaz a los medios de comunicaci\u00f3n y su influencia en la percepci\u00f3n de la realidad.\u00a0<em>&#8220;Todo empez\u00f3 con un riff de guitarra y una idea de componer una canci\u00f3n que criticara a los medios de comunicaci\u00f3n&#8221;<\/em>, explica<strong>\u00a0Najarro.\u00a0<\/strong><em>&#8220;C\u00f3mo tratan de transgiversar y censurar la verdad con obvias mentiras&#8221;<\/em>. La canci\u00f3n fue escrita durante la guerra en Irak, cuando los medios justificaban la invasi\u00f3n con supuestas armas de destrucci\u00f3n masiva que nunca se encontraron.\u00a0<em>&#8220;Lo que s\u00ed encontraron fue mucho petr\u00f3leo y mucha destrucci\u00f3n&#8221;<\/em>, a\u00f1ade el m\u00fasico. Para \u00e9l, la relevancia de este tema sigue vigente hoy en d\u00eda, con un mundo cada vez m\u00e1s polarizado y manipulado por la informaci\u00f3n medi\u00e1tica.<br><br>Con guitarras distorsionadas y una energ\u00eda visceral, la canci\u00f3n encapsula la intensidad de una era dominada por la desinformaci\u00f3n y el poder medi\u00e1tico. Este sencillo sigue a<strong><a href=\"https:\/\/facebook.us3.list-manage.com\/track\/click?u=565fa1dfc00aa3eb339f656f7&amp;id=252158e814&amp;e=b2bceb8dd3\" target=\"_blank\" rel=\"noreferrer noopener\">\u00a0Ever Since<\/a>,\u00a0<\/strong>lanzado en diciembre pasado, una canci\u00f3n que explora el amor desde una perspectiva energ\u00e9tica que corta de tajo las incertidumbres, fusionando el rock alternativo con matices modernos.<br><br>Adem\u00e1s de la expectativa por el lanzamiento de su \u00e1lbum en 2025,<strong>\u00a0Viktor Navajarro\u00a0<\/strong>visitar\u00e1 M\u00e9xico durante el primer semestre del a\u00f1o para una serie de conciertos en los que presentar\u00e1 en vivo sus m\u00e1s recientes composiciones. Esta gira representa una oportunidad para conectar con su p\u00fablico en Latinoam\u00e9rica.<br><br>Con una identidad musical arraigada en la resistencia y la autenticidad,\u00a0<strong>Viktor Najarro\u00a0<\/strong>contin\u00faa construyendo un legado dentro del rock alternativo con prop\u00f3sito.<strong>\u00a0The TV Liars\u00a0<\/strong>ya est\u00e1 disponible en todas las plataformas digitales, en su canal de\u00a0<strong><a href=\"https:\/\/facebook.us3.list-manage.com\/track\/click?u=565fa1dfc00aa3eb339f656f7&amp;id=71031c5402&amp;e=b2bceb8dd3\" target=\"_blank\" rel=\"noreferrer noopener\">Youtube<\/a><\/strong>\u00a0donde lanzar\u00e1 el videoclip oficial de la canci\u00f3n\u00a0y su pr\u00f3ximo \u00e1lbum promete consolidar su mensaje y sonido.<br><br><strong>Mantente al tanto de sus novedades sigui\u00e9ndolo en<a href=\"https:\/\/facebook.us3.list-manage.com\/track\/click?u=565fa1dfc00aa3eb339f656f7&amp;id=5e2709a3a1&amp;e=b2bceb8dd3\" target=\"_blank\" rel=\"noreferrer noopener\">\u00a0redes sociales<\/a>\u00a0y plataformas de streaming.<\/strong><\/td><\/tr><\/tbody><\/table><figcaption class=\"wp-element-caption\"><a href=\"https:\/\/www.facebook.com\/hashtag\/viktornajarro?__eep__=6&amp;__cft__[0]=AZWRmE7AdGBNqQ2pTKOaRDrflYBVb2NNmwFdgR4ijpvZhAH-uGMBC4I6jjb8N2jn7Dkh5OnmFnRFLA8UUCtBRAEaY4ebjpsssVSD4buflOklRWiqDQVpjKFOiG7HLy23Y3GA9Ddtiy-E6xb70oslU99F9zjEWowmUpGMfN0-N4P9RQ&amp;__tn__=*NK-R\">#viktornajarro<\/a><br><a href=\"https:\/\/www.facebook.com\/hashtag\/thetvliars?__eep__=6&amp;__cft__[0]=AZWRmE7AdGBNqQ2pTKOaRDrflYBVb2NNmwFdgR4ijpvZhAH-uGMBC4I6jjb8N2jn7Dkh5OnmFnRFLA8UUCtBRAEaY4ebjpsssVSD4buflOklRWiqDQVpjKFOiG7HLy23Y3GA9Ddtiy-E6xb70oslU99F9zjEWowmUpGMfN0-N4P9RQ&amp;__tn__=*NK-R\">#thetvliars<\/a><br><a href=\"https:\/\/www.facebook.com\/hashtag\/lanzamientomusical?__eep__=6&amp;__cft__[0]=AZWRmE7AdGBNqQ2pTKOaRDrflYBVb2NNmwFdgR4ijpvZhAH-uGMBC4I6jjb8N2jn7Dkh5OnmFnRFLA8UUCtBRAEaY4ebjpsssVSD4buflOklRWiqDQVpjKFOiG7HLy23Y3GA9Ddtiy-E6xb70oslU99F9zjEWowmUpGMfN0-N4P9RQ&amp;__tn__=*NK-R\">#lanzamientomusical<\/a><br><a href=\"https:\/\/www.facebook.com\/hashtag\/bitacotacdmx?__eep__=6&amp;__cft__[0]=AZWRmE7AdGBNqQ2pTKOaRDrflYBVb2NNmwFdgR4ijpvZhAH-uGMBC4I6jjb8N2jn7Dkh5OnmFnRFLA8UUCtBRAEaY4ebjpsssVSD4buflOklRWiqDQVpjKFOiG7HLy23Y3GA9Ddtiy-E6xb70oslU99F9zjEWowmUpGMfN0-N4P9RQ&amp;__tn__=*NK-R\">#bitacotacdmx<\/a><br><\/figcaption><\/figure>\n\n\n\n<figure class=\"wp-block-table\"><table><tbody><tr><td><\/td><\/tr><\/tbody><\/table><\/figure>\n","protected":false},"excerpt":{"rendered":"<p>REDACCI\u00d3N &#8211; The TV Liars,&nbsp;un sencillo que fusiona rock alternativo y grunge.&nbsp; &#8211; La canci\u00f3n critica la desinformaci\u00f3n medi\u00e1tica y est\u00e1 disponible el&nbsp;17 de febrero&nbsp;en plataformas digitales y su videoclip en su canal de&nbsp;Youtube. &#8211; En 2025 lanzar\u00e1 su nuevo \u00e1lbum y durante el primer semestre de este a\u00f1o visitar\u00e1 M\u00e9xico para una serie de conciertos. El m\u00fasico y activista\u00a0Viktor\u00a0Najarro\u00a0presenta\u00a0The TV Liars,\u00a0el segundo sencillo de su pr\u00f3ximo \u00e1lbum, programado para 2025. La canci\u00f3n llega a plataformas digitales a mediados de febrero, el lanzamiento marca una nueva etapa en su carrera, consolidando su sonido alternativo con tintes de grunge y rock [&hellip;]<\/p>\n","protected":false},"author":1,"featured_media":60754,"comment_status":"closed","ping_status":"closed","sticky":false,"template":"","format":"standard","meta":{"footnotes":""},"categories":[9,11],"tags":[],"_links":{"self":[{"href":"https:\/\/www.bitacoracdmx.com\/index.php?rest_route=\/wp\/v2\/posts\/60753"}],"collection":[{"href":"https:\/\/www.bitacoracdmx.com\/index.php?rest_route=\/wp\/v2\/posts"}],"about":[{"href":"https:\/\/www.bitacoracdmx.com\/index.php?rest_route=\/wp\/v2\/types\/post"}],"author":[{"embeddable":true,"href":"https:\/\/www.bitacoracdmx.com\/index.php?rest_route=\/wp\/v2\/users\/1"}],"replies":[{"embeddable":true,"href":"https:\/\/www.bitacoracdmx.com\/index.php?rest_route=%2Fwp%2Fv2%2Fcomments&post=60753"}],"version-history":[{"count":1,"href":"https:\/\/www.bitacoracdmx.com\/index.php?rest_route=\/wp\/v2\/posts\/60753\/revisions"}],"predecessor-version":[{"id":60755,"href":"https:\/\/www.bitacoracdmx.com\/index.php?rest_route=\/wp\/v2\/posts\/60753\/revisions\/60755"}],"wp:featuredmedia":[{"embeddable":true,"href":"https:\/\/www.bitacoracdmx.com\/index.php?rest_route=\/wp\/v2\/media\/60754"}],"wp:attachment":[{"href":"https:\/\/www.bitacoracdmx.com\/index.php?rest_route=%2Fwp%2Fv2%2Fmedia&parent=60753"}],"wp:term":[{"taxonomy":"category","embeddable":true,"href":"https:\/\/www.bitacoracdmx.com\/index.php?rest_route=%2Fwp%2Fv2%2Fcategories&post=60753"},{"taxonomy":"post_tag","embeddable":true,"href":"https:\/\/www.bitacoracdmx.com\/index.php?rest_route=%2Fwp%2Fv2%2Ftags&post=60753"}],"curies":[{"name":"wp","href":"https:\/\/api.w.org\/{rel}","templated":true}]}}