{"id":60768,"date":"2025-03-04T01:25:39","date_gmt":"2025-03-04T01:25:39","guid":{"rendered":"https:\/\/www.bitacoracdmx.com\/?p=60768"},"modified":"2025-03-04T01:25:40","modified_gmt":"2025-03-04T01:25:40","slug":"obra-inedita-de-jose-agustin-bano-de-unas-comienza-temporada-en-la-sala-hector-mendoza-de-la-compania-nacional-de-teatro","status":"publish","type":"post","link":"https:\/\/www.bitacoracdmx.com\/?p=60768","title":{"rendered":"Obra IN\u00c9DITA de JOS\u00c9 AGUST\u00cdN, BA\u00d1O DE U\u00d1AS, comienza temporada en la SALA H\u00c9CTOR MENDOZA de la COMPA\u00d1\u00cdA NACIONAL de TEATRO\u00a0"},"content":{"rendered":"\n<p><\/p>\n\n\n\n<p>REDACCI\u00d3N<\/p>\n\n\n\n<ul>\n<li><strong>La puesta en escena fusiona drama, comedia y cr\u00edtica social<\/strong>&nbsp;<\/li>\n<\/ul>\n\n\n\n<ul>\n<li><strong>Dirigida por Valeria Fabbri, la propuesta se presenta hasta el 30 de marzo de 2025<\/strong>&nbsp;<\/li>\n<\/ul>\n\n\n\n<p>La Secretar\u00eda de Cultura del Gobierno de M\u00e9xico, a trav\u00e9s del Instituto Nacional de Bellas Artes y Literatura (INBAL) y la Compa\u00f1\u00eda Nacional de Teatro (CNT), presenta <em>Ba\u00f1o de u\u00f1as<\/em>, una obra in\u00e9dita del reconocido escritor mexicano Jos\u00e9 Agust\u00edn (1944-2024), bajo la direcci\u00f3n de Valeria Fabbri en la Sala H\u00e9ctor Mendoza de la CNT.&nbsp;<\/p>\n\n\n\n<p>Mientras suenan temas de The Clash y Sex Pistols, el p\u00fablico ocupa sus butacas antes de que empiece a escucharse <em>Viviendo de noche,<\/em> de Veni Vidi Vici, canci\u00f3n que marca la tercera llamada. Entonces entran al escenario cuatro amigos (Hortensia, Gabriel, Lupe y \u00d3scar), quienes se re\u00fanen la noche del 6 de julio de 1988, en el contexto de la controvertida &#8220;ca\u00edda del sistema&#8221; durante las elecciones presidenciales en M\u00e9xico.&nbsp;<\/p>\n\n\n\n<p>De un solo acto, que combina drama y comedia, <em>Ba\u00f1o de u\u00f1as<\/em> es una propuesta con una fuerte carga de cr\u00edtica social y pol\u00edtica. En medio del desenfreno, Hortensia presenta una misteriosa cadena (de mensajes) que promete cambios positivos si se cumplen sus instrucciones.&nbsp;<\/p>\n\n\n\n<p>Ambientada en un departamento de los a\u00f1os ochenta, el escenario cuenta con dos sillones enfrentados, una peque\u00f1a mesita, una mesa cantinera con dos sillas y, al fondo, un inodoro y amplios ventanales. La atm\u00f3sfera id\u00f3nea para una noche de fiesta, sexo, alcohol y drogas, en la que se transporta al p\u00fablico a una experiencia surrealista en la que se combinan humor negro y cr\u00edtica social y pol\u00edtica.&nbsp;<\/p>\n\n\n\n<p>Los personajes se ven arrastrados por la embriaguez de la noche a un estado que desaf\u00eda su realidad. Mientras est\u00e1n en trance, de fondo se escuchan discursos pol\u00edticos sobre la democracia, el Tratado de Libre Comercio y las promesas de no privatizaci\u00f3n de empresas estatales. Adem\u00e1s, una televisi\u00f3n defectuosa transmite fragmentos de la noticia de la &#8220;ca\u00edda del sistema&#8221; y el triunfo del oficialismo, mientras los personajes intentan ajustarla para captar la se\u00f1al.&nbsp;<\/p>\n\n\n\n<p>El montaje fue recibido con entusiasmo por las personas que llenaron la Sala H\u00e9ctor Mendoza, incluida una gran cantidad de j\u00f3venes. El humor negro y la cr\u00edtica pol\u00edtica mantuvieron a las y los espectadores cautivados, lo que demostr\u00f3 la relevancia de la an\u00e9cdota hist\u00f3rica abordada por Jos\u00e9 Agust\u00edn hace d\u00e9cadas.&nbsp;<\/p>\n\n\n\n<p><em>Ba\u00f1o de u\u00f1as<\/em> tuvo su estreno en el marco del tributo a Jos\u00e9 Agust\u00edn, <em>Inventando que sue\u00f1o<\/em>, en el Complejo Cultural Los Pinos, en abril de 2024.&nbsp;&nbsp;<\/p>\n\n\n\n<p>El elenco lo componen Georgina Arriola Mart\u00ednez, Estefan\u00eda Norato, Med\u00edn Villatoro y Salvador Carmona, quienes dan vida a los personajes con una interpretaci\u00f3n llena de matices.&nbsp;<\/p>\n\n\n\n<p>La directora Valeria Fabbri destaca el valor simb\u00f3lico y cr\u00edtico de la obra: &#8220;<em>Ba\u00f1o de u\u00f1as<\/em> presenta una cr\u00edtica mordaz a la sociedad mexicana y su relaci\u00f3n con la pol\u00edtica, a trav\u00e9s de elementos simb\u00f3licos y absurdos. Es fascinante montar una obra que permaneci\u00f3 in\u00e9dita, guardada en un caj\u00f3n por m\u00e1s de 30 a\u00f1os y que recib\u00ed con el texto original escrito a m\u00e1quina, a\u00fan con anotaciones al pie de p\u00e1gina del propio Jos\u00e9 Agust\u00edn&#8221;.&nbsp;<\/p>\n\n\n\n<p>Aunque conocido principalmente por su narrativa, Jos\u00e9 Agust\u00edn, nacido en Acapulco en 1944, escribi\u00f3 libros ic\u00f3nicos como <em>Ciudades desiertas<\/em>, <em>De perfil<\/em> y <em>El rock de la c\u00e1rcel<\/em>. <em>Ba\u00f1o de u\u00f1as<\/em> representa una de sus pocas incursiones en el teatro. La obra, escrita en 1994, permaneci\u00f3 in\u00e9dita, fue rescatada tras su fallecimiento en Cuautla en enero de 2024.&nbsp;<\/p>\n\n\n\n<p>El dise\u00f1o esc\u00e9nico de Anabel Altamirano recrea fielmente la est\u00e9tica de los a\u00f1os ochenta, mientras que la iluminaci\u00f3n de Melisa Varish aporta atm\u00f3sferas que oscilan entre lo surreal y lo cotidiano. La m\u00fasica original y el dise\u00f1o sonoro, creados por Edwin Tovar, complementan la experiencia con temas de la \u00e9poca de artistas como Sting y efectos que sumergen al p\u00fablico en la noche surrealista del 6 de julio de 1988.&nbsp;<\/p>\n\n\n\n<p>La temporada de <em>Ba\u00f1o de u\u00f1as<\/em> se lleva a cabo hasta el 30 de marzo de 2025, con funciones los jueves y viernes a las 20:00 h, los s\u00e1bados a las 19:00 h y los domingos a las 18:00 h, en la Sala H\u00e9ctor Mendoza (Francisco Sosa 159, colonia Del Carmen, Coyoac\u00e1n, Ciudad de M\u00e9xico).&nbsp;&nbsp;<\/p>\n\n\n\n<p>Con una duraci\u00f3n de 75 minutos y una clasificaci\u00f3n para mayores de 15 a\u00f1os, el aforo est\u00e1 limitado a 70 personas por funci\u00f3n. La entrada es libre, pero se requiere registro previo al correo publicos.cnteatro@inba.gob.mx. \u00a1Reg\u00edstrate y asegura tu lugar! (Nota: No habr\u00e1 funci\u00f3n el 16 de marzo).\u00a0<\/p>\n\n\n\n<p><a href=\"https:\/\/www.facebook.com\/hashtag\/ba%C3%B1odeu%C3%B1as?__eep__=6&amp;__cft__[0]=AZV1ETETfjfXmRJg08D_JuBcQ2Qo5DQCSNFkI0YUdEOlb3dv0QRDK0BepU-PQuV4-e6a3lREoPpoPrfojGPtjg106cOyFYRrALqp4Dw6EB73emTW4bk58old4iXkn6XYYDg1z1339OpKt5aD0oX_ofVk&amp;__tn__=*NK-R\">#ba\u00f1odeu\u00f1as<\/a><\/p>\n\n\n\n<p><a href=\"https:\/\/www.facebook.com\/hashtag\/joseagustin?__eep__=6&amp;__cft__[0]=AZV1ETETfjfXmRJg08D_JuBcQ2Qo5DQCSNFkI0YUdEOlb3dv0QRDK0BepU-PQuV4-e6a3lREoPpoPrfojGPtjg106cOyFYRrALqp4Dw6EB73emTW4bk58old4iXkn6XYYDg1z1339OpKt5aD0oX_ofVk&amp;__tn__=*NK-R\">#joseagustin<\/a><\/p>\n\n\n\n<p><a href=\"https:\/\/www.facebook.com\/hashtag\/salahectormendoza?__eep__=6&amp;__cft__[0]=AZV1ETETfjfXmRJg08D_JuBcQ2Qo5DQCSNFkI0YUdEOlb3dv0QRDK0BepU-PQuV4-e6a3lREoPpoPrfojGPtjg106cOyFYRrALqp4Dw6EB73emTW4bk58old4iXkn6XYYDg1z1339OpKt5aD0oX_ofVk&amp;__tn__=*NK-R\">#salahectormendoza<\/a><\/p>\n\n\n\n<p><a href=\"https:\/\/www.facebook.com\/hashtag\/compa%C3%B1ianacionaldeteatro?__eep__=6&amp;__cft__[0]=AZV1ETETfjfXmRJg08D_JuBcQ2Qo5DQCSNFkI0YUdEOlb3dv0QRDK0BepU-PQuV4-e6a3lREoPpoPrfojGPtjg106cOyFYRrALqp4Dw6EB73emTW4bk58old4iXkn6XYYDg1z1339OpKt5aD0oX_ofVk&amp;__tn__=*NK-R\">#compa\u00f1ianacionaldeteatro<\/a><\/p>\n\n\n\n<p><a href=\"https:\/\/www.facebook.com\/hashtag\/secretariadecultura?__eep__=6&amp;__cft__[0]=AZV1ETETfjfXmRJg08D_JuBcQ2Qo5DQCSNFkI0YUdEOlb3dv0QRDK0BepU-PQuV4-e6a3lREoPpoPrfojGPtjg106cOyFYRrALqp4Dw6EB73emTW4bk58old4iXkn6XYYDg1z1339OpKt5aD0oX_ofVk&amp;__tn__=*NK-R\">#secretariadecultura<\/a><\/p>\n\n\n\n<p><a href=\"https:\/\/www.facebook.com\/hashtag\/bitacotacdmx?__eep__=6&amp;__cft__[0]=AZV1ETETfjfXmRJg08D_JuBcQ2Qo5DQCSNFkI0YUdEOlb3dv0QRDK0BepU-PQuV4-e6a3lREoPpoPrfojGPtjg106cOyFYRrALqp4Dw6EB73emTW4bk58old4iXkn6XYYDg1z1339OpKt5aD0oX_ofVk&amp;__tn__=*NK-R\">#bitacotacdmx<\/a><\/p>\n\n\n\n<p><a href=\"https:\/\/www.facebook.com\/hashtag\/cdmx?__eep__=6&amp;__cft__[0]=AZV1ETETfjfXmRJg08D_JuBcQ2Qo5DQCSNFkI0YUdEOlb3dv0QRDK0BepU-PQuV4-e6a3lREoPpoPrfojGPtjg106cOyFYRrALqp4Dw6EB73emTW4bk58old4iXkn6XYYDg1z1339OpKt5aD0oX_ofVk&amp;__tn__=*NK-R\">#CDMX<\/a><\/p>\n","protected":false},"excerpt":{"rendered":"<p>REDACCI\u00d3N La Secretar\u00eda de Cultura del Gobierno de M\u00e9xico, a trav\u00e9s del Instituto Nacional de Bellas Artes y Literatura (INBAL) y la Compa\u00f1\u00eda Nacional de Teatro (CNT), presenta Ba\u00f1o de u\u00f1as, una obra in\u00e9dita del reconocido escritor mexicano Jos\u00e9 Agust\u00edn (1944-2024), bajo la direcci\u00f3n de Valeria Fabbri en la Sala H\u00e9ctor Mendoza de la CNT.&nbsp; Mientras suenan temas de The Clash y Sex Pistols, el p\u00fablico ocupa sus butacas antes de que empiece a escucharse Viviendo de noche, de Veni Vidi Vici, canci\u00f3n que marca la tercera llamada. Entonces entran al escenario cuatro amigos (Hortensia, Gabriel, Lupe y \u00d3scar), quienes [&hellip;]<\/p>\n","protected":false},"author":1,"featured_media":60769,"comment_status":"closed","ping_status":"closed","sticky":false,"template":"","format":"standard","meta":{"footnotes":""},"categories":[9,14],"tags":[],"_links":{"self":[{"href":"https:\/\/www.bitacoracdmx.com\/index.php?rest_route=\/wp\/v2\/posts\/60768"}],"collection":[{"href":"https:\/\/www.bitacoracdmx.com\/index.php?rest_route=\/wp\/v2\/posts"}],"about":[{"href":"https:\/\/www.bitacoracdmx.com\/index.php?rest_route=\/wp\/v2\/types\/post"}],"author":[{"embeddable":true,"href":"https:\/\/www.bitacoracdmx.com\/index.php?rest_route=\/wp\/v2\/users\/1"}],"replies":[{"embeddable":true,"href":"https:\/\/www.bitacoracdmx.com\/index.php?rest_route=%2Fwp%2Fv2%2Fcomments&post=60768"}],"version-history":[{"count":1,"href":"https:\/\/www.bitacoracdmx.com\/index.php?rest_route=\/wp\/v2\/posts\/60768\/revisions"}],"predecessor-version":[{"id":60770,"href":"https:\/\/www.bitacoracdmx.com\/index.php?rest_route=\/wp\/v2\/posts\/60768\/revisions\/60770"}],"wp:featuredmedia":[{"embeddable":true,"href":"https:\/\/www.bitacoracdmx.com\/index.php?rest_route=\/wp\/v2\/media\/60769"}],"wp:attachment":[{"href":"https:\/\/www.bitacoracdmx.com\/index.php?rest_route=%2Fwp%2Fv2%2Fmedia&parent=60768"}],"wp:term":[{"taxonomy":"category","embeddable":true,"href":"https:\/\/www.bitacoracdmx.com\/index.php?rest_route=%2Fwp%2Fv2%2Fcategories&post=60768"},{"taxonomy":"post_tag","embeddable":true,"href":"https:\/\/www.bitacoracdmx.com\/index.php?rest_route=%2Fwp%2Fv2%2Ftags&post=60768"}],"curies":[{"name":"wp","href":"https:\/\/api.w.org\/{rel}","templated":true}]}}