{"id":60789,"date":"2025-03-04T02:17:00","date_gmt":"2025-03-04T02:17:00","guid":{"rendered":"https:\/\/www.bitacoracdmx.com\/?p=60789"},"modified":"2025-03-04T02:17:02","modified_gmt":"2025-03-04T02:17:02","slug":"bandalos-chinos-dara-su-primer-concierto-en-auditorio-nacional","status":"publish","type":"post","link":"https:\/\/www.bitacoracdmx.com\/?p=60789","title":{"rendered":"Bandalos Chinos dar\u00e1 su primer concierto en Auditorio Nacional"},"content":{"rendered":"\n<p><\/p>\n\n\n\n<p>REDACCI\u00d3N<\/p>\n\n\n\n<h3 class=\"wp-block-heading\">BANDALOS CHINOS LLEVAR\u00c1 \u201cEL RITMO\u201d AL AUDITORIO NACIONAL<\/h3>\n\n\n\n<h3 class=\"wp-block-heading\">EL PR\u00d3XIMO 22 DE OCTUBRE LA BANDA ARGENTINA HAR\u00c1 VIBRAR TERRITORIO AZTECA<\/h3>\n\n\n\n<h3 class=\"wp-block-heading\">PREVENTA BANAMEX: LUNES 3 DE MARZO<\/h3>\n\n\n\n<p><strong>Bandalos Chinos<\/strong>, el proyecto argentino que ha refrescado la escena musical regresa a nuestro pa\u00eds para hacer vibrar uno de los escenarios m\u00e1s importantes de territorio azteca: el&nbsp;<strong>Auditorio Nacional.&nbsp;<\/strong>El pr\u00f3ximo 22 de octubre la agrupaci\u00f3n har\u00e1 corear a sus seguidores con sus m\u00e1s grandes \u00e9xitos en el coloso de Reforma.<\/p>\n\n\n\n<p>Desde su formaci\u00f3n en 2009,&nbsp;<strong>Bandalos Chinos<\/strong>&nbsp;ha conquistado corazones con su peculiar estilo. Este mes, la banda lanz\u00f3 los sencillos \u201c<strong>El Ritmo\u201d,&nbsp;<\/strong>y<strong>&nbsp;\u201cComando Juntar\u201d<\/strong>, adelantos de su nuevo \u00e1lbum&nbsp;<strong>\u201cV\u00e1ndalos\u201d&nbsp;<\/strong>que saldr\u00e1 a la luz el 1 de abril.<\/p>\n\n\n\n<p><strong>En los Latin Grammy, Bandalos Chinos recibi\u00f3 una nominaci\u00f3n en la categor\u00eda de\u00a0<em>Mejor \u00c1lbum de M\u00fasica Alternativa<\/em>\u00a0por su disco\u00a0<em>BACH<\/em>\u00a0(2018), consolid\u00e1ndose como una de las bandas m\u00e1s innovadoras y destacadas de la escena musical latinoamericana.<\/strong><\/p>\n\n\n\n<p><strong><em>V\u00e1ndalos<\/em><\/strong>, es un disco producido junto a Ferm\u00edn Ugarte y grabado en los estudios Coco de Mart\u00ednez en Buenos Aires, Argentina. A pesar de que la banda deja a un lado el sonido risue\u00f1o y optimista de la trilog\u00eda&nbsp;<strong><em>Bach<\/em><\/strong>, as\u00ed como de&nbsp;<strong><em>Paranoia Pop<\/em><\/strong>&nbsp;de 2020 y&nbsp;<strong><em>El Big Blue<\/em><\/strong>&nbsp;de 2022, este nuevo trabajo no s\u00f3lo redefine su propuesta musical, sino que tambi\u00e9n desaf\u00eda la escena actual con una frescura. Adem\u00e1s su nuevo disco demuestra una evoluci\u00f3n art\u00edstica y su capacidad para reinventarse sin perder la esencia.<\/p>\n\n\n\n<p>Escucha en vivo canciones como&nbsp;<strong>\u201cEl Ritmo\u201d,<\/strong>&nbsp;<strong>\u201cV\u00e1monos de Viaje\u201d, \u201cMi fiesta\u201d y \u201cDemasiado\u201d,<\/strong>&nbsp;en su pr\u00f3xima visita a M\u00e9xico.<\/p>\n\n\n\n<p>Los boletos para el concierto del 22 de octubre estar\u00e1n disponibles en Preventa Banamex&nbsp;<strong>el pr\u00f3ximo 3 de marzo&nbsp;<\/strong>y un d\u00eda despu\u00e9s en las taquillas del inmueble a trav\u00e9s de Ticketmaster.<\/p>\n\n\n\n<p>No olviden estar pendiente de las redes sociales porque estamos seguros que vienen m\u00e1s sorpresas en vivo.<\/p>\n\n\n\n<p><a href=\"https:\/\/www.facebook.com\/hashtag\/bandaloschinos?__eep__=6&amp;__cft__[0]=AZVaObpjyCp-qOZNUvVs-17Bmy7ocWuHOOBlwIzYpbHETwH0O7NdtBciEZ9JZhP6z7s5hiD1HqRdPloHgfpZmb_Xf_ACrky-kUQ4xvMEnn4eMQwdLfyqRDsONutDaobXnAUH_OfR251SPvsWabhCMJQVaQJAxps-P8jHywlqb_FTtw&amp;__tn__=*NK-R\">#bandaloschinos<\/a><\/p>\n\n\n\n<p><a href=\"https:\/\/www.facebook.com\/hashtag\/auditorionacional?__eep__=6&amp;__cft__[0]=AZVaObpjyCp-qOZNUvVs-17Bmy7ocWuHOOBlwIzYpbHETwH0O7NdtBciEZ9JZhP6z7s5hiD1HqRdPloHgfpZmb_Xf_ACrky-kUQ4xvMEnn4eMQwdLfyqRDsONutDaobXnAUH_OfR251SPvsWabhCMJQVaQJAxps-P8jHywlqb_FTtw&amp;__tn__=*NK-R\">#AuditorioNacional<\/a><\/p>\n\n\n\n<p><a href=\"https:\/\/www.facebook.com\/hashtag\/ocesa?__eep__=6&amp;__cft__[0]=AZVaObpjyCp-qOZNUvVs-17Bmy7ocWuHOOBlwIzYpbHETwH0O7NdtBciEZ9JZhP6z7s5hiD1HqRdPloHgfpZmb_Xf_ACrky-kUQ4xvMEnn4eMQwdLfyqRDsONutDaobXnAUH_OfR251SPvsWabhCMJQVaQJAxps-P8jHywlqb_FTtw&amp;__tn__=*NK-R\">#OCESA<\/a><\/p>\n\n\n\n<p><a href=\"https:\/\/www.facebook.com\/hashtag\/ticketmaster?__eep__=6&amp;__cft__[0]=AZVaObpjyCp-qOZNUvVs-17Bmy7ocWuHOOBlwIzYpbHETwH0O7NdtBciEZ9JZhP6z7s5hiD1HqRdPloHgfpZmb_Xf_ACrky-kUQ4xvMEnn4eMQwdLfyqRDsONutDaobXnAUH_OfR251SPvsWabhCMJQVaQJAxps-P8jHywlqb_FTtw&amp;__tn__=*NK-R\">#ticketmaster<\/a><\/p>\n\n\n\n<p><a href=\"https:\/\/www.facebook.com\/hashtag\/bitacotacdmx?__eep__=6&amp;__cft__[0]=AZVaObpjyCp-qOZNUvVs-17Bmy7ocWuHOOBlwIzYpbHETwH0O7NdtBciEZ9JZhP6z7s5hiD1HqRdPloHgfpZmb_Xf_ACrky-kUQ4xvMEnn4eMQwdLfyqRDsONutDaobXnAUH_OfR251SPvsWabhCMJQVaQJAxps-P8jHywlqb_FTtw&amp;__tn__=*NK-R\">#bitacotacdmx<\/a><\/p>\n\n\n\n<p><a href=\"https:\/\/www.facebook.com\/hashtag\/cdmx?__eep__=6&amp;__cft__[0]=AZVaObpjyCp-qOZNUvVs-17Bmy7ocWuHOOBlwIzYpbHETwH0O7NdtBciEZ9JZhP6z7s5hiD1HqRdPloHgfpZmb_Xf_ACrky-kUQ4xvMEnn4eMQwdLfyqRDsONutDaobXnAUH_OfR251SPvsWabhCMJQVaQJAxps-P8jHywlqb_FTtw&amp;__tn__=*NK-R\">#CDMX<\/a><\/p>\n","protected":false},"excerpt":{"rendered":"<p>REDACCI\u00d3N BANDALOS CHINOS LLEVAR\u00c1 \u201cEL RITMO\u201d AL AUDITORIO NACIONAL EL PR\u00d3XIMO 22 DE OCTUBRE LA BANDA ARGENTINA HAR\u00c1 VIBRAR TERRITORIO AZTECA PREVENTA BANAMEX: LUNES 3 DE MARZO Bandalos Chinos, el proyecto argentino que ha refrescado la escena musical regresa a nuestro pa\u00eds para hacer vibrar uno de los escenarios m\u00e1s importantes de territorio azteca: el&nbsp;Auditorio Nacional.&nbsp;El pr\u00f3ximo 22 de octubre la agrupaci\u00f3n har\u00e1 corear a sus seguidores con sus m\u00e1s grandes \u00e9xitos en el coloso de Reforma. Desde su formaci\u00f3n en 2009,&nbsp;Bandalos Chinos&nbsp;ha conquistado corazones con su peculiar estilo. Este mes, la banda lanz\u00f3 los sencillos \u201cEl Ritmo\u201d,&nbsp;y&nbsp;\u201cComando Juntar\u201d, adelantos [&hellip;]<\/p>\n","protected":false},"author":1,"featured_media":60790,"comment_status":"closed","ping_status":"closed","sticky":false,"template":"","format":"standard","meta":{"footnotes":""},"categories":[9,11],"tags":[],"_links":{"self":[{"href":"https:\/\/www.bitacoracdmx.com\/index.php?rest_route=\/wp\/v2\/posts\/60789"}],"collection":[{"href":"https:\/\/www.bitacoracdmx.com\/index.php?rest_route=\/wp\/v2\/posts"}],"about":[{"href":"https:\/\/www.bitacoracdmx.com\/index.php?rest_route=\/wp\/v2\/types\/post"}],"author":[{"embeddable":true,"href":"https:\/\/www.bitacoracdmx.com\/index.php?rest_route=\/wp\/v2\/users\/1"}],"replies":[{"embeddable":true,"href":"https:\/\/www.bitacoracdmx.com\/index.php?rest_route=%2Fwp%2Fv2%2Fcomments&post=60789"}],"version-history":[{"count":1,"href":"https:\/\/www.bitacoracdmx.com\/index.php?rest_route=\/wp\/v2\/posts\/60789\/revisions"}],"predecessor-version":[{"id":60791,"href":"https:\/\/www.bitacoracdmx.com\/index.php?rest_route=\/wp\/v2\/posts\/60789\/revisions\/60791"}],"wp:featuredmedia":[{"embeddable":true,"href":"https:\/\/www.bitacoracdmx.com\/index.php?rest_route=\/wp\/v2\/media\/60790"}],"wp:attachment":[{"href":"https:\/\/www.bitacoracdmx.com\/index.php?rest_route=%2Fwp%2Fv2%2Fmedia&parent=60789"}],"wp:term":[{"taxonomy":"category","embeddable":true,"href":"https:\/\/www.bitacoracdmx.com\/index.php?rest_route=%2Fwp%2Fv2%2Fcategories&post=60789"},{"taxonomy":"post_tag","embeddable":true,"href":"https:\/\/www.bitacoracdmx.com\/index.php?rest_route=%2Fwp%2Fv2%2Ftags&post=60789"}],"curies":[{"name":"wp","href":"https:\/\/api.w.org\/{rel}","templated":true}]}}