{"id":60792,"date":"2025-03-04T02:21:14","date_gmt":"2025-03-04T02:21:14","guid":{"rendered":"https:\/\/www.bitacoracdmx.com\/?p=60792"},"modified":"2025-03-04T02:21:15","modified_gmt":"2025-03-04T02:21:15","slug":"tungas-llevara-su-punk-rock-a-otro-nivel","status":"publish","type":"post","link":"https:\/\/www.bitacoracdmx.com\/?p=60792","title":{"rendered":"\u00a1Tungas llevar\u00e1 su punk rock a otro nivel!"},"content":{"rendered":"\n<p><\/p>\n\n\n\n<p>REDACCI\u00d3N<\/p>\n\n\n\n<h3 class=\"wp-block-heading\">15 DE JUNIO \u2013 LUNARIO DEL AUDITORIO NACIONAL<\/h3>\n\n\n\n<h3 class=\"wp-block-heading\">PREVENTA BANAMEX: JUEVES 27 DE FEBRERO&nbsp; 11:00 AM<\/h3>\n\n\n\n<p><strong>La banda de banda de Punk-Rock es clave en el renacimiento del g\u00e9nero a nivel nacional<\/strong><\/p>\n\n\n\n<p><strong>Los Tungas<\/strong>, la banda originaria de la Ciudad de M\u00e9xico ha sobresalido en los \u00faltimos a\u00f1os por su distintivo punk rock chilango. Con una energ\u00eda \u00fanica y un sonido que captura la esencia de su barrio en Lindavista, se presentar\u00e1n con toda su potencia en el&nbsp;<strong>Lunario del Auditorio Nacional<\/strong>&nbsp;el pr\u00f3ximo&nbsp;<strong>15 de junio<\/strong>.<\/p>\n\n\n\n<p>Los Tungas no son una banda de amigos experimentando con la m\u00fasica; son una banda de m\u00fasica experimentando con la amistad. Declaraci\u00f3n un tanto cursi, pero totalmente honesta: Su pol\u00edtica no es la de una banda, sino la de seis integrantes que nacieron en el barrio de Lindavista, encontraron un santuario entre ellos y a partir de este formaron un v\u00ednculo mayor que cualquier distinci\u00f3n, g\u00e9nero o escena<\/p>\n\n\n\n<p>Tungas ha plasmado en sus letras una intensidad que trasciende y un estilo agresivo que ha calado hondo en los seguidores del punk, consolid\u00e1ndose como una de las bandas m\u00e1s sobresalientes del g\u00e9nero.<\/p>\n\n\n\n<p><strong> Tungas logr\u00f3 participar en el Vive Latino de 2012 tras ganar un concurso de bandas<\/strong><\/p>\n\n\n\n<p>Desde su formaci\u00f3n,&nbsp;Tungas&nbsp;se ha dedicado a llevar su m\u00fasica a cada rinc\u00f3n de M\u00e9xico con una energ\u00eda inigualable. En&nbsp;2009, el debut de la banda lleg\u00f3 con el \u00e1lbum,&nbsp;<em>Es lo mejor de seguir aqu\u00ed, as\u00ed como El esp\u00edritu del tiempo (2010)<\/em>,&nbsp;<em>Vamos perdiendo el coraz\u00f3n<\/em>&nbsp;(2014), y&nbsp;<em>No nacimos para triunfar (2018).<\/em><\/p>\n\n\n\n<p>Adquiere tus boletos en\u00a0<strong>Preventa Banamex a partir del jueves 27 de febrero<\/strong>\u00a0y, un d\u00eda despu\u00e9s, en las taquillas del inmueble o a trav\u00e9s de Ticketmaster.<\/p>\n\n\n\n<p><a href=\"https:\/\/www.facebook.com\/hashtag\/tungas?__eep__=6&amp;__cft__[0]=AZU_fRoM7iOV2Zxzz8EQW6r8ekEaFW3OlWEkdBWhvw3PXzvLA0jpQJqneOeD7x1DflqunNpZ18Odc9Pa6yFdbmmrvjm7GxF_GpBrscwlqFjYN2zoaPLZZ5mrmQOdU-COLOd8s0N_DLIh6DvtxWF7rgG_XCa5DmLbv9ps1DYKG_6E6w&amp;__tn__=*NK-R\">#tungas<\/a><\/p>\n\n\n\n<p><a href=\"https:\/\/www.facebook.com\/hashtag\/lunariodelauditorionacional?__eep__=6&amp;__cft__[0]=AZU_fRoM7iOV2Zxzz8EQW6r8ekEaFW3OlWEkdBWhvw3PXzvLA0jpQJqneOeD7x1DflqunNpZ18Odc9Pa6yFdbmmrvjm7GxF_GpBrscwlqFjYN2zoaPLZZ5mrmQOdU-COLOd8s0N_DLIh6DvtxWF7rgG_XCa5DmLbv9ps1DYKG_6E6w&amp;__tn__=*NK-R\">#lunariodelauditorionacional<\/a><\/p>\n\n\n\n<p><a href=\"https:\/\/www.facebook.com\/hashtag\/ocesa?__eep__=6&amp;__cft__[0]=AZU_fRoM7iOV2Zxzz8EQW6r8ekEaFW3OlWEkdBWhvw3PXzvLA0jpQJqneOeD7x1DflqunNpZ18Odc9Pa6yFdbmmrvjm7GxF_GpBrscwlqFjYN2zoaPLZZ5mrmQOdU-COLOd8s0N_DLIh6DvtxWF7rgG_XCa5DmLbv9ps1DYKG_6E6w&amp;__tn__=*NK-R\">#OCESA<\/a><\/p>\n\n\n\n<p><a href=\"https:\/\/www.facebook.com\/hashtag\/ticketmaster?__eep__=6&amp;__cft__[0]=AZU_fRoM7iOV2Zxzz8EQW6r8ekEaFW3OlWEkdBWhvw3PXzvLA0jpQJqneOeD7x1DflqunNpZ18Odc9Pa6yFdbmmrvjm7GxF_GpBrscwlqFjYN2zoaPLZZ5mrmQOdU-COLOd8s0N_DLIh6DvtxWF7rgG_XCa5DmLbv9ps1DYKG_6E6w&amp;__tn__=*NK-R\">#ticketmaster<\/a><\/p>\n\n\n\n<p><a href=\"https:\/\/www.facebook.com\/hashtag\/bitacotacdmx?__eep__=6&amp;__cft__[0]=AZU_fRoM7iOV2Zxzz8EQW6r8ekEaFW3OlWEkdBWhvw3PXzvLA0jpQJqneOeD7x1DflqunNpZ18Odc9Pa6yFdbmmrvjm7GxF_GpBrscwlqFjYN2zoaPLZZ5mrmQOdU-COLOd8s0N_DLIh6DvtxWF7rgG_XCa5DmLbv9ps1DYKG_6E6w&amp;__tn__=*NK-R\">#bitacotacdmx<\/a><\/p>\n\n\n\n<p><a href=\"https:\/\/www.facebook.com\/hashtag\/cdmx?__eep__=6&amp;__cft__[0]=AZU_fRoM7iOV2Zxzz8EQW6r8ekEaFW3OlWEkdBWhvw3PXzvLA0jpQJqneOeD7x1DflqunNpZ18Odc9Pa6yFdbmmrvjm7GxF_GpBrscwlqFjYN2zoaPLZZ5mrmQOdU-COLOd8s0N_DLIh6DvtxWF7rgG_XCa5DmLbv9ps1DYKG_6E6w&amp;__tn__=*NK-R\">#CDMX<\/a><\/p>\n","protected":false},"excerpt":{"rendered":"<p>REDACCI\u00d3N 15 DE JUNIO \u2013 LUNARIO DEL AUDITORIO NACIONAL PREVENTA BANAMEX: JUEVES 27 DE FEBRERO&nbsp; 11:00 AM La banda de banda de Punk-Rock es clave en el renacimiento del g\u00e9nero a nivel nacional Los Tungas, la banda originaria de la Ciudad de M\u00e9xico ha sobresalido en los \u00faltimos a\u00f1os por su distintivo punk rock chilango. Con una energ\u00eda \u00fanica y un sonido que captura la esencia de su barrio en Lindavista, se presentar\u00e1n con toda su potencia en el&nbsp;Lunario del Auditorio Nacional&nbsp;el pr\u00f3ximo&nbsp;15 de junio. Los Tungas no son una banda de amigos experimentando con la m\u00fasica; son una banda [&hellip;]<\/p>\n","protected":false},"author":1,"featured_media":60793,"comment_status":"closed","ping_status":"closed","sticky":false,"template":"","format":"standard","meta":{"footnotes":""},"categories":[9,11],"tags":[],"_links":{"self":[{"href":"https:\/\/www.bitacoracdmx.com\/index.php?rest_route=\/wp\/v2\/posts\/60792"}],"collection":[{"href":"https:\/\/www.bitacoracdmx.com\/index.php?rest_route=\/wp\/v2\/posts"}],"about":[{"href":"https:\/\/www.bitacoracdmx.com\/index.php?rest_route=\/wp\/v2\/types\/post"}],"author":[{"embeddable":true,"href":"https:\/\/www.bitacoracdmx.com\/index.php?rest_route=\/wp\/v2\/users\/1"}],"replies":[{"embeddable":true,"href":"https:\/\/www.bitacoracdmx.com\/index.php?rest_route=%2Fwp%2Fv2%2Fcomments&post=60792"}],"version-history":[{"count":1,"href":"https:\/\/www.bitacoracdmx.com\/index.php?rest_route=\/wp\/v2\/posts\/60792\/revisions"}],"predecessor-version":[{"id":60794,"href":"https:\/\/www.bitacoracdmx.com\/index.php?rest_route=\/wp\/v2\/posts\/60792\/revisions\/60794"}],"wp:featuredmedia":[{"embeddable":true,"href":"https:\/\/www.bitacoracdmx.com\/index.php?rest_route=\/wp\/v2\/media\/60793"}],"wp:attachment":[{"href":"https:\/\/www.bitacoracdmx.com\/index.php?rest_route=%2Fwp%2Fv2%2Fmedia&parent=60792"}],"wp:term":[{"taxonomy":"category","embeddable":true,"href":"https:\/\/www.bitacoracdmx.com\/index.php?rest_route=%2Fwp%2Fv2%2Fcategories&post=60792"},{"taxonomy":"post_tag","embeddable":true,"href":"https:\/\/www.bitacoracdmx.com\/index.php?rest_route=%2Fwp%2Fv2%2Ftags&post=60792"}],"curies":[{"name":"wp","href":"https:\/\/api.w.org\/{rel}","templated":true}]}}