{"id":60852,"date":"2025-03-06T02:14:25","date_gmt":"2025-03-06T02:14:25","guid":{"rendered":"https:\/\/www.bitacoracdmx.com\/?p=60852"},"modified":"2025-03-06T02:14:27","modified_gmt":"2025-03-06T02:14:27","slug":"fortalece-la-ciudad-de-mexico-su-presencia-en-el-mercado-turistico-aleman","status":"publish","type":"post","link":"https:\/\/www.bitacoracdmx.com\/?p=60852","title":{"rendered":"Fortalece la CIUDAD DE M\u00c9XICO su presencia en el MERCADO TUR\u00cdSTICO ALEM\u00c1N"},"content":{"rendered":"\n<p><\/p>\n\n\n\n<p>REDACCI\u00d3N<\/p>\n\n\n\n<ul>\n<li>M\u00e9xico recibe 300,000 visitantes desde Alemania&nbsp;<\/li>\n\n\n\n<li>La CDMX realiz\u00f3 una presentaci\u00f3n de destino en la Embajada de M\u00e9xico en Alemania<\/li>\n<\/ul>\n\n\n\n<p>Como parte de las acciones estrat\u00e9gicas de promoci\u00f3n, la Ciudad de M\u00e9xico tuvo una destacada participaci\u00f3n en la Feria Internacional de Turismo <strong>ITB Berl\u00edn<\/strong>, donde se realizaron m\u00e1s de 100 citas de negocios con tour operadores y asociaciones clave para fortalecer la presencia de la capital mexicana en el mercado europeo. Lo anterior, con el objetivo de incrementar el flujo de turismo alem\u00e1n hacia la Ciudad de M\u00e9xico con la meta de incremento&nbsp; en 35% para 2030.<\/p>\n\n\n\n<p>Asimismo, en la Embajada de M\u00e9xico en Alemania se ofreci\u00f3 una cena especial con la presentaci\u00f3n del destino Ciudad de M\u00e9xico, ante compradores y tour operadores alemanes, consolidando as\u00ed su posicionamiento como un referente tur\u00edstico mundial.<\/p>\n\n\n\n<p>El Embajador de M\u00e9xico en Alemania, Francisco Jos\u00e9 Quiroga Fern\u00e1ndez, subray\u00f3 el papel clave del turismo en la econom\u00eda nacional y el potencial del mercado alem\u00e1n, que anualmente registra cerca de 300,000 visitantes hacia M\u00e9xico. Actualmente, la conectividad entre ambos pa\u00edses es una de las m\u00e1s s\u00f3lidas de Europa, con m\u00e1s de 100 vuelos directos operando entre Alemania y M\u00e9xico en distintas ciudades de ambos pa\u00edses.<\/p>\n\n\n\n<p>M\u00e9xico es reconocido como uno de los destinos tur\u00edsticos m\u00e1s importantes a nivel global, con un amplio n\u00famero de sitios declarados Patrimonio de la Humanidad por la UNESCO y una oferta cultural, gastron\u00f3mica y de entretenimiento de clase mundial. En este contexto, la Ciudad de M\u00e9xico se posiciona como la capital cultural de Am\u00e9rica, un destino donde convergen historia, arquitectura, modernidad y una gastronom\u00eda galardonada a nivel internacional.<\/p>\n\n\n\n<p>El embajador Quiroga, destac\u00f3 la importancia del trabajo conjunto entre autoridades, empresas y organismos del sector para continuar impulsando el turismo. \u201cEstamos convencidos de que el \u00e9xito del turismo depende del esfuerzo colectivo de todos los actores de la industria. En Berl\u00edn, seguimos plenamente comprometidos con la promoci\u00f3n de la Ciudad de M\u00e9xico<strong> <\/strong>y con el apoyo a todas las iniciativas que fomenten la llegada de m\u00e1s viajeros a nuestro pa\u00eds\u201d, expres\u00f3.<\/p>\n\n\n\n<p>Con el mandato de la Jefa de Gobierno, Clara Brugada Molina, de posicionar a la Ciudad de M\u00e9xico como un referente para visitar e invertir, la Secretar\u00eda de Turismo de la Ciudad de M\u00e9xico y el Fondo Mixto de Promoci\u00f3n Tur\u00edstica refuerzan su compromiso de atraer m\u00e1s visitantes internacionales, la participaci\u00f3n en ITB Berl\u00edn fortalece la relaci\u00f3n entre M\u00e9xico y Alemania en el \u00e1mbito econ\u00f3mico y cultural.<\/p>\n\n\n\n<p><a href=\"https:\/\/www.facebook.com\/hashtag\/turismocdmx?__eep__=6&amp;__cft__[0]=AZUYU96VUpiw_6wzsWjvevs95asfQox6FEgacWXtKl5dxqoMgMzndV1vQKSMPPBGhat_o_B2bU_3CvDLu4wph7BtP83mktYXJujDH-wq7iGY7XWfrWnxgEFXAUaDSy4uHCcJ_1PpeiK42kBeNdj4Q_Nh&amp;__tn__=*NK-R\">#TurismoCDMX<\/a><\/p>\n\n\n\n<p><a href=\"https:\/\/www.facebook.com\/hashtag\/secretariadeturismocdmx?__eep__=6&amp;__cft__[0]=AZUYU96VUpiw_6wzsWjvevs95asfQox6FEgacWXtKl5dxqoMgMzndV1vQKSMPPBGhat_o_B2bU_3CvDLu4wph7BtP83mktYXJujDH-wq7iGY7XWfrWnxgEFXAUaDSy4uHCcJ_1PpeiK42kBeNdj4Q_Nh&amp;__tn__=*NK-R\">#secretariadeturismocdmx<\/a><\/p>\n\n\n\n<p><a href=\"https:\/\/www.facebook.com\/hashtag\/gobiernocdmx?__eep__=6&amp;__cft__[0]=AZUYU96VUpiw_6wzsWjvevs95asfQox6FEgacWXtKl5dxqoMgMzndV1vQKSMPPBGhat_o_B2bU_3CvDLu4wph7BtP83mktYXJujDH-wq7iGY7XWfrWnxgEFXAUaDSy4uHCcJ_1PpeiK42kBeNdj4Q_Nh&amp;__tn__=*NK-R\">#GobiernoCDMX<\/a><\/p>\n\n\n\n<p><a href=\"https:\/\/www.facebook.com\/hashtag\/bitacoracdmx?__eep__=6&amp;__cft__[0]=AZUYU96VUpiw_6wzsWjvevs95asfQox6FEgacWXtKl5dxqoMgMzndV1vQKSMPPBGhat_o_B2bU_3CvDLu4wph7BtP83mktYXJujDH-wq7iGY7XWfrWnxgEFXAUaDSy4uHCcJ_1PpeiK42kBeNdj4Q_Nh&amp;__tn__=*NK-R\">#bitacoracdmx<\/a><\/p>\n\n\n\n<p><a href=\"https:\/\/www.facebook.com\/hashtag\/cdmx?__eep__=6&amp;__cft__[0]=AZUYU96VUpiw_6wzsWjvevs95asfQox6FEgacWXtKl5dxqoMgMzndV1vQKSMPPBGhat_o_B2bU_3CvDLu4wph7BtP83mktYXJujDH-wq7iGY7XWfrWnxgEFXAUaDSy4uHCcJ_1PpeiK42kBeNdj4Q_Nh&amp;__tn__=*NK-R\">#CDMX<\/a><\/p>\n","protected":false},"excerpt":{"rendered":"<p>REDACCI\u00d3N Como parte de las acciones estrat\u00e9gicas de promoci\u00f3n, la Ciudad de M\u00e9xico tuvo una destacada participaci\u00f3n en la Feria Internacional de Turismo ITB Berl\u00edn, donde se realizaron m\u00e1s de 100 citas de negocios con tour operadores y asociaciones clave para fortalecer la presencia de la capital mexicana en el mercado europeo. Lo anterior, con el objetivo de incrementar el flujo de turismo alem\u00e1n hacia la Ciudad de M\u00e9xico con la meta de incremento&nbsp; en 35% para 2030. Asimismo, en la Embajada de M\u00e9xico en Alemania se ofreci\u00f3 una cena especial con la presentaci\u00f3n del destino Ciudad de M\u00e9xico, ante [&hellip;]<\/p>\n","protected":false},"author":1,"featured_media":60853,"comment_status":"closed","ping_status":"closed","sticky":false,"template":"","format":"standard","meta":{"footnotes":""},"categories":[9,16],"tags":[],"_links":{"self":[{"href":"https:\/\/www.bitacoracdmx.com\/index.php?rest_route=\/wp\/v2\/posts\/60852"}],"collection":[{"href":"https:\/\/www.bitacoracdmx.com\/index.php?rest_route=\/wp\/v2\/posts"}],"about":[{"href":"https:\/\/www.bitacoracdmx.com\/index.php?rest_route=\/wp\/v2\/types\/post"}],"author":[{"embeddable":true,"href":"https:\/\/www.bitacoracdmx.com\/index.php?rest_route=\/wp\/v2\/users\/1"}],"replies":[{"embeddable":true,"href":"https:\/\/www.bitacoracdmx.com\/index.php?rest_route=%2Fwp%2Fv2%2Fcomments&post=60852"}],"version-history":[{"count":1,"href":"https:\/\/www.bitacoracdmx.com\/index.php?rest_route=\/wp\/v2\/posts\/60852\/revisions"}],"predecessor-version":[{"id":60854,"href":"https:\/\/www.bitacoracdmx.com\/index.php?rest_route=\/wp\/v2\/posts\/60852\/revisions\/60854"}],"wp:featuredmedia":[{"embeddable":true,"href":"https:\/\/www.bitacoracdmx.com\/index.php?rest_route=\/wp\/v2\/media\/60853"}],"wp:attachment":[{"href":"https:\/\/www.bitacoracdmx.com\/index.php?rest_route=%2Fwp%2Fv2%2Fmedia&parent=60852"}],"wp:term":[{"taxonomy":"category","embeddable":true,"href":"https:\/\/www.bitacoracdmx.com\/index.php?rest_route=%2Fwp%2Fv2%2Fcategories&post=60852"},{"taxonomy":"post_tag","embeddable":true,"href":"https:\/\/www.bitacoracdmx.com\/index.php?rest_route=%2Fwp%2Fv2%2Ftags&post=60852"}],"curies":[{"name":"wp","href":"https:\/\/api.w.org\/{rel}","templated":true}]}}