{"id":60864,"date":"2025-03-06T02:59:09","date_gmt":"2025-03-06T02:59:09","guid":{"rendered":"https:\/\/www.bitacoracdmx.com\/?p=60864"},"modified":"2025-03-06T02:59:11","modified_gmt":"2025-03-06T02:59:11","slug":"royal-republic-sacudira-el-vive-latino-por-primera-vez-en-mexico","status":"publish","type":"post","link":"https:\/\/www.bitacoracdmx.com\/?p=60864","title":{"rendered":"Royal Republic sacudir\u00e1 el Vive Latino:\u00a0por primera vez en M\u00e9xico"},"content":{"rendered":"\n<p><\/p>\n\n\n\n<p>Por: <strong><em>Jorge Yeicatl\/ <\/em><\/strong><a href=\"https:\/\/twitter.com\/Jorge_Yeicatl\"><strong><em>@Jorge_Yeicatl <\/em><\/strong><\/a><strong><em>\/ <\/em><\/strong><a href=\"https:\/\/www.instagram.com\/desconocido_tour\/?hl=es-la\"><strong><em>@desconocido_tour<\/em><\/strong><\/a><\/p>\n\n\n\n<p>La banda sueca Royal Republic se presentar\u00e1 por primera vez en tierras mexicanas durante el Vive Latino, que se llevar\u00e1 a cabo los d\u00edas 15 y 16 de marzo en el Estadio GNP Seguros de la Ciudad de M\u00e9xico.&nbsp;&nbsp;<\/p>\n\n\n\n<p>A trav\u00e9s de una rueda de prensa por la plataforma zoom, la agrupaci\u00f3n integrada por el cantante y guitarrista Adam Grahn, el guitarrista Hannes Irengard, el bajista Jonas Alm\u00e9n y el baterista Per Andreasson, ha expresado su entusiasmo por esta nueva experiencia y la oportunidad de conectar con el p\u00fablico mexicano.<\/p>\n\n\n\n<p>La agrupaci\u00f3n se mostr\u00f3 emocionada por interpretar sus hits&nbsp; en un festival tan importante para la m\u00fasica en Am\u00e9rica. El ambiente de los festivales para la banda es importante ya que logran obtener&nbsp; nuevos fans. Adem\u00e1s, de este modo logran hacer una presentaci\u00f3n m\u00e1s intensa y movida, como lo suelen ser sus conciertos en solitario.<\/p>\n\n\n\n<p>A su vez la participaci\u00f3n de Royal Republic en el Vive Latino 2025 coincide con el lanzamiento de su quinto \u00e1lbum de estudio, &#8220;LoveCop&#8221;, en 2024. Este disco muestra una evoluci\u00f3n en su sonido, incorporando influencias disco y funk, lo que garantiza una experiencia musical diversa y energ\u00e9tica para los asistentes al festival.<\/p>\n\n\n\n<p>La banda tambi\u00e9n destac\u00f3 el buen momento que atraviesan las agrupaciones suecas a nivel mundial. Mencionaron que grupos como The Hives han contribuido a que m\u00e1s personas conozcan su cultura y la manera en que la m\u00fasica refleja los sentimientos del pa\u00eds europeo.<\/p>\n\n\n\n<p>La inclusi\u00f3n de Royal Republic en el cartel del Vive Latino 2025 refleja la apertura del festival a propuestas internacionales y la diversidad musical que lo caracteriza. Los seguidores de la banda y los asistentes al festival pueden esperar una presentaci\u00f3n llena de energ\u00eda y nuevas propuestas sonoras que enriquecer\u00e1n la experiencia del evento.<\/p>\n\n\n\n<p><a href=\"https:\/\/www.facebook.com\/hashtag\/royalrepublic?__eep__=6&amp;__cft__[0]=AZUdQiHhUmzQiHAepj7-UGe8j7Q7uy-MAfzGFQPXDlgWPmeWZZHJokV85XnuF1fR7s47WG4gOzeXCalJd72IQ7DvYLdcBCTkR1iTujzGIgeSG0L0xwnWnI6r4pWPBAfJnBSEffSa0ZuxL6oDw3VSFOiwnnFDLtBnaSq5tJepZQr50g&amp;__tn__=*NK-R\">#royalrepublic<\/a><\/p>\n\n\n\n<p><a href=\"https:\/\/www.facebook.com\/hashtag\/estadiognpseguros?__eep__=6&amp;__cft__[0]=AZUdQiHhUmzQiHAepj7-UGe8j7Q7uy-MAfzGFQPXDlgWPmeWZZHJokV85XnuF1fR7s47WG4gOzeXCalJd72IQ7DvYLdcBCTkR1iTujzGIgeSG0L0xwnWnI6r4pWPBAfJnBSEffSa0ZuxL6oDw3VSFOiwnnFDLtBnaSq5tJepZQr50g&amp;__tn__=*NK-R\">#EstadioGNPSeguros<\/a><\/p>\n\n\n\n<p><a href=\"https:\/\/www.facebook.com\/hashtag\/vivelatino?__eep__=6&amp;__cft__[0]=AZUdQiHhUmzQiHAepj7-UGe8j7Q7uy-MAfzGFQPXDlgWPmeWZZHJokV85XnuF1fR7s47WG4gOzeXCalJd72IQ7DvYLdcBCTkR1iTujzGIgeSG0L0xwnWnI6r4pWPBAfJnBSEffSa0ZuxL6oDw3VSFOiwnnFDLtBnaSq5tJepZQr50g&amp;__tn__=*NK-R\">#ViveLatino<\/a><\/p>\n\n\n\n<p><a href=\"https:\/\/www.facebook.com\/hashtag\/vivelatino2025?__eep__=6&amp;__cft__[0]=AZUdQiHhUmzQiHAepj7-UGe8j7Q7uy-MAfzGFQPXDlgWPmeWZZHJokV85XnuF1fR7s47WG4gOzeXCalJd72IQ7DvYLdcBCTkR1iTujzGIgeSG0L0xwnWnI6r4pWPBAfJnBSEffSa0ZuxL6oDw3VSFOiwnnFDLtBnaSq5tJepZQr50g&amp;__tn__=*NK-R\">#ViveLatino2025<\/a><\/p>\n\n\n\n<p><a href=\"https:\/\/www.facebook.com\/hashtag\/ocesa?__eep__=6&amp;__cft__[0]=AZUdQiHhUmzQiHAepj7-UGe8j7Q7uy-MAfzGFQPXDlgWPmeWZZHJokV85XnuF1fR7s47WG4gOzeXCalJd72IQ7DvYLdcBCTkR1iTujzGIgeSG0L0xwnWnI6r4pWPBAfJnBSEffSa0ZuxL6oDw3VSFOiwnnFDLtBnaSq5tJepZQr50g&amp;__tn__=*NK-R\">#OCESA<\/a><\/p>\n\n\n\n<p><a href=\"https:\/\/www.facebook.com\/hashtag\/ticketmaster?__eep__=6&amp;__cft__[0]=AZUdQiHhUmzQiHAepj7-UGe8j7Q7uy-MAfzGFQPXDlgWPmeWZZHJokV85XnuF1fR7s47WG4gOzeXCalJd72IQ7DvYLdcBCTkR1iTujzGIgeSG0L0xwnWnI6r4pWPBAfJnBSEffSa0ZuxL6oDw3VSFOiwnnFDLtBnaSq5tJepZQr50g&amp;__tn__=*NK-R\">#Ticketmaster<\/a><\/p>\n\n\n\n<p><a href=\"https:\/\/www.facebook.com\/hashtag\/bitacoracdmx?__eep__=6&amp;__cft__[0]=AZUdQiHhUmzQiHAepj7-UGe8j7Q7uy-MAfzGFQPXDlgWPmeWZZHJokV85XnuF1fR7s47WG4gOzeXCalJd72IQ7DvYLdcBCTkR1iTujzGIgeSG0L0xwnWnI6r4pWPBAfJnBSEffSa0ZuxL6oDw3VSFOiwnnFDLtBnaSq5tJepZQr50g&amp;__tn__=*NK-R\">#bitacoracdmx<\/a><\/p>\n\n\n\n<p><a href=\"https:\/\/www.facebook.com\/hashtag\/cdmx?__eep__=6&amp;__cft__[0]=AZUdQiHhUmzQiHAepj7-UGe8j7Q7uy-MAfzGFQPXDlgWPmeWZZHJokV85XnuF1fR7s47WG4gOzeXCalJd72IQ7DvYLdcBCTkR1iTujzGIgeSG0L0xwnWnI6r4pWPBAfJnBSEffSa0ZuxL6oDw3VSFOiwnnFDLtBnaSq5tJepZQr50g&amp;__tn__=*NK-R\">#CDMX<\/a><\/p>\n","protected":false},"excerpt":{"rendered":"<p>Por: Jorge Yeicatl\/ @Jorge_Yeicatl \/ @desconocido_tour La banda sueca Royal Republic se presentar\u00e1 por primera vez en tierras mexicanas durante el Vive Latino, que se llevar\u00e1 a cabo los d\u00edas 15 y 16 de marzo en el Estadio GNP Seguros de la Ciudad de M\u00e9xico.&nbsp;&nbsp; A trav\u00e9s de una rueda de prensa por la plataforma zoom, la agrupaci\u00f3n integrada por el cantante y guitarrista Adam Grahn, el guitarrista Hannes Irengard, el bajista Jonas Alm\u00e9n y el baterista Per Andreasson, ha expresado su entusiasmo por esta nueva experiencia y la oportunidad de conectar con el p\u00fablico mexicano. La agrupaci\u00f3n se mostr\u00f3 [&hellip;]<\/p>\n","protected":false},"author":1,"featured_media":60865,"comment_status":"closed","ping_status":"closed","sticky":false,"template":"","format":"standard","meta":{"footnotes":""},"categories":[9,11],"tags":[],"_links":{"self":[{"href":"https:\/\/www.bitacoracdmx.com\/index.php?rest_route=\/wp\/v2\/posts\/60864"}],"collection":[{"href":"https:\/\/www.bitacoracdmx.com\/index.php?rest_route=\/wp\/v2\/posts"}],"about":[{"href":"https:\/\/www.bitacoracdmx.com\/index.php?rest_route=\/wp\/v2\/types\/post"}],"author":[{"embeddable":true,"href":"https:\/\/www.bitacoracdmx.com\/index.php?rest_route=\/wp\/v2\/users\/1"}],"replies":[{"embeddable":true,"href":"https:\/\/www.bitacoracdmx.com\/index.php?rest_route=%2Fwp%2Fv2%2Fcomments&post=60864"}],"version-history":[{"count":1,"href":"https:\/\/www.bitacoracdmx.com\/index.php?rest_route=\/wp\/v2\/posts\/60864\/revisions"}],"predecessor-version":[{"id":60866,"href":"https:\/\/www.bitacoracdmx.com\/index.php?rest_route=\/wp\/v2\/posts\/60864\/revisions\/60866"}],"wp:featuredmedia":[{"embeddable":true,"href":"https:\/\/www.bitacoracdmx.com\/index.php?rest_route=\/wp\/v2\/media\/60865"}],"wp:attachment":[{"href":"https:\/\/www.bitacoracdmx.com\/index.php?rest_route=%2Fwp%2Fv2%2Fmedia&parent=60864"}],"wp:term":[{"taxonomy":"category","embeddable":true,"href":"https:\/\/www.bitacoracdmx.com\/index.php?rest_route=%2Fwp%2Fv2%2Fcategories&post=60864"},{"taxonomy":"post_tag","embeddable":true,"href":"https:\/\/www.bitacoracdmx.com\/index.php?rest_route=%2Fwp%2Fv2%2Ftags&post=60864"}],"curies":[{"name":"wp","href":"https:\/\/api.w.org\/{rel}","templated":true}]}}