{"id":60870,"date":"2025-03-06T03:41:35","date_gmt":"2025-03-06T03:41:35","guid":{"rendered":"https:\/\/www.bitacoracdmx.com\/?p=60870"},"modified":"2025-03-06T03:41:36","modified_gmt":"2025-03-06T03:41:36","slug":"duelo-en-la-arena-ciudad-de-mexico-un-sueno-cumplido-y-un-nuevo-desafio","status":"publish","type":"post","link":"https:\/\/www.bitacoracdmx.com\/?p=60870","title":{"rendered":"Duelo en la Arena Ciudad de M\u00e9xico: un sue\u00f1o cumplido y un nuevo Desaf\u00edo"},"content":{"rendered":"\n<p><\/p>\n\n\n\n<p>Por: <strong><em>Jorge Yeicatl\/ <\/em><\/strong><a href=\"https:\/\/twitter.com\/Jorge_Yeicatl\"><strong><em>@Jorge_Yeicatl <\/em><\/strong><\/a><strong><em>\/ <\/em><\/strong><a href=\"https:\/\/www.instagram.com\/desconocido_tour\/?hl=es-la\"><strong><em>@desconocido_tour<\/em><\/strong><\/a><\/p>\n\n\n\n<p>Por primera vez en su carrera, Duelo pisa el escenario de la Arena Ciudad de M\u00e9xico el pr\u00f3ximo 22 de marzo a las 21:00 hrs, un logro que marca un antes y un despu\u00e9s en su trayectoria. Para la agrupaci\u00f3n, este evento no solo representa un hito profesional, sino tambi\u00e9n la superaci\u00f3n de m\u00faltiples obst\u00e1culos que, en sus inicios, hicieron dif\u00edcil llegar a la capital mexicana.<\/p>\n\n\n\n<p>&#8220;Cuando comenzamos en la m\u00fasica, venir a M\u00e9xico era algo sumamente complicado. A pesar del \u00e9xito en el norte, expandir nuestra carrera y nombre m\u00e1s all\u00e1 de Monterrey y Texas no fue sencillo. Hab\u00eda muchas barreras que deb\u00edamos superar para llegar aqu\u00ed. Por eso, estar en la Ciudad de M\u00e9xico significa mucho para nosotros&#8221;, expresaron con emoci\u00f3n.<\/p>\n\n\n\n<figure class=\"wp-block-image size-full\"><img loading=\"lazy\" decoding=\"async\" width=\"1199\" height=\"1600\" src=\"https:\/\/www.bitacoracdmx.com\/wp-content\/uploads\/2025\/03\/WhatsApp-Image-2025-03-05-at-7.09.54-PM.jpeg\" alt=\"\" class=\"wp-image-60872\"\/><\/figure>\n\n\n\n<p>El grupo reconoce la importancia del p\u00fablico mexicano, destacando su autenticidad y exigencia. &#8220;La gente de M\u00e9xico sabe lo que quiere. Es un reto grand\u00edsimo, pero tambi\u00e9n un honor ser parte de sus vidas y corazones. Estar aqu\u00ed en la Arena Ciudad de M\u00e9xico es un logro inmenso y un momento hist\u00f3rico para Duelo. Al recorrer los camerinos y ver las fotograf\u00edas de los artistas que han conquistado este recinto, nos llena de emoci\u00f3n y aspiramos a que alg\u00fan d\u00eda nuestra imagen est\u00e9 ah\u00ed tambi\u00e9n. Esperamos que esta sea la primera de muchas presentaciones.&#8221;<\/p>\n\n\n\n<p>M\u00e1s all\u00e1 del escenario, la banda ha experimentado una evoluci\u00f3n constante en su sonido y estilo musical. &#8220;Respetamos la esencia de la m\u00fasica norte\u00f1a, con sus cuatro o cinco instrumentos b\u00e1sicos, pero siempre buscamos mejorar en calidad y sonido. La evoluci\u00f3n se da todos los d\u00edas, desde la manera en que grabamos hasta las letras que escribimos.&#8221;<\/p>\n\n\n\n<p>El grupo reconoce que, con el paso del tiempo, su perspectiva y proceso creativo han cambiado. &#8220;Es imposible escribir una canci\u00f3n igual que hace 20 a\u00f1os porque no somos los mismos artistas ni las mismas personas. Cada presentaci\u00f3n nos transforma y nos ense\u00f1a algo nuevo sobre el p\u00fablico y su conexi\u00f3n con nuestra m\u00fasica.&#8221;<\/p>\n\n\n\n<figure class=\"wp-block-image size-full\"><img loading=\"lazy\" decoding=\"async\" width=\"1199\" height=\"1600\" src=\"https:\/\/www.bitacoracdmx.com\/wp-content\/uploads\/2025\/03\/WhatsApp-Image-2025-03-05-at-7.10.30-PM-1.jpeg\" alt=\"\" class=\"wp-image-60873\"\/><\/figure>\n\n\n\n<p>A pesar de los cambios, la agrupaci\u00f3n mantiene un compromiso firme: ofrecer siempre lo mejor a su audiencia. &#8220;Cada canci\u00f3n que grabamos es la mejor versi\u00f3n de nosotros en ese momento. Queremos que cuando la gente escuche a \u00d3scar Iv\u00e1n Trevi\u00f1o y a Duelo, diga: &#8216;hicieron lo mejor que pudieron&#8217;.&#8221;<\/p>\n\n\n\n<p>Con esta primera presentaci\u00f3n en la Arena Ciudad de M\u00e9xico en compa\u00f1\u00eda de El Poder del Norte de Arturo Buenrostro, Duelo reafirma su crecimiento y su lugar en la escena musical. La banda sigue escribiendo su historia, con la esperanza de que este sea solo el comienzo de una nueva etapa en su carrera.<\/p>\n\n\n\n<p><a href=\"https:\/\/www.facebook.com\/hashtag\/grupoduelo?__eep__=6&amp;__cft__[0]=AZU3GhPedvh8KUemewcGUgku9RYZzk_G2o4oUcKY8r_RRyKOg5Z0KZmNGMO37Kvc8gwzD7GmIJh68BwEKn9ffG6KTq43K51pMUyvYRZLVZ2I6A2Xiqdn1kBI0eunNeJgVgfxfUzYf9EX9rLeClzvxKMW&amp;__tn__=*NK-R\">#GrupoDuelo<\/a><\/p>\n\n\n\n<p><a href=\"https:\/\/www.facebook.com\/hashtag\/arenacdmx?__eep__=6&amp;__cft__[0]=AZU3GhPedvh8KUemewcGUgku9RYZzk_G2o4oUcKY8r_RRyKOg5Z0KZmNGMO37Kvc8gwzD7GmIJh68BwEKn9ffG6KTq43K51pMUyvYRZLVZ2I6A2Xiqdn1kBI0eunNeJgVgfxfUzYf9EX9rLeClzvxKMW&amp;__tn__=*NK-R\">#ArenaCDMX<\/a><\/p>\n\n\n\n<p><a href=\"https:\/\/www.facebook.com\/hashtag\/zignialive?__eep__=6&amp;__cft__[0]=AZU3GhPedvh8KUemewcGUgku9RYZzk_G2o4oUcKY8r_RRyKOg5Z0KZmNGMO37Kvc8gwzD7GmIJh68BwEKn9ffG6KTq43K51pMUyvYRZLVZ2I6A2Xiqdn1kBI0eunNeJgVgfxfUzYf9EX9rLeClzvxKMW&amp;__tn__=*NK-R\">#zignialive<\/a><\/p>\n\n\n\n<p><a href=\"https:\/\/www.facebook.com\/hashtag\/superboletos?__eep__=6&amp;__cft__[0]=AZU3GhPedvh8KUemewcGUgku9RYZzk_G2o4oUcKY8r_RRyKOg5Z0KZmNGMO37Kvc8gwzD7GmIJh68BwEKn9ffG6KTq43K51pMUyvYRZLVZ2I6A2Xiqdn1kBI0eunNeJgVgfxfUzYf9EX9rLeClzvxKMW&amp;__tn__=*NK-R\">#SuperBoletos<\/a><\/p>\n\n\n\n<p><a href=\"https:\/\/www.facebook.com\/hashtag\/bitacoracdmx?__eep__=6&amp;__cft__[0]=AZU3GhPedvh8KUemewcGUgku9RYZzk_G2o4oUcKY8r_RRyKOg5Z0KZmNGMO37Kvc8gwzD7GmIJh68BwEKn9ffG6KTq43K51pMUyvYRZLVZ2I6A2Xiqdn1kBI0eunNeJgVgfxfUzYf9EX9rLeClzvxKMW&amp;__tn__=*NK-R\">#bitacoracdmx<\/a><\/p>\n\n\n\n<p><a href=\"https:\/\/www.facebook.com\/hashtag\/cdmx?__eep__=6&amp;__cft__[0]=AZU3GhPedvh8KUemewcGUgku9RYZzk_G2o4oUcKY8r_RRyKOg5Z0KZmNGMO37Kvc8gwzD7GmIJh68BwEKn9ffG6KTq43K51pMUyvYRZLVZ2I6A2Xiqdn1kBI0eunNeJgVgfxfUzYf9EX9rLeClzvxKMW&amp;__tn__=*NK-R\">#CDMX<\/a><\/p>\n","protected":false},"excerpt":{"rendered":"<p>Por: Jorge Yeicatl\/ @Jorge_Yeicatl \/ @desconocido_tour Por primera vez en su carrera, Duelo pisa el escenario de la Arena Ciudad de M\u00e9xico el pr\u00f3ximo 22 de marzo a las 21:00 hrs, un logro que marca un antes y un despu\u00e9s en su trayectoria. Para la agrupaci\u00f3n, este evento no solo representa un hito profesional, sino tambi\u00e9n la superaci\u00f3n de m\u00faltiples obst\u00e1culos que, en sus inicios, hicieron dif\u00edcil llegar a la capital mexicana. &#8220;Cuando comenzamos en la m\u00fasica, venir a M\u00e9xico era algo sumamente complicado. A pesar del \u00e9xito en el norte, expandir nuestra carrera y nombre m\u00e1s all\u00e1 de Monterrey [&hellip;]<\/p>\n","protected":false},"author":1,"featured_media":60871,"comment_status":"closed","ping_status":"closed","sticky":false,"template":"","format":"standard","meta":{"footnotes":""},"categories":[9,11],"tags":[],"_links":{"self":[{"href":"https:\/\/www.bitacoracdmx.com\/index.php?rest_route=\/wp\/v2\/posts\/60870"}],"collection":[{"href":"https:\/\/www.bitacoracdmx.com\/index.php?rest_route=\/wp\/v2\/posts"}],"about":[{"href":"https:\/\/www.bitacoracdmx.com\/index.php?rest_route=\/wp\/v2\/types\/post"}],"author":[{"embeddable":true,"href":"https:\/\/www.bitacoracdmx.com\/index.php?rest_route=\/wp\/v2\/users\/1"}],"replies":[{"embeddable":true,"href":"https:\/\/www.bitacoracdmx.com\/index.php?rest_route=%2Fwp%2Fv2%2Fcomments&post=60870"}],"version-history":[{"count":1,"href":"https:\/\/www.bitacoracdmx.com\/index.php?rest_route=\/wp\/v2\/posts\/60870\/revisions"}],"predecessor-version":[{"id":60874,"href":"https:\/\/www.bitacoracdmx.com\/index.php?rest_route=\/wp\/v2\/posts\/60870\/revisions\/60874"}],"wp:featuredmedia":[{"embeddable":true,"href":"https:\/\/www.bitacoracdmx.com\/index.php?rest_route=\/wp\/v2\/media\/60871"}],"wp:attachment":[{"href":"https:\/\/www.bitacoracdmx.com\/index.php?rest_route=%2Fwp%2Fv2%2Fmedia&parent=60870"}],"wp:term":[{"taxonomy":"category","embeddable":true,"href":"https:\/\/www.bitacoracdmx.com\/index.php?rest_route=%2Fwp%2Fv2%2Fcategories&post=60870"},{"taxonomy":"post_tag","embeddable":true,"href":"https:\/\/www.bitacoracdmx.com\/index.php?rest_route=%2Fwp%2Fv2%2Ftags&post=60870"}],"curies":[{"name":"wp","href":"https:\/\/api.w.org\/{rel}","templated":true}]}}