{"id":61169,"date":"2025-03-30T18:41:30","date_gmt":"2025-03-30T18:41:30","guid":{"rendered":"https:\/\/www.bitacoracdmx.com\/?p=61169"},"modified":"2025-03-30T18:41:32","modified_gmt":"2025-03-30T18:41:32","slug":"guerrero-en-los-pinos-una-celebracion-de-cultura-diversidad-y-tradicion","status":"publish","type":"post","link":"https:\/\/www.bitacoracdmx.com\/?p=61169","title":{"rendered":"\u201cGUERRERO EN LOS PINOS\u201d, una celebraci\u00f3n de CULTURA, DIVERSIDAD y TRADICI\u00d3N"},"content":{"rendered":"\n<p><\/p>\n\n\n\n<p>REDACCI\u00d3N<\/p>\n\n\n\n<ul>\n<li>La cuarta edici\u00f3n de la presencia del estado en el Complejo Cultural Los Pinos abri\u00f3 con una vibrante muestra de danzas, m\u00fasicas y tradiciones del estado<\/li>\n<\/ul>\n\n\n\n<p>El Complejo Cultural Los Pinos se visti\u00f3 de color y tradici\u00f3n hoy, s\u00e1bado 29 de marzo de 2025, con la inauguraci\u00f3n de la cuarta edici\u00f3n de \u201cGuerrero en Los Pinos\u201d.<\/p>\n\n\n\n<p>Con una invitaci\u00f3n al p\u00fablico a un festivo recorrido por Calzada Molino del Rey, desde Puerta 5 a Plaza Jacarandas, \u2013encabezado por la subsecretaria de Desarrollo Cultural de la Secretar\u00eda de Cultura del Gobierno de M\u00e9xico, Marina N\u00fa\u00f1ez Bespalova, en representaci\u00f3n de la secretaria de Cultura del Gobierno de M\u00e9xico, Claudia Curiel de Icaza; la secretaria de Cultura del estado de Guerrero, A\u00edda Melina Mart\u00ednez Rebolledo, y la directora del Complejo Cultural Los Pinos, Elisa Lemus Cano\u2013 arranc\u00f3 la presencia del estado en la Residencia del Pueblo de M\u00e9xico.<\/p>\n\n\n\n<p>Algunas de las danzas que se observaron fueron la de las Tlacololeras de Chilpancingo y de Tierra Colorada, tradicionales de Guerrero.&nbsp;<\/p>\n\n\n\n<p>Durante el acto inaugural, Marina N\u00fa\u00f1ez Bespalova destac\u00f3 la importancia del evento, que el presente a\u00f1o celebra a las creadoras, artistas y portadoras culturales guerrerenses, en el marco del A\u00f1o de la Mujer Ind\u00edgena, y subray\u00f3 que tambi\u00e9n es un espacio para honrar la cultura de la entidad y el trabajo de sus comunidades originarias.&nbsp;<\/p>\n\n\n\n<p>\u201cGuerrero tiene una enorme riqueza cultural, no solo por su belleza natural o sus destinos tur\u00edsticos, sino por el legado de sus mujeres ind\u00edgenas que son las verdaderas guardianas de nuestras tradiciones, historia y patrimonio. Esta celebraci\u00f3n no es solo un reconocimiento al arte y la m\u00fasica, tambi\u00e9n al trabajo y la resistencia de quienes, d\u00eda tras d\u00eda, mantienen vivas nuestras ra\u00edces y nuestra identidad\u201d, coment\u00f3.&nbsp;<\/p>\n\n\n\n<p>Por su parte, A\u00edda Melina Mart\u00ednez Rebolledo agradeci\u00f3 la oportunidad de mostrar al pa\u00eds y al mundo la riqueza cultural de Guerrero en un lugar tan emblem\u00e1tico como Los Pinos. Resalt\u00f3 las tradiciones y la calidez del pueblo guerrerense, y subray\u00f3 el valor que tiene para el estado compartir su cultura en el coraz\u00f3n de la Rep\u00fablica Mexicana.<\/p>\n\n\n\n<p>\u201cGuerrero es el color de sus textiles, la riqueza de su gastronom\u00eda, la belleza de sus danzas, y, sobre todo, la calidez de su gente. Hoy, nos sentimos profundamente orgullosos de presentar lo mejor de nuestro estado en un lugar tan representativo. Este evento es solo una peque\u00f1a muestra de todo lo que Guerrero tiene para ofrecer, y nos llena de orgullo que este espacio sea un puente para mostrarlo a todo el pa\u00eds\u201d, indic\u00f3.&nbsp;<\/p>\n\n\n\n<p>Elisa Lemus Cano destac\u00f3 la importancia de abrir las puertas de Los Pinos para celebrar la diversidad cultural de M\u00e9xico, y agradeci\u00f3 la colaboraci\u00f3n de las autoridades guerrerenses en la realizaci\u00f3n del evento.&nbsp;<\/p>\n\n\n\n<p>\u201cEs un honor recibir a Guerrero, un estado vibrante, lleno de color, historia, arte, y, sobre todo, de una gran calidez humana. Este espacio, que es la Casa del Pueblo de M\u00e9xico, se convierte hoy en el punto de encuentro de todas y todos los guerrerenses para compartir lo mejor de su gastronom\u00eda, su arte, sus danzas, y la tradici\u00f3n de sus pueblos. Este 2025, dedicado al A\u00f1o de la Mujer Ind\u00edgena, no podr\u00eda ser un momento m\u00e1s adecuado para rendir homenaje a las mujeres que con su sabidur\u00eda y resistencia son el coraz\u00f3n de nuestras comunidades\u201d, consider\u00f3.<\/p>\n\n\n\n<p>Finalmente, la artista pl\u00e1stica n\u00e1huatl, Gris Romero agradeci\u00f3 la oportunidad de representar a su comunidad misma que destaca por sus tradiciones textiles y gastron\u00f3micas.<\/p>\n\n\n\n<p>\u201cHoy, al estar aqu\u00ed con ustedes, no solo hablo como artista, sino como parte de una comunidad que ha vivido y ha compartido sus tradiciones por generaciones. Guerrero es tierra de historia y de arte, y en cada uno de nuestros tejidos, en cada uno de nuestros platos, est\u00e1 escrita la historia de nuestros pueblos, abuelas y madres. Esta es solo una peque\u00f1a muestra de lo que somos y es un honor poder compartirlo con ustedes. Guerrero es un lugar donde cada hilo y cada color tiene una historia que contar. Y hoy, a trav\u00e9s de nuestro arte, les invitamos a conocerla\u201d, se\u00f1al\u00f3.<\/p>\n\n\n\n<p>Tras las intervenciones, las autoridades acompa\u00f1aron a las y los asistentes en un recorrido por las exposiciones de arte, productos tradicionales y gastronom\u00eda en la Plaza Jacarandas, as\u00ed como al Mercado El Solar (con productos del estado).<\/p>\n\n\n\n<p><strong>La fiesta sigue el domingo&nbsp;<\/strong><\/p>\n\n\n\n<p>\u201cGuerrero en Los Pinos\u201d continuar\u00e1 durante el fin de semana con una variada programaci\u00f3n para todas y todos los asistentes. Est\u00e1 abierta la exposici\u00f3n pict\u00f3rica&nbsp;<em>Intekuane Yaotecatl,&nbsp;<\/em>de la artista pl\u00e1stica Griss Romero, en el Cencalli. En paralelo, se disfrutar\u00e1 de la Muestra y Venta de Cocina Tradicional Guerrerense, en las Cocinas de Humo.<\/p>\n\n\n\n<p>El domingo 30 de marzo, la cita es a partir de las 10:00 h con la muestra y la venta de cocina tradicional y la venta de productores artesanales que estar\u00e1n disponibles hasta las 17:30 h.&nbsp;<\/p>\n\n\n\n<p>Asimismo, a las 10:00 h, se llevar\u00e1 a cabo el conversatorio \u201cPreservaci\u00f3n de la Identidad e Idioma N\u00e1huatl\u201d, en la Plaza Jacarandas, seguido, a las 11:00 h, por la presentaci\u00f3n del libro&nbsp;<em>Una luz en la monta\u00f1a, producci\u00f3n de velas e identidad cultural entre los nahuas de Guerrero<\/em>.<\/p>\n\n\n\n<p>Por la tarde, a las 12:00 h, se proyectar\u00e1 el documental&nbsp;<em>Flores de la Llanura<\/em>, acompa\u00f1ado de un conversatorio-recorrido sobre el Telar de Cintura de Xochistlahuaca, en la Caba\u00f1a 2. Tambi\u00e9n, a las 13:00 h, el grupo tradicional Los Arrieros del Son de Hueycantenango se presentar\u00e1 en la Plaza Jacarandas.<\/p>\n\n\n\n<p>A las 14:00 h, la Danza Tradicional Amuzgo, a cargo del Club Cultural de Danza &#8220;Cachi We Xquen&#8221; de Xochistlahuaca, ser\u00e1 el siguiente n\u00famero en el escenario. Para cerrar el d\u00eda, a las 15:00 h, el grupo musical Kopany Rojas ofrecer\u00e1 su presentaci\u00f3n en la Plaza Jacarandas.<\/p>\n\n\n\n<p>Para conocer m\u00e1s detalles sobre la muestra cultural que rinde homenaje a Guerrero, su gente y su patrimonio, se puede consultar la p\u00e1gina electr\u00f3nica del Complejo Cultural Los Pinos (<a href=\"https:\/\/lospinos.cultura.gob.mx\/\" target=\"_blank\" rel=\"noreferrer noopener\">lospinos.cultura.gob.mx\/<\/a><\/p>\n\n\n\n<p><a href=\"https:\/\/www.facebook.com\/hashtag\/guerreroenlospinos?__eep__=6&amp;__cft__[0]=AZVHJ2mO-taE2X0EY9oMiHWPe_XQezEvd0tDaffNlC1z1j9qV0pWmgJ_pfxzNWQjVNVK-72ckNMttQFh98yzYQeFWHaLJnLbaKYv2_ceZXhoMTiQB-_5MJQyWe1PCelvhBy6-5SDDJFO2Mw0_a5yziHQ&amp;__tn__=*NK-R\">#GuerreroEnLosPinos<\/a><\/p>\n\n\n\n<p><a href=\"https:\/\/www.facebook.com\/hashtag\/secretariadecultura?__eep__=6&amp;__cft__[0]=AZVHJ2mO-taE2X0EY9oMiHWPe_XQezEvd0tDaffNlC1z1j9qV0pWmgJ_pfxzNWQjVNVK-72ckNMttQFh98yzYQeFWHaLJnLbaKYv2_ceZXhoMTiQB-_5MJQyWe1PCelvhBy6-5SDDJFO2Mw0_a5yziHQ&amp;__tn__=*NK-R\">#secretariadecultura<\/a><\/p>\n\n\n\n<p><a href=\"https:\/\/www.facebook.com\/hashtag\/gobiernodemexico?__eep__=6&amp;__cft__[0]=AZVHJ2mO-taE2X0EY9oMiHWPe_XQezEvd0tDaffNlC1z1j9qV0pWmgJ_pfxzNWQjVNVK-72ckNMttQFh98yzYQeFWHaLJnLbaKYv2_ceZXhoMTiQB-_5MJQyWe1PCelvhBy6-5SDDJFO2Mw0_a5yziHQ&amp;__tn__=*NK-R\">#GobiernodeMexico<\/a><\/p>\n\n\n\n<p><a href=\"https:\/\/www.facebook.com\/hashtag\/bitacoracdmx?__eep__=6&amp;__cft__[0]=AZVHJ2mO-taE2X0EY9oMiHWPe_XQezEvd0tDaffNlC1z1j9qV0pWmgJ_pfxzNWQjVNVK-72ckNMttQFh98yzYQeFWHaLJnLbaKYv2_ceZXhoMTiQB-_5MJQyWe1PCelvhBy6-5SDDJFO2Mw0_a5yziHQ&amp;__tn__=*NK-R\">#bitacoracdmx<\/a><\/p>\n\n\n\n<p><a href=\"https:\/\/www.facebook.com\/hashtag\/cdmx?__eep__=6&amp;__cft__[0]=AZVHJ2mO-taE2X0EY9oMiHWPe_XQezEvd0tDaffNlC1z1j9qV0pWmgJ_pfxzNWQjVNVK-72ckNMttQFh98yzYQeFWHaLJnLbaKYv2_ceZXhoMTiQB-_5MJQyWe1PCelvhBy6-5SDDJFO2Mw0_a5yziHQ&amp;__tn__=*NK-R\">#CDMX<\/a><\/p>\n","protected":false},"excerpt":{"rendered":"<p>REDACCI\u00d3N El Complejo Cultural Los Pinos se visti\u00f3 de color y tradici\u00f3n hoy, s\u00e1bado 29 de marzo de 2025, con la inauguraci\u00f3n de la cuarta edici\u00f3n de \u201cGuerrero en Los Pinos\u201d. Con una invitaci\u00f3n al p\u00fablico a un festivo recorrido por Calzada Molino del Rey, desde Puerta 5 a Plaza Jacarandas, \u2013encabezado por la subsecretaria de Desarrollo Cultural de la Secretar\u00eda de Cultura del Gobierno de M\u00e9xico, Marina N\u00fa\u00f1ez Bespalova, en representaci\u00f3n de la secretaria de Cultura del Gobierno de M\u00e9xico, Claudia Curiel de Icaza; la secretaria de Cultura del estado de Guerrero, A\u00edda Melina Mart\u00ednez Rebolledo, y la directora [&hellip;]<\/p>\n","protected":false},"author":1,"featured_media":61170,"comment_status":"closed","ping_status":"closed","sticky":false,"template":"","format":"standard","meta":{"footnotes":""},"categories":[5,9],"tags":[],"_links":{"self":[{"href":"https:\/\/www.bitacoracdmx.com\/index.php?rest_route=\/wp\/v2\/posts\/61169"}],"collection":[{"href":"https:\/\/www.bitacoracdmx.com\/index.php?rest_route=\/wp\/v2\/posts"}],"about":[{"href":"https:\/\/www.bitacoracdmx.com\/index.php?rest_route=\/wp\/v2\/types\/post"}],"author":[{"embeddable":true,"href":"https:\/\/www.bitacoracdmx.com\/index.php?rest_route=\/wp\/v2\/users\/1"}],"replies":[{"embeddable":true,"href":"https:\/\/www.bitacoracdmx.com\/index.php?rest_route=%2Fwp%2Fv2%2Fcomments&post=61169"}],"version-history":[{"count":1,"href":"https:\/\/www.bitacoracdmx.com\/index.php?rest_route=\/wp\/v2\/posts\/61169\/revisions"}],"predecessor-version":[{"id":61171,"href":"https:\/\/www.bitacoracdmx.com\/index.php?rest_route=\/wp\/v2\/posts\/61169\/revisions\/61171"}],"wp:featuredmedia":[{"embeddable":true,"href":"https:\/\/www.bitacoracdmx.com\/index.php?rest_route=\/wp\/v2\/media\/61170"}],"wp:attachment":[{"href":"https:\/\/www.bitacoracdmx.com\/index.php?rest_route=%2Fwp%2Fv2%2Fmedia&parent=61169"}],"wp:term":[{"taxonomy":"category","embeddable":true,"href":"https:\/\/www.bitacoracdmx.com\/index.php?rest_route=%2Fwp%2Fv2%2Fcategories&post=61169"},{"taxonomy":"post_tag","embeddable":true,"href":"https:\/\/www.bitacoracdmx.com\/index.php?rest_route=%2Fwp%2Fv2%2Ftags&post=61169"}],"curies":[{"name":"wp","href":"https:\/\/api.w.org\/{rel}","templated":true}]}}