{"id":61196,"date":"2025-03-30T21:53:59","date_gmt":"2025-03-30T21:53:59","guid":{"rendered":"https:\/\/www.bitacoracdmx.com\/?p=61196"},"modified":"2025-03-30T21:54:01","modified_gmt":"2025-03-30T21:54:01","slug":"presenta-secretaria-de-cultura-capitalina-primera-edicion-de-transeunte-escena-en-comunidad-con-artes-escenicas-en-espacios-publicos","status":"publish","type":"post","link":"https:\/\/www.bitacoracdmx.com\/?p=61196","title":{"rendered":"Presenta SECRETAR\u00cdA DE CULTURA CAPITALINA PRIMERA EDICI\u00d3N de \u201cTRANSE\u00daNTE: ESCENA EN COMUNIDAD\u201d con ARTES ESC\u00c9NICAS en ESPACIOS P\u00daBLICOS"},"content":{"rendered":"\n<p><\/p>\n\n\n\n<p>REDACCI\u00d3N<\/p>\n\n\n\n<ul>\n<li>En la primera edici\u00f3n participa la compa\u00f1\u00eda teatral F\u00e1brica Esc\u00e9nica; la compa\u00f1\u00eda Frenes\u00ed: plataforma feminista contempor\u00e1nea; Asalto Diario A.C; el cabaret de Madame Chiang; la m\u00fasica de La Non Plus Ultra Orkesta; y el Coro Gay de la Ciudad de M\u00e9xico<\/li>\n<\/ul>\n\n\n\n<ul>\n<li>Con funciones de entrada libre, el ciclo ofrecer\u00e1 diversas artes esc\u00e9nicas como teatro, danza, cabaret y m\u00fasica que se presentar\u00e1n en espacios p\u00fablicos de la capital con entrada libre todos los s\u00e1bados y domingos del 29 de marzo al 27 de abril<\/li>\n<\/ul>\n\n\n\n<p>Para llevar las artes esc\u00e9nicas y la m\u00fasica al espacio p\u00fablico y promover el goce de los derechos culturales de las y los habitantes de colonias, pueblos, barrios y unidades habitacionales de la capital, la <strong>Secretar\u00eda de Cultura de la Ciudad de M\u00e9xico<\/strong>, a trav\u00e9s de la <strong>Direcci\u00f3n del Sistema de Teatros<\/strong>, presenta la <strong>primera edici\u00f3n<\/strong> de <strong>TRANSE\u00daNTE: <\/strong><strong><em>Escena en Comunidad,<\/em><\/strong> un proyecto que ofrecer\u00e1 funciones de teatro, cabaret, danza y presentaciones musicales de entrada libre los <strong>s\u00e1bados y domingos<\/strong>, de 11 a 15 horas, del <strong>29 de marzo al 27 de abril<\/strong>.<\/p>\n\n\n\n<p>Para esta primera edici\u00f3n se seleccionaron seis proyectos de danza, cabaret y m\u00fasica: \u201cUnipersonales\u201d de la Compa\u00f1\u00eda F\u00e1brica Escena; \u201cInstrucciones para mantener la calma\u201d de la Compa\u00f1\u00eda Frenes\u00ed: plataforma feminista de danza contempor\u00e1nea; La Non Plus Ultra Orkesta, con la direcci\u00f3n musical de David Soto; Eco Cuadrilla de Asalto Diario A.C; Retro Cabaret de la directora Madame Chiang; y el Coro Gay de la Ciudad de M\u00e9xico.<\/p>\n\n\n\n<p>La programaci\u00f3n comenzar\u00e1 el <strong>s\u00e1bado 29 de marzo<\/strong> de manera simult\u00e1nea en el Centro Hist\u00f3rico, con funciones de danza a las 11:00 y 13:00 horas en la <strong>Fuente de las Am\u00e9ricas de la Alameda Central<\/strong> con \u201cUnipersonales\u201d de F\u00e1brica Escena, una reflexi\u00f3n esc\u00e9nica que aborda las fronteras culturales que unen y separan, explorando s\u00edmbolos y tradiciones como mapas de pertenencia.<\/p>\n\n\n\n<p>Asimismo, en la <strong>Plaza Sebasti\u00e1n Lerdo de Tejada<\/strong>, en Xicot\u00e9ncatl y Donceles, se presentar\u00e1 \u201cInstrucciones para mantener la calma\u201d de Frenes\u00ed: plataforma feminista contempor\u00e1nea, es un movimiento coreo-pol\u00edtico que desaf\u00eda las convenciones del tiempo y el espacio para reflexionar con el entorno.&nbsp;&nbsp;<\/p>\n\n\n\n<p>Tambi\u00e9n el s\u00e1bado 29 de marzo, a las 12:00 horas, las sedes contar\u00e1n, respectivamente, con la m\u00fasica de La Non Plus Ultra Orkesta, bajo la direcci\u00f3n musical de David Soto, un espect\u00e1culo sonoro y visual en el que la agrupaci\u00f3n fusiona el folk, swing, ska y jazz manouche para crear una experiencia inmersiva; y Retro Cabaret, de Madame Chiang, en la que se conjuga la m\u00fasica y la poes\u00eda.&nbsp;<\/p>\n\n\n\n<p>A las 13:00 horas, en el Mercado Lagunilla San Camilito, toca el turno de Eco Cuadrilla, dirigido por Miguel \u00c1ngel D\u00edaz y Claudia V\u00e1zquez de Asalto Diario, una propuesta coreogr\u00e1fica que muestra una brigada de limpieza, cuya misi\u00f3n ser\u00e1 sensibilizar sobre la crisis ambiental ocasionada por la competencia desmedida de los supermercados.&nbsp;<\/p>\n\n\n\n<p>Las actividades contin\u00faan el <strong>domingo 30 de marzo,<\/strong> en la <strong>Fuente de Mercurio en la Alameda Central,<\/strong> a partir de las 11:00 horas con las presentaciones \u201cUnipersonales\u201d, seguidas por el grupo La Non Plus Ultra Orkesta, a las 12:00 horas;&nbsp; Retro Cabaret, a las 13:00 horas y para cerrar, \u201cInstrucciones para mantener la calma\u201d, a las 14:00 horas.&nbsp;<\/p>\n\n\n\n<p>Para cerrar el primer fin de semana, a las 13:00 horas, \u201cEco Cuadrilla\u201d volver\u00e1 a presentarse ahora en el Mercado Mixcalco, en Avenida Circunvalaci\u00f3n s\/n, entre Mixcalco y Guatemala, en el Centro.<\/p>\n\n\n\n<p>Como artistas invitados, estar\u00e1n presentes el Coro Gay de la Ciudad de M\u00e9xico que presenta su espect\u00e1culo <em>Camino a v\u00e9rtices, <\/em>una propuesta musical que desaf\u00eda los prejuicios y celebra la vida. A trav\u00e9s de sus voces, los integrantes del coro invitan a reflexionar sobre la importancia de la empat\u00eda y la solidaridad.&nbsp;<\/p>\n\n\n\n<p>En \u201cInstrucciones para mantener la calma\u201d de Frenes\u00ed: plafatorma feminista, participan 10 mujeres performers llamadas \u201cLas calmitas\u201d que transitan cadenciosas y lentas para invitar a los transe\u00fantes a encontrar su espacio con calma; mientras que \u201cEco Cuadrilla\u201d de Asalto Diario son bailarinas y bailarines que promueven el uso de bolsas y servilletas de tela, el reciclaje y la reducci\u00f3n del uso de pl\u00e1stico. Finalmente, Madame Chiang une la picard\u00eda, la cr\u00edtica humor\u00edstica y divertidas canciones del cabaret.&nbsp;<\/p>\n\n\n\n<p>De acuerdo con las pol\u00edticas de la <strong>jefa de Gobierno, Clara Brugada,<\/strong> a trav\u00e9s de este proyecto se busca promover la creaci\u00f3n y difusi\u00f3n de estas disciplinas art\u00edsticas, incentivar la participaci\u00f3n de creadoras y creadores locales y nacionales, e impulsar actividades que fomenten la inclusi\u00f3n en las pr\u00e1cticas creativas y culturales entre la poblaci\u00f3n.\u00a0<br>Esta primera edici\u00f3n de <em>Transe\u00fante: Escena en Comunidad<\/em>, las presentaciones culturales y art\u00edsticas de entrada libre continuar\u00e1n todos los fines de semana hasta el 27 de abril en distintos espacios p\u00fablicos de la capital.<\/p>\n\n\n\n<p><a href=\"https:\/\/www.facebook.com\/hashtag\/transeunteescenaencomunidad?__eep__=6&amp;__cft__[0]=AZVLWgf3AWKyDZnafampYkCO0lFUbbQtH6rN6hib3_wyY9s4soNej4oAS9N3NhIwHnm3R_7XNuKu2Izrqv8WoLeCVe5UYBTal1fcx46IHW4ohNdh-xp3BcPkMIYruPTV06z8mxTrlE3SSK8JPFUWMq7MFJLI45G4QAEDDV8VnFpbKQ&amp;__tn__=*NK-R\">#transeunteescenaencomunidad<\/a><\/p>\n\n\n\n<p><a href=\"https:\/\/www.facebook.com\/hashtag\/secretariadeculturacdmx?__eep__=6&amp;__cft__[0]=AZVLWgf3AWKyDZnafampYkCO0lFUbbQtH6rN6hib3_wyY9s4soNej4oAS9N3NhIwHnm3R_7XNuKu2Izrqv8WoLeCVe5UYBTal1fcx46IHW4ohNdh-xp3BcPkMIYruPTV06z8mxTrlE3SSK8JPFUWMq7MFJLI45G4QAEDDV8VnFpbKQ&amp;__tn__=*NK-R\">#secretariadeculturacdmx<\/a><\/p>\n\n\n\n<p><a href=\"https:\/\/www.facebook.com\/hashtag\/bitacoracdmx?__eep__=6&amp;__cft__[0]=AZVLWgf3AWKyDZnafampYkCO0lFUbbQtH6rN6hib3_wyY9s4soNej4oAS9N3NhIwHnm3R_7XNuKu2Izrqv8WoLeCVe5UYBTal1fcx46IHW4ohNdh-xp3BcPkMIYruPTV06z8mxTrlE3SSK8JPFUWMq7MFJLI45G4QAEDDV8VnFpbKQ&amp;__tn__=*NK-R\">#bitacoracdmx<\/a><\/p>\n\n\n\n<p><a href=\"https:\/\/www.facebook.com\/hashtag\/cdmx?__eep__=6&amp;__cft__[0]=AZVLWgf3AWKyDZnafampYkCO0lFUbbQtH6rN6hib3_wyY9s4soNej4oAS9N3NhIwHnm3R_7XNuKu2Izrqv8WoLeCVe5UYBTal1fcx46IHW4ohNdh-xp3BcPkMIYruPTV06z8mxTrlE3SSK8JPFUWMq7MFJLI45G4QAEDDV8VnFpbKQ&amp;__tn__=*NK-R\">#CDMX<\/a><\/p>\n","protected":false},"excerpt":{"rendered":"<p>REDACCI\u00d3N Para llevar las artes esc\u00e9nicas y la m\u00fasica al espacio p\u00fablico y promover el goce de los derechos culturales de las y los habitantes de colonias, pueblos, barrios y unidades habitacionales de la capital, la Secretar\u00eda de Cultura de la Ciudad de M\u00e9xico, a trav\u00e9s de la Direcci\u00f3n del Sistema de Teatros, presenta la primera edici\u00f3n de TRANSE\u00daNTE: Escena en Comunidad, un proyecto que ofrecer\u00e1 funciones de teatro, cabaret, danza y presentaciones musicales de entrada libre los s\u00e1bados y domingos, de 11 a 15 horas, del 29 de marzo al 27 de abril. Para esta primera edici\u00f3n se seleccionaron [&hellip;]<\/p>\n","protected":false},"author":1,"featured_media":61197,"comment_status":"closed","ping_status":"closed","sticky":false,"template":"","format":"standard","meta":{"footnotes":""},"categories":[5,4,9],"tags":[],"_links":{"self":[{"href":"https:\/\/www.bitacoracdmx.com\/index.php?rest_route=\/wp\/v2\/posts\/61196"}],"collection":[{"href":"https:\/\/www.bitacoracdmx.com\/index.php?rest_route=\/wp\/v2\/posts"}],"about":[{"href":"https:\/\/www.bitacoracdmx.com\/index.php?rest_route=\/wp\/v2\/types\/post"}],"author":[{"embeddable":true,"href":"https:\/\/www.bitacoracdmx.com\/index.php?rest_route=\/wp\/v2\/users\/1"}],"replies":[{"embeddable":true,"href":"https:\/\/www.bitacoracdmx.com\/index.php?rest_route=%2Fwp%2Fv2%2Fcomments&post=61196"}],"version-history":[{"count":1,"href":"https:\/\/www.bitacoracdmx.com\/index.php?rest_route=\/wp\/v2\/posts\/61196\/revisions"}],"predecessor-version":[{"id":61198,"href":"https:\/\/www.bitacoracdmx.com\/index.php?rest_route=\/wp\/v2\/posts\/61196\/revisions\/61198"}],"wp:featuredmedia":[{"embeddable":true,"href":"https:\/\/www.bitacoracdmx.com\/index.php?rest_route=\/wp\/v2\/media\/61197"}],"wp:attachment":[{"href":"https:\/\/www.bitacoracdmx.com\/index.php?rest_route=%2Fwp%2Fv2%2Fmedia&parent=61196"}],"wp:term":[{"taxonomy":"category","embeddable":true,"href":"https:\/\/www.bitacoracdmx.com\/index.php?rest_route=%2Fwp%2Fv2%2Fcategories&post=61196"},{"taxonomy":"post_tag","embeddable":true,"href":"https:\/\/www.bitacoracdmx.com\/index.php?rest_route=%2Fwp%2Fv2%2Ftags&post=61196"}],"curies":[{"name":"wp","href":"https:\/\/api.w.org\/{rel}","templated":true}]}}